{"id":18305,"date":"2015-12-21T12:30:45","date_gmt":"2015-12-21T17:30:45","guid":{"rendered":"https:\/\/arcoiris.com.co\/v3\/?p=18305"},"modified":"2019-08-26T15:08:17","modified_gmt":"2019-08-26T20:08:17","slug":"resultado-de-encuesta-acuerdo-del-cambio-climatico-firmado-por-195-paises","status":"publish","type":"post","link":"https:\/\/arcoiris.com.co\/v3\/2015\/12\/resultado-de-encuesta-acuerdo-del-cambio-climatico-firmado-por-195-paises\/","title":{"rendered":"Resultado de Encuesta: Acuerdo del cambio clim\u00e1tico firmado por 195 pa\u00edses"},"content":{"rendered":"<p style=\"text-align: justify;\">El fin de semana pasado se firm\u00f3 en\u00a0la Conferencia Internacional sobre Cambio Clim\u00e1tico n\u00famero 21 (Conferencia de las Partes -COP21-) en par\u00eds el acuerdo que compromete a un aproximado de 200 pa\u00edses, ayudar a disminuir el calentamiento global.<\/p>\n<p style=\"text-align: justify;\">Aunque en a\u00f1os pasados se firmaron acuerdos, esos pactos no se cumplieron y es por ello que en esta ocasi\u00f3n varias caracter\u00edsticas de \u00e9ste son nuevas, de manera que los pa\u00edses comprometidos tengan el deber, s\u00ed o s\u00ed de cumplir con lo establecido en el acuerdo, acuerdo que se compone de: No permitir que la temperatura global se acerque a los dos grados cent\u00edgrados. El acuerdo es jur\u00eddicamente vinculante para los pa\u00edses firmantes, es decir, que el texto final firmado en Par\u00eds tiene efectos legales sobre los pa\u00edses que se comprometieron. Fondos cercanos a los US$100.000 millones para los pa\u00edses en desarrollo a partir de 2020 y por \u00faltimo se revisar\u00e1 cada cinco a\u00f1os, encuentros en los que fijar\u00e1n los objetivos nacionales (de cada pa\u00eds) para reducir la emisi\u00f3n de gases de efecto invernadero. 186 de los 195 pa\u00edses participantes en la cumbre ya lo han hecho. (Ver <em><a href=\"http:\/\/www.bbc.com\/mundo\/noticias\/2015\/12\/151211_cumbre_clima_paris_cop21_acuerdo_az\" target=\"_blank\" rel=\"noopener noreferrer\">COP21: aprueban hist\u00f3rico acuerdo contra el cambio clim\u00e1tico en la cumbre de Par\u00eds<\/a><\/em>)<\/p>\n<p style=\"text-align: justify;\">Colombia se comprometi\u00f3 a reducir las emisiones de gases efecto invernadero en un 20 % con respecto a las emisiones proyectadas para el a\u00f1o 2030 as\u00ed como tambi\u00e9n se comprometi\u00f3 a incluir en el 100 % del territorio nacional planes de cambio clim\u00e1tico, monitoreados mediante un Sistema Nacional de Indicadores de Adaptaci\u00f3n. (Ver\u00a0<em><strong><a href=\"https:\/\/arcoiris.com.co\/v3\/2015\/12\/mas-de-190-paises-comprometidos-con-el-cambio-climatico\/\" target=\"_blank\" rel=\"noopener noreferrer\">M\u00e1s de 190 pa\u00edses comprometidos con el cambio clim\u00e1tico<\/a><\/strong><\/em>)<\/p>\n<p style=\"text-align: justify;\">Debido a este hist\u00f3rico acuerdo se realiz\u00f3 la encuesta semanal que inici\u00f3 el lunes 14 y termin\u00f3 hoy, lunes 21 de diciembre arrojando los siguientes resultados:<\/p>\n<p style=\"text-align: justify;\">[poll id=\u00bb17&#8243;]\n<p style=\"text-align: justify;\">As\u00ed como cada semana, los invitamos a seguir participando de la encuesta virtual que se rota cada lunes, encuesta que\u00a0encuentran en la parte superior del lateral izquierdo. de nuestro portal<\/p>\n<p>Gracias por votar.<\/p>\n","protected":false},"excerpt":{"rendered":"<p>El fin de semana pasado se firm\u00f3 en\u00a0la Conferencia Internacional sobre Cambio Clim\u00e1tico n\u00famero 21 (Conferencia de las Partes -COP21-) en par\u00eds el acuerdo que compromete a un aproximado de 200 pa\u00edses, ayudar a disminuir el calentamiento global. Aunque en a\u00f1os pasados se firmaron acuerdos, esos pactos no se cumplieron y es por ello que [&hellip;]<\/p>\n","protected":false},"author":51,"featured_media":0,"comment_status":"closed","ping_status":"closed","sticky":false,"template":"","format":"standard","meta":{"_et_pb_use_builder":"","_et_pb_old_content":"","_et_gb_content_width":"","footnotes":""},"categories":[1,462,41,19],"tags":[],"class_list":["post-18305","post","type-post","status-publish","format-standard","hentry","category-uncategorized","category-destacado","category-territorio-y-desarrollo","category-tierras"],"_links":{"self":[{"href":"https:\/\/arcoiris.com.co\/v3\/wp-json\/wp\/v2\/posts\/18305","targetHints":{"allow":["GET"]}}],"collection":[{"href":"https:\/\/arcoiris.com.co\/v3\/wp-json\/wp\/v2\/posts"}],"about":[{"href":"https:\/\/arcoiris.com.co\/v3\/wp-json\/wp\/v2\/types\/post"}],"author":[{"embeddable":true,"href":"https:\/\/arcoiris.com.co\/v3\/wp-json\/wp\/v2\/users\/51"}],"replies":[{"embeddable":true,"href":"https:\/\/arcoiris.com.co\/v3\/wp-json\/wp\/v2\/comments?post=18305"}],"version-history":[{"count":0,"href":"https:\/\/arcoiris.com.co\/v3\/wp-json\/wp\/v2\/posts\/18305\/revisions"}],"wp:attachment":[{"href":"https:\/\/arcoiris.com.co\/v3\/wp-json\/wp\/v2\/media?parent=18305"}],"wp:term":[{"taxonomy":"category","embeddable":true,"href":"https:\/\/arcoiris.com.co\/v3\/wp-json\/wp\/v2\/categories?post=18305"},{"taxonomy":"post_tag","embeddable":true,"href":"https:\/\/arcoiris.com.co\/v3\/wp-json\/wp\/v2\/tags?post=18305"}],"curies":[{"name":"wp","href":"https:\/\/api.w.org\/{rel}","templated":true}]}}