{"id":18315,"date":"2015-12-23T13:30:11","date_gmt":"2015-12-23T18:30:11","guid":{"rendered":"https:\/\/arcoiris.com.co\/v3\/?p=18315"},"modified":"2019-08-26T15:08:16","modified_gmt":"2019-08-26T20:08:16","slug":"los-territorios-dentro-del-tema-minero-energetico","status":"publish","type":"post","link":"https:\/\/arcoiris.com.co\/v3\/2015\/12\/los-territorios-dentro-del-tema-minero-energetico\/","title":{"rendered":"Los territorios dentro del tema Minero Energ\u00e9tico"},"content":{"rendered":"<div id=\"attachment_18319\" style=\"width: 1185px\" class=\"wp-caption aligncenter\"><a href=\"https:\/\/arcoiris.com.co\/v3\/wp-content\/uploads\/2015\/12\/Sin-t\u00edtulo-4.png\" target=\"_blank\" rel=\"attachment wp-att-18319 noopener noreferrer\"><img loading=\"lazy\" decoding=\"async\" aria-describedby=\"caption-attachment-18319\" class=\"size-full wp-image-18319\" src=\"https:\/\/arcoiris.com.co\/v3\/wp-content\/uploads\/2015\/12\/Sin-t\u00edtulo-4.png\" alt=\"Imagen tomada del portal de Redprodepaz\" width=\"1175\" height=\"218\" srcset=\"https:\/\/arcoiris.com.co\/v3\/wp-content\/uploads\/2015\/12\/Sin-t\u00edtulo-4.png 1175w, https:\/\/arcoiris.com.co\/v3\/wp-content\/uploads\/2015\/12\/Sin-t\u00edtulo-4-300x56.png 300w, https:\/\/arcoiris.com.co\/v3\/wp-content\/uploads\/2015\/12\/Sin-t\u00edtulo-4-768x142.png 768w, https:\/\/arcoiris.com.co\/v3\/wp-content\/uploads\/2015\/12\/Sin-t\u00edtulo-4-640x119.png 640w\" sizes=\"(max-width: 1175px) 100vw, 1175px\" \/><\/a><p id=\"caption-attachment-18319\" class=\"wp-caption-text\">Imagen tomada del portal de Redprodepaz<\/p><\/div>\n<p style=\"text-align: justify;\">La \u00faltima Mesa del Di\u00e1logo Nacional Minero Energ\u00e9tico \u2013DNME- tuvo como pilar \u201cLa participaci\u00f3n ciudadana y los espacios de concertaci\u00f3n social en el Sector Minero Energ\u00e9tico\u201d.<\/p>\n<p style=\"text-align: justify;\">Esta mesa se llev\u00f3 a cabo en las instalaciones de la Red Nacional de Programas Regionales de Desarrollo y Paz \u2013Redprodepaz- el s\u00e1bado 12 de noviembre del a\u00f1o en curso.<\/p>\n<p style=\"text-align: justify;\">Con la participaci\u00f3n de diferentes actores de la sociedad civil, como lo son entidades p\u00fablicas, organizaciones empresariales, entes de Cooperaci\u00f3n Internacional y organizaciones de la sociedad, se abre este espacio cada dos meses para que se eval\u00faen y establezcan tanto las soluciones como las conclusiones del tema planteado, en esta ocasi\u00f3n el de, La participaci\u00f3n ciudadana y los espacios de concertaci\u00f3n social en el Sector Minero Energ\u00e9tico.<\/p>\n<p style=\"text-align: justify;\">Por un lado se habl\u00f3 sobre el Tercer Encuentro con empresarios a favor de acuerdos sostenibles para el di\u00e1logo constructivo para Arauca, que se realiza bajo el marco de la, Alianza Arauca, integrada por varias organizaciones de la sociedad civil, como lo son el Cinep, AFP, Consornoc, Puentes para la Paz y la misma Redprodepaz y que tuvo como objetivo generar una acci\u00f3n sin da\u00f1o en el territorio y coordinar unos di\u00e1logos constructivos en funci\u00f3n de la reconciliaci\u00f3n, construcci\u00f3n del tejido social y el avance regional, una de los resultados de dicho encuentro es que una de las razones por las cu\u00e1les las negociaciones entre los actores no prosperan es por el incumplimiento de lo pactado por alguna de las partes.<\/p>\n<p style=\"text-align: justify;\">Entre las siete conclusiones de los encuentros est\u00e1n: Cambiar la din\u00e1mica de confrontaci\u00f3n en los di\u00e1logos, es necesario formar para el di\u00e1logo constructivo, determinando qu\u00e9 roles se necesitan cumplir para llevarlo a cabo, existe un impacto social y ambiental de las empresas en la regi\u00f3n, sin embargo \u00e9ste no se ha cuantificado, ni existen investigaciones que permitan tener claridad sobre la magnitud de este tema, se necesita realizar una reforma a la Consulta Previa para que no recaiga la responsabilidad sobre las empresas, sino sea el Gobierno quien la garantice, entre otras. (Ver <em><a href=\"https:\/\/arcoiris.com.co\/v3\/wp-content\/uploads\/2015\/12\/Tercer-Encuentro-con-empresarios-a-favor-de-acuerdos-sostenibles-para-el-di\u00e1logo-constructivo-para-Arauca-Puentes-por-la-Paz-.pdf\" target=\"_blank\" rel=\"noopener noreferrer\">Tercer Encuentro con empresarios a favor de acuerdos sostenibles para el di\u00e1logo constructivo para Arauca Puentes por la Paz<\/a><\/em>)<\/p>\n<p style=\"text-align: justify;\">Por otro lado, en esta Mesa de Di\u00e1logo, se tuvo una aproximaci\u00f3n para entender el Di\u00e1logo Social en el Sector minero y en el contexto Colombiano- Unidad Nacional de Planeaci\u00f3n Minero Energ\u00e9tico (UPME), quienes decidieron lanzar una convocatoria apoyada por la Embajada de Canad\u00e1 en septiembre del 2014 sobre Estudios del Di\u00e1logo Social y el Posconflicto. \u201cEn este sentido, el CIDER postul\u00f3 su propuesta denominada Di\u00e1logo Social en el Contexto Minero y en la Construcci\u00f3n de Paz en Colombia, la cual permitiera emitir un concepto de Di\u00e1logo Social en el Sector Minero y su contribuci\u00f3n a las partes interesadas\u201d, como lo expresa Redprodepaz. (Ver <em><a href=\"https:\/\/arcoiris.com.co\/v3\/wp-content\/uploads\/2015\/12\/Aproximanci\u00f3n-al-Dialogo-Social-UPME.pdf\" target=\"_blank\" rel=\"noopener noreferrer\">Aproximanci\u00f3n al Dialogo Social UPME<\/a><\/em>)<\/p>\n<p style=\"text-align: justify;\">Finalmente se llega a la conclusi\u00f3n que \u201cel di\u00e1logo social consolida un acuerdo espec\u00edfico que se pueda usar dentro de los procesos de gobernanza del territorio y produce informaci\u00f3n espec\u00edfica e instrumentalizable\u201d que sirva para que en los territorios el desarrollo de las propuestas sean eficaces siempre y cuando se unan todos los sectores de la sociedad civil, tanto los privados como los p\u00fablicos.<\/p>\n<p style=\"text-align: justify;\">En esta Mesa del Di\u00e1logo Nacional Minero Energ\u00e9tico tambi\u00e9n se abordaron temas como:<\/p>\n<ul style=\"text-align: justify;\">\n<li>Avances del proceso de Asamblea Nacional por la Paz- Rutas de sostenibilidad e incidencia proyectadas post Asamblea- Uni\u00f3n Sindical Obrera (USO).<\/li>\n<li>La participaci\u00f3n ciudadana efectiva para una miner\u00eda influyente: Propuestas para una visi\u00f3n compartida sobre miner\u00eda en Colombia- Grupo de Di\u00e1logo sobre Miner\u00eda en Colombia (GDIAM).<\/li>\n<li>La prospectiva del DNME para 2016<\/li>\n<\/ul>\n<p style=\"text-align: justify;\">Ver\u00a0<em><a href=\"https:\/\/arcoiris.com.co\/v3\/wp-content\/uploads\/2015\/12\/Memoria-IV-DNME.pdf\" target=\"_blank\" rel=\"noopener noreferrer\">Memoria IV DNME<\/a><\/em><\/p>\n","protected":false},"excerpt":{"rendered":"<p>La \u00faltima Mesa del Di\u00e1logo Nacional Minero Energ\u00e9tico \u2013DNME- tuvo como pilar \u201cLa participaci\u00f3n ciudadana y los espacios de concertaci\u00f3n social en el Sector Minero Energ\u00e9tico\u201d. Esta mesa se llev\u00f3 a cabo en las instalaciones de la Red Nacional de Programas Regionales de Desarrollo y Paz \u2013Redprodepaz- el s\u00e1bado 12 de noviembre del a\u00f1o en [&hellip;]<\/p>\n","protected":false},"author":51,"featured_media":18319,"comment_status":"closed","ping_status":"closed","sticky":false,"template":"","format":"standard","meta":{"_et_pb_use_builder":"","_et_pb_old_content":"","_et_gb_content_width":"","footnotes":""},"categories":[1,462,41,19],"tags":[],"class_list":["post-18315","post","type-post","status-publish","format-standard","has-post-thumbnail","hentry","category-uncategorized","category-destacado","category-territorio-y-desarrollo","category-tierras"],"_links":{"self":[{"href":"https:\/\/arcoiris.com.co\/v3\/wp-json\/wp\/v2\/posts\/18315","targetHints":{"allow":["GET"]}}],"collection":[{"href":"https:\/\/arcoiris.com.co\/v3\/wp-json\/wp\/v2\/posts"}],"about":[{"href":"https:\/\/arcoiris.com.co\/v3\/wp-json\/wp\/v2\/types\/post"}],"author":[{"embeddable":true,"href":"https:\/\/arcoiris.com.co\/v3\/wp-json\/wp\/v2\/users\/51"}],"replies":[{"embeddable":true,"href":"https:\/\/arcoiris.com.co\/v3\/wp-json\/wp\/v2\/comments?post=18315"}],"version-history":[{"count":0,"href":"https:\/\/arcoiris.com.co\/v3\/wp-json\/wp\/v2\/posts\/18315\/revisions"}],"wp:featuredmedia":[{"embeddable":true,"href":"https:\/\/arcoiris.com.co\/v3\/wp-json\/wp\/v2\/media\/18319"}],"wp:attachment":[{"href":"https:\/\/arcoiris.com.co\/v3\/wp-json\/wp\/v2\/media?parent=18315"}],"wp:term":[{"taxonomy":"category","embeddable":true,"href":"https:\/\/arcoiris.com.co\/v3\/wp-json\/wp\/v2\/categories?post=18315"},{"taxonomy":"post_tag","embeddable":true,"href":"https:\/\/arcoiris.com.co\/v3\/wp-json\/wp\/v2\/tags?post=18315"}],"curies":[{"name":"wp","href":"https:\/\/api.w.org\/{rel}","templated":true}]}}