{"id":18365,"date":"2015-12-30T12:00:09","date_gmt":"2015-12-30T17:00:09","guid":{"rendered":"https:\/\/arcoiris.com.co\/v3\/?p=18365"},"modified":"2019-08-26T15:08:16","modified_gmt":"2019-08-26T20:08:16","slug":"homenaje-a-lideres-indigenas","status":"publish","type":"post","link":"https:\/\/arcoiris.com.co\/v3\/2015\/12\/homenaje-a-lideres-indigenas\/","title":{"rendered":"Homenaje a l\u00edderes ind\u00edgenas"},"content":{"rendered":"<p style=\"text-align: justify;\"><a href=\"https:\/\/arcoiris.com.co\/v3\/wp-content\/uploads\/2015\/12\/CWYB5GnWcAAH8q4.jpg\" target=\"_blank\" rel=\"attachment wp-att-18366 noopener noreferrer\"><img loading=\"lazy\" decoding=\"async\" class=\"aligncenter size-full wp-image-18366\" src=\"https:\/\/arcoiris.com.co\/v3\/wp-content\/uploads\/2015\/12\/CWYB5GnWcAAH8q4.jpg\" alt=\"CWYB5GnWcAAH8q4\" width=\"600\" height=\"600\" srcset=\"https:\/\/arcoiris.com.co\/v3\/wp-content\/uploads\/2015\/12\/CWYB5GnWcAAH8q4.jpg 600w, https:\/\/arcoiris.com.co\/v3\/wp-content\/uploads\/2015\/12\/CWYB5GnWcAAH8q4-100x100.jpg 100w, https:\/\/arcoiris.com.co\/v3\/wp-content\/uploads\/2015\/12\/CWYB5GnWcAAH8q4-300x300.jpg 300w, https:\/\/arcoiris.com.co\/v3\/wp-content\/uploads\/2015\/12\/CWYB5GnWcAAH8q4-70x70.jpg 70w\" sizes=\"(max-width: 600px) 100vw, 600px\" \/><\/a><br \/>\nEl Colectivo de Abogados \u00abJos\u00e9 Alvear Restrepo\u00bb \u2013CAJAR-, realiz\u00f3 una\u00a0campa\u00f1a con el prop\u00f3sito de visibilizar los hechos tr\u00e1gicos del Caloto.<\/p>\n<p style=\"text-align: justify;\">Con el eslogan \u201c#ParaAbrazarLaTierra\u201d, Cajar logr\u00f3 ilustrar\u00a0tanto la resistencia del pueblo Nasa como lo ocurrido durante la masacre del municipio caucano, Caloto.<\/p>\n<p style=\"text-align: justify;\">Con la publicaci\u00f3n y movimiento en redes sociales de im\u00e1genes con las que se homenajearon a las v\u00edctimas de la masacre, que despu\u00e9s de 24 a\u00f1os no se olvidan, trayendo a la memoria el momento en el que dos agentes de Polic\u00eda y un comando paramilitar asesinaron a 20 ind\u00edgenas del pueblo Nasa en la Hacienda El Nilo.<\/p>\n<p style=\"text-align: justify;\">Esta campa\u00f1a dur\u00f3 nueve d\u00edas, paralela a la novena, en el que se divulg\u00f3 de igual forma las im\u00e1genes de l\u00edderes del pueblo Nasa\u00a0asesinados.<\/p>\n<p style=\"text-align: justify;\">El Colectivo public\u00f3 en su portal web el informe especial <em><strong><a href=\"http:\/\/www.colectivodeabogados.org\/?-Rostros-de-la-resisencia-nasa-a-traves-de-los-siglos-\" target=\"_blank\" rel=\"noopener noreferrer\">Rostros de la resistencia Nasa a trav\u00e9s de los siglos<\/a><\/strong><\/em>, en el que el p\u00fablico puede ver los ind\u00edgenas representativos del Pueblo y apreciar cada una de las ense\u00f1anzas dejadas al mundo.<\/p>\n<p style=\"text-align: justify;\">A continuaci\u00f3n pueden observar algunas im\u00e1genes importantes:<\/p>\n<p style=\"text-align: justify;\"><a href=\"https:\/\/arcoiris.com.co\/v3\/wp-content\/uploads\/2015\/12\/Juan-Tama-0-00-11-23.jpg\" target=\"_blank\" rel=\"attachment wp-att-18370 noopener noreferrer\"><img loading=\"lazy\" decoding=\"async\" class=\"wp-image-18370 size-medium aligncenter\" src=\"https:\/\/arcoiris.com.co\/v3\/wp-content\/uploads\/2015\/12\/Juan-Tama-0-00-11-23-300x150.jpg\" alt=\"Juan Tama (0-00-11-23)\" width=\"300\" height=\"150\" srcset=\"https:\/\/arcoiris.com.co\/v3\/wp-content\/uploads\/2015\/12\/Juan-Tama-0-00-11-23-300x150.jpg 300w, https:\/\/arcoiris.com.co\/v3\/wp-content\/uploads\/2015\/12\/Juan-Tama-0-00-11-23-768x384.jpg 768w, https:\/\/arcoiris.com.co\/v3\/wp-content\/uploads\/2015\/12\/Juan-Tama-0-00-11-23-640x320.jpg 640w, https:\/\/arcoiris.com.co\/v3\/wp-content\/uploads\/2015\/12\/Juan-Tama-0-00-11-23.jpg 1000w\" sizes=\"(max-width: 300px) 100vw, 300px\" \/><\/a>\u00a0<a href=\"https:\/\/arcoiris.com.co\/v3\/wp-content\/uploads\/2015\/12\/Cacica-Gaitana-0-00-11-23.jpg\" target=\"_blank\" rel=\"attachment wp-att-18367 noopener noreferrer\"><img loading=\"lazy\" decoding=\"async\" class=\"size-medium wp-image-18367 aligncenter\" src=\"https:\/\/arcoiris.com.co\/v3\/wp-content\/uploads\/2015\/12\/Cacica-Gaitana-0-00-11-23-300x150.jpg\" alt=\"Cacica Gaitana (0-00-11-23)\" width=\"300\" height=\"150\" srcset=\"https:\/\/arcoiris.com.co\/v3\/wp-content\/uploads\/2015\/12\/Cacica-Gaitana-0-00-11-23-300x150.jpg 300w, https:\/\/arcoiris.com.co\/v3\/wp-content\/uploads\/2015\/12\/Cacica-Gaitana-0-00-11-23-768x384.jpg 768w, https:\/\/arcoiris.com.co\/v3\/wp-content\/uploads\/2015\/12\/Cacica-Gaitana-0-00-11-23-640x320.jpg 640w, https:\/\/arcoiris.com.co\/v3\/wp-content\/uploads\/2015\/12\/Cacica-Gaitana-0-00-11-23.jpg 1000w\" sizes=\"(max-width: 300px) 100vw, 300px\" \/><\/a><a href=\"https:\/\/arcoiris.com.co\/v3\/wp-content\/uploads\/2015\/12\/CWYB5GsWUAAfv66.jpg\" target=\"_blank\" rel=\"attachment wp-att-18369 noopener noreferrer\"><img loading=\"lazy\" decoding=\"async\" class=\"size-medium wp-image-18369 aligncenter\" src=\"https:\/\/arcoiris.com.co\/v3\/wp-content\/uploads\/2015\/12\/CWYB5GsWUAAfv66-300x300.jpg\" alt=\"CWYB5GsWUAAfv66\" width=\"300\" height=\"300\" srcset=\"https:\/\/arcoiris.com.co\/v3\/wp-content\/uploads\/2015\/12\/CWYB5GsWUAAfv66-300x300.jpg 300w, https:\/\/arcoiris.com.co\/v3\/wp-content\/uploads\/2015\/12\/CWYB5GsWUAAfv66-100x100.jpg 100w, https:\/\/arcoiris.com.co\/v3\/wp-content\/uploads\/2015\/12\/CWYB5GsWUAAfv66-70x70.jpg 70w, https:\/\/arcoiris.com.co\/v3\/wp-content\/uploads\/2015\/12\/CWYB5GsWUAAfv66.jpg 600w\" sizes=\"(max-width: 300px) 100vw, 300px\" \/><\/a>\u00a0<a href=\"https:\/\/arcoiris.com.co\/v3\/wp-content\/uploads\/2015\/12\/CWYB5EGWsAAgqtV.jpg\" target=\"_blank\" rel=\"attachment wp-att-18368 noopener noreferrer\"><img loading=\"lazy\" decoding=\"async\" class=\"size-medium wp-image-18368 aligncenter\" src=\"https:\/\/arcoiris.com.co\/v3\/wp-content\/uploads\/2015\/12\/CWYB5EGWsAAgqtV-300x300.jpg\" alt=\"CWYB5EGWsAAgqtV\" width=\"300\" height=\"300\" srcset=\"https:\/\/arcoiris.com.co\/v3\/wp-content\/uploads\/2015\/12\/CWYB5EGWsAAgqtV-300x300.jpg 300w, https:\/\/arcoiris.com.co\/v3\/wp-content\/uploads\/2015\/12\/CWYB5EGWsAAgqtV-100x100.jpg 100w, https:\/\/arcoiris.com.co\/v3\/wp-content\/uploads\/2015\/12\/CWYB5EGWsAAgqtV-70x70.jpg 70w, https:\/\/arcoiris.com.co\/v3\/wp-content\/uploads\/2015\/12\/CWYB5EGWsAAgqtV.jpg 600w\" sizes=\"(max-width: 300px) 100vw, 300px\" \/><\/a><\/p>\n<p style=\"text-align: justify;\">\n","protected":false},"excerpt":{"rendered":"<p>El Colectivo de Abogados \u00abJos\u00e9 Alvear Restrepo\u00bb \u2013CAJAR-, realiz\u00f3 una\u00a0campa\u00f1a con el prop\u00f3sito de visibilizar los hechos tr\u00e1gicos del Caloto. Con el eslogan \u201c#ParaAbrazarLaTierra\u201d, Cajar logr\u00f3 ilustrar\u00a0tanto la resistencia del pueblo Nasa como lo ocurrido durante la masacre del municipio caucano, Caloto. Con la publicaci\u00f3n y movimiento en redes sociales de im\u00e1genes con las que [&hellip;]<\/p>\n","protected":false},"author":51,"featured_media":18366,"comment_status":"closed","ping_status":"closed","sticky":false,"template":"","format":"standard","meta":{"_et_pb_use_builder":"","_et_pb_old_content":"","_et_gb_content_width":"","footnotes":""},"categories":[16,462,34,21,3,19,18],"tags":[],"class_list":["post-18365","post","type-post","status-publish","format-standard","has-post-thumbnail","hentry","category-conflicto-armado","category-destacado","category-fotos","category-justicia","category-pais","category-tierras","category-victimas"],"_links":{"self":[{"href":"https:\/\/arcoiris.com.co\/v3\/wp-json\/wp\/v2\/posts\/18365","targetHints":{"allow":["GET"]}}],"collection":[{"href":"https:\/\/arcoiris.com.co\/v3\/wp-json\/wp\/v2\/posts"}],"about":[{"href":"https:\/\/arcoiris.com.co\/v3\/wp-json\/wp\/v2\/types\/post"}],"author":[{"embeddable":true,"href":"https:\/\/arcoiris.com.co\/v3\/wp-json\/wp\/v2\/users\/51"}],"replies":[{"embeddable":true,"href":"https:\/\/arcoiris.com.co\/v3\/wp-json\/wp\/v2\/comments?post=18365"}],"version-history":[{"count":0,"href":"https:\/\/arcoiris.com.co\/v3\/wp-json\/wp\/v2\/posts\/18365\/revisions"}],"wp:featuredmedia":[{"embeddable":true,"href":"https:\/\/arcoiris.com.co\/v3\/wp-json\/wp\/v2\/media\/18366"}],"wp:attachment":[{"href":"https:\/\/arcoiris.com.co\/v3\/wp-json\/wp\/v2\/media?parent=18365"}],"wp:term":[{"taxonomy":"category","embeddable":true,"href":"https:\/\/arcoiris.com.co\/v3\/wp-json\/wp\/v2\/categories?post=18365"},{"taxonomy":"post_tag","embeddable":true,"href":"https:\/\/arcoiris.com.co\/v3\/wp-json\/wp\/v2\/tags?post=18365"}],"curies":[{"name":"wp","href":"https:\/\/api.w.org\/{rel}","templated":true}]}}