{"id":18389,"date":"2016-01-13T10:04:22","date_gmt":"2016-01-13T15:04:22","guid":{"rendered":"https:\/\/arcoiris.com.co\/v3\/?p=18389"},"modified":"2019-08-26T15:08:15","modified_gmt":"2019-08-26T20:08:15","slug":"isagen-se-vendio-por-mas-de-6-billones","status":"publish","type":"post","link":"https:\/\/arcoiris.com.co\/v3\/2016\/01\/isagen-se-vendio-por-mas-de-6-billones\/","title":{"rendered":"Isag\u00e9n se vendi\u00f3 por m\u00e1s de $6 billones"},"content":{"rendered":"<div id=\"attachment_18390\" style=\"width: 630px\" class=\"wp-caption aligncenter\"><a href=\"https:\/\/arcoiris.com.co\/v3\/wp-content\/uploads\/2016\/01\/Sin-t\u00edtulo-2.png\" target=\"_blank\" rel=\"attachment wp-att-18390 noopener noreferrer\"><img loading=\"lazy\" decoding=\"async\" aria-describedby=\"caption-attachment-18390\" class=\"wp-image-18390 size-large\" src=\"https:\/\/arcoiris.com.co\/v3\/wp-content\/uploads\/2016\/01\/Sin-t\u00edtulo-2-640x480.png\" alt=\"Foto: Felix Cuatindoy\/ Marcha en contra de la venta de Isag\u00e9n en la cra 7\u00aa con 72, Bogot\u00e1, Colombia\/ 13 enero de 2015\" width=\"620\" height=\"465\" srcset=\"https:\/\/arcoiris.com.co\/v3\/wp-content\/uploads\/2016\/01\/Sin-t\u00edtulo-2-640x480.png 640w, https:\/\/arcoiris.com.co\/v3\/wp-content\/uploads\/2016\/01\/Sin-t\u00edtulo-2-300x225.png 300w, https:\/\/arcoiris.com.co\/v3\/wp-content\/uploads\/2016\/01\/Sin-t\u00edtulo-2-768x576.png 768w, https:\/\/arcoiris.com.co\/v3\/wp-content\/uploads\/2016\/01\/Sin-t\u00edtulo-2.png 950w\" sizes=\"(max-width: 620px) 100vw, 620px\" \/><\/a><p id=\"caption-attachment-18390\" class=\"wp-caption-text\">Foto: Felix Cuatindoy\/ Marcha en contra de la venta de Isag\u00e9n en la cra 7\u00aa con 72, Bogot\u00e1, Colombia\/ 13 enero de 2016<\/p><\/div>\n<p style=\"text-align: justify;\">Se dio a conocer el resultado de la venta de una de las empresas insignia del Estado, Isag\u00e9n, comprada por el consorcio canadiense, Brookfield.<\/p>\n<p style=\"text-align: justify;\">El dinero pagado por el consorcio, dedicado a la administraci\u00f3n de activos, para obtener m\u00e1s del 57 % de la tercera compa\u00f1\u00eda el\u00e9ctrica del pa\u00eds, Isag\u00e9n, sobrepasa los seis billones de pesos. (Ver <a href=\"http:\/\/www.elespectador.com\/noticias\/economia\/brookfield-consorcio-canadiense-gano-subasta-de-isagen-articulo-610252\" target=\"_blank\" rel=\"noopener noreferrer\">El Espectador<\/a>)<\/p>\n<p style=\"text-align: justify;\">A ra\u00edz de la decisi\u00f3n tomada por el gobierno Santos, sectores civiles, pol\u00edticos, organizaciones y dem\u00e1s muestran su inconformidad con publicaci\u00f3n en las redes sociales, marchas en las principales calles de Bogot\u00e1 y uni\u00f3n de rivales pol\u00edticos a una sola voz, \u201cIsag\u00e9n no se vende\u201d. (Ver <a href=\"http:\/\/www.semana.com\/nacion\/articulo\/venta-de-isagen-logra-union-entre-uribe-serpa-petro\/456367-3\" target=\"_blank\" rel=\"noopener noreferrer\">Semana<\/a>)<\/p>\n<p style=\"text-align: justify;\">En este momento una de las manifestaciones se presenta en la cra 7 con calle 72 contando con la participaci\u00f3n de la Confederaci\u00f3n General de Trabajo &#8211; CGT-, Federaci\u00f3n Colombiana de la Educaci\u00f3n \u2013FECODE-, el Congreso de los Pueblos, Uni\u00f3n Patri\u00f3tica \u2013UP-, Marcha Patri\u00f3tica, entre otros, de igual manera algunas personalidades como Claudia L\u00f3pez, \u00c1lvaro Uribe V\u00e9lez, Jorge Robledo, Hollman Morris, Iv\u00e1n Cepeda Castro, entre otros se encuentran en la marcha en contra de la venta de esta empresa.<\/p>\n<p style=\"text-align: justify;\">Cabe resaltar los pros y contras de esta venta:<\/p>\n<p style=\"text-align: justify;\">&#8211;<em>Pros para la venta, lo que dice el gobierno<\/em>:<\/p>\n<ul style=\"text-align: justify;\">\n<li>La venta financiar\u00e1 la construcci\u00f3n de las 4G y el dinero ir\u00e1 a un fondo especial. No ser\u00e1 presupuesto de gasto recurrente.<\/li>\n<li>Colombia cambia un activo de generaci\u00f3n de energ\u00eda por otro: infraestructura que le genera competitividad al pa\u00eds.<\/li>\n<li>Un nuevo accionista ayudar\u00eda a Isagen en sus planes de expansi\u00f3n. Sus dividendos no son significativos para el presupuesto.<\/li>\n<li>El gobierno ya no es necesario como actor en el mercado energ\u00e9tico y la regulaci\u00f3n del sector es adecuada.<\/li>\n<li>El proceso ha cumplido los requisitos legales.<\/li>\n<\/ul>\n<p style=\"text-align: justify;\">&#8211;<em>Contras para la venta, lo que dicen los cr\u00edticos<\/em>:<\/p>\n<ul style=\"text-align: justify;\">\n<li>Los recursos podr\u00edan terminar como &#8216;dinero de bolsillo&#8217; para atender el d\u00e9ficit fiscal.<\/li>\n<li>El pa\u00eds pierde un activo estrat\u00e9gico y un patrimonio natural.<\/li>\n<li>Hoy Isagen es una empresa rentable y estable. Al venderla, el Estado dejar\u00e1 de recibir los dividendos anuales y tendr\u00e1 que reemplazarlos.<\/li>\n<li>Privatizada Isagen es m\u00e1s probable que un nuevo due\u00f1o suba las tarifas a usuarios y empresas.<\/li>\n<li>Se han presentado cinco demandas en el Consejo de Estado. Tres de ellas se resolvieron a favor del gobierno, dos m\u00e1s est\u00e1n en estudio.<br \/>\n(Ver en <a href=\"http:\/\/www.dinero.com\/actualidad\/multimedia\/lo-bueno-y-lo-malo-de-vender-isagen-\/217891\" target=\"_blank\" rel=\"noopener noreferrer\">Dinero<\/a>)<\/li>\n<\/ul>\n<p style=\"text-align: justify;\">&#8211;<em>Caracter\u00edsticas del comprador<\/em><\/p>\n<p style=\"text-align: justify;\">\u00abEste conglomerado se especializa en generaci\u00f3n el\u00e9ctrica mediante procedimientos amigables con el medioambiente. Cuenta con m\u00e1s de 7.284 unidades el\u00e9ctricas en todo el mundo, de las cuales 5.372 son de generaci\u00f3n hidroel\u00e9ctrica, 1.577 del tipo e\u00f3lica y 335 de otro tipo. Gracias a esta infraestructura tiene una capacidad instalada de 7.300 MW. La mayor presencia que tiene Brookfield en negocios del sector el\u00e9ctrico es en Canad\u00e1, con 81 centrales el\u00e9ctricas. Asimismo, genera energ\u00eda en tres estados de Estados Unidos: Nueva York, Luisiana y California. En Suram\u00e9rica Brookfield s\u00f3lo se encuentra en Brasil, en donde tiene una capacidad instalada de 821 MW\u00bb. (Ver en <a href=\"http:\/\/www.elespectador.com\/noticias\/economia\/brookfield-consorcio-canadiense-gano-subasta-de-isagen-articulo-610252\" target=\"_blank\" rel=\"noopener noreferrer\">El Espectador<\/a>)<\/p>\n<div id=\"attachment_18392\" style=\"width: 630px\" class=\"wp-caption alignleft\"><a href=\"https:\/\/arcoiris.com.co\/v3\/wp-content\/uploads\/2016\/01\/Sin-t\u00edtulo12.png\" target=\"_blank\" rel=\"attachment wp-att-18392 noopener noreferrer\"><img loading=\"lazy\" decoding=\"async\" aria-describedby=\"caption-attachment-18392\" class=\"wp-image-18392 size-large\" src=\"https:\/\/arcoiris.com.co\/v3\/wp-content\/uploads\/2016\/01\/Sin-t\u00edtulo12-640x361.png\" alt=\"Sin t\u00edtulo12\" width=\"620\" height=\"350\" srcset=\"https:\/\/arcoiris.com.co\/v3\/wp-content\/uploads\/2016\/01\/Sin-t\u00edtulo12-640x361.png 640w, https:\/\/arcoiris.com.co\/v3\/wp-content\/uploads\/2016\/01\/Sin-t\u00edtulo12-300x169.png 300w, https:\/\/arcoiris.com.co\/v3\/wp-content\/uploads\/2016\/01\/Sin-t\u00edtulo12-768x434.png 768w, https:\/\/arcoiris.com.co\/v3\/wp-content\/uploads\/2016\/01\/Sin-t\u00edtulo12.png 1013w\" sizes=\"(max-width: 620px) 100vw, 620px\" \/><\/a><p id=\"caption-attachment-18392\" class=\"wp-caption-text\">Foto: Felix Cuatindoy\/ Marcha en contra de la venta de Isag\u00e9n<\/p><\/div>\n<div id=\"attachment_18391\" style=\"width: 372px\" class=\"wp-caption aligncenter\"><a href=\"https:\/\/arcoiris.com.co\/v3\/wp-content\/uploads\/2016\/01\/Sin-t\u00edtulo1.png\" target=\"_blank\" rel=\"attachment wp-att-18391 noopener noreferrer\"><img loading=\"lazy\" decoding=\"async\" aria-describedby=\"caption-attachment-18391\" class=\"wp-image-18391 size-large\" src=\"https:\/\/arcoiris.com.co\/v3\/wp-content\/uploads\/2016\/01\/Sin-t\u00edtulo1-362x640.png\" alt=\"Sin t\u00edtulo1\" width=\"362\" height=\"640\" srcset=\"https:\/\/arcoiris.com.co\/v3\/wp-content\/uploads\/2016\/01\/Sin-t\u00edtulo1-362x640.png 362w, https:\/\/arcoiris.com.co\/v3\/wp-content\/uploads\/2016\/01\/Sin-t\u00edtulo1-170x300.png 170w, https:\/\/arcoiris.com.co\/v3\/wp-content\/uploads\/2016\/01\/Sin-t\u00edtulo1.png 401w\" sizes=\"(max-width: 362px) 100vw, 362px\" \/><\/a><p id=\"caption-attachment-18391\" class=\"wp-caption-text\">Foto: Felix Cuatindoy\/ Marcha en contra de la venta de Isag\u00e9n<\/p><\/div>\n","protected":false},"excerpt":{"rendered":"<p>Se dio a conocer el resultado de la venta de una de las empresas insignia del Estado, Isag\u00e9n, comprada por el consorcio canadiense, Brookfield. El dinero pagado por el consorcio, dedicado a la administraci\u00f3n de activos, para obtener m\u00e1s del 57 % de la tercera compa\u00f1\u00eda el\u00e9ctrica del pa\u00eds, Isag\u00e9n, sobrepasa los seis billones de [&hellip;]<\/p>\n","protected":false},"author":51,"featured_media":18390,"comment_status":"closed","ping_status":"closed","sticky":false,"template":"","format":"standard","meta":{"_et_pb_use_builder":"","_et_pb_old_content":"","_et_gb_content_width":"","footnotes":""},"categories":[462,29,3,41],"tags":[],"class_list":["post-18389","post","type-post","status-publish","format-standard","has-post-thumbnail","hentry","category-destacado","category-nacional","category-pais","category-territorio-y-desarrollo"],"_links":{"self":[{"href":"https:\/\/arcoiris.com.co\/v3\/wp-json\/wp\/v2\/posts\/18389","targetHints":{"allow":["GET"]}}],"collection":[{"href":"https:\/\/arcoiris.com.co\/v3\/wp-json\/wp\/v2\/posts"}],"about":[{"href":"https:\/\/arcoiris.com.co\/v3\/wp-json\/wp\/v2\/types\/post"}],"author":[{"embeddable":true,"href":"https:\/\/arcoiris.com.co\/v3\/wp-json\/wp\/v2\/users\/51"}],"replies":[{"embeddable":true,"href":"https:\/\/arcoiris.com.co\/v3\/wp-json\/wp\/v2\/comments?post=18389"}],"version-history":[{"count":0,"href":"https:\/\/arcoiris.com.co\/v3\/wp-json\/wp\/v2\/posts\/18389\/revisions"}],"wp:featuredmedia":[{"embeddable":true,"href":"https:\/\/arcoiris.com.co\/v3\/wp-json\/wp\/v2\/media\/18390"}],"wp:attachment":[{"href":"https:\/\/arcoiris.com.co\/v3\/wp-json\/wp\/v2\/media?parent=18389"}],"wp:term":[{"taxonomy":"category","embeddable":true,"href":"https:\/\/arcoiris.com.co\/v3\/wp-json\/wp\/v2\/categories?post=18389"},{"taxonomy":"post_tag","embeddable":true,"href":"https:\/\/arcoiris.com.co\/v3\/wp-json\/wp\/v2\/tags?post=18389"}],"curies":[{"name":"wp","href":"https:\/\/api.w.org\/{rel}","templated":true}]}}