{"id":18666,"date":"2016-03-08T11:14:07","date_gmt":"2016-03-08T16:14:07","guid":{"rendered":"https:\/\/arcoiris.com.co\/v3\/?p=18666"},"modified":"2019-08-26T15:08:09","modified_gmt":"2019-08-26T20:08:09","slug":"sigue-la-violencia-contra-las-mujeres","status":"publish","type":"post","link":"https:\/\/arcoiris.com.co\/v3\/2016\/03\/sigue-la-violencia-contra-las-mujeres\/","title":{"rendered":"Sigue la violencia contra las mujeres"},"content":{"rendered":"<div id=\"attachment_18667\" style=\"width: 570px\" class=\"wp-caption aligncenter\"><a href=\"https:\/\/arcoiris.com.co\/v3\/wp-content\/uploads\/2016\/03\/9a17dbf86a6ec91d66920e8f5eecebe9.jpg\" rel=\"attachment wp-att-18667\"><img loading=\"lazy\" decoding=\"async\" aria-describedby=\"caption-attachment-18667\" class=\"size-full wp-image-18667\" src=\"https:\/\/arcoiris.com.co\/v3\/wp-content\/uploads\/2016\/03\/9a17dbf86a6ec91d66920e8f5eecebe9.jpg\" alt=\"Imagen: El Espectador\/ En guerra o en paz, los pa\u00edses del mundo son espacios hostiles para las mujeres. \/ Ch\u00f3colo\" width=\"560\" height=\"407\" srcset=\"https:\/\/arcoiris.com.co\/v3\/wp-content\/uploads\/2016\/03\/9a17dbf86a6ec91d66920e8f5eecebe9.jpg 560w, https:\/\/arcoiris.com.co\/v3\/wp-content\/uploads\/2016\/03\/9a17dbf86a6ec91d66920e8f5eecebe9-300x218.jpg 300w\" sizes=\"(max-width: 560px) 100vw, 560px\" \/><\/a><p id=\"caption-attachment-18667\" class=\"wp-caption-text\">Imagen: El Espectador\/ En guerra o en paz, los pa\u00edses del mundo son espacios hostiles para las mujeres. \/ Ch\u00f3colo<\/p><\/div>\n<p style=\"text-align: justify;\">Los feminicidios son cada vez m\u00e1s comunes, y en el debate p\u00fablico sigue plantada una visi\u00f3n que tiende a culpar a las v\u00edctimas de lo ocurrido.<br \/>\nQuienes sostienen que las pol\u00edticas feministas enfocadas a solucionar la desigualdad estructural entre hombres y mujeres en la sociedad ya no son necesarias, no han estado mirando las noticias recientes. Las denuncias de abusos sexuales cometidos por cascos azules de la Organizaci\u00f3n de Naciones Unidas (ONU) en zonas de conflicto y el asesinato de dos turistas argentinas en Ecuador \u2014y la subsecuente reacci\u00f3n de las autoridades\u2014 demuestran que este mundo sigue siendo abrumadoramente hostil con las mujeres.<\/p>\n<p style=\"text-align: justify;\">Las denuncias en contra de la ONU son aterradoras. Seg\u00fan un informe presentado por el propio secretario general de la Organizaci\u00f3n, Ban Ki-moon, en 2015 se presentaron 99 nuevos casos denunciados, 69 de los cuales fueron de abusos cometidos por soldados en misiones de paz y 30 por funcionarios de la ONU en otras capacidades. Seg\u00fan lo report\u00f3 BBC Mundo, hubo denuncias de abuso sexual contra soldados y polic\u00edas de Alemania, Burundi, Ghana, Senegal, Eslovaquia, Madagascar, Ruanda, Rep\u00fablica Democr\u00e1tica del Congo, Burkina Faso, Camer\u00fan, Tanzania, N\u00edger, Moldova, Togo, Sud\u00e1frica, Ben\u00edn, Nigeria y Gab\u00f3n, as\u00ed como funcionarios de varios pa\u00edses europeos y de Canad\u00e1. El problema es de responsabilidad global.<\/p>\n<p style=\"text-align: justify;\">Una ni\u00f1a de siete a\u00f1os cont\u00f3 que intercambiaba sexo oral a los soldados por galletas. Otra de 18 a\u00f1os le dijo a Human Rights Watch que fue violada en la base de los cascos azules en la Rep\u00fablica Democr\u00e1tica del Congo cuando fue a pedirles comida. Su testimonio hace eco de la situaci\u00f3n que demasiadas mujeres tienen que sufrir en zonas de guerra: \u201cTres hombres armados se me tiraron encima y me dijeron que si los denunciaba me matar\u00edan. Me violaron uno a uno\u201d. Espantoso. Como este, hay m\u00e1s de 1.000 casos desde 2007 sin repercusiones para los implicados. La ONU y los pa\u00edses miembros deben hacer algo si quieren empezar a recuperar la legitimidad de sus esfuerzos de paz, que, por lo dem\u00e1s, ser\u00e1n centrales en Colombia.<\/p>\n<p style=\"text-align: justify;\">El problema, no obstante, no es \u00fanico de los lugares con conflictos. Marina Menegazzo y Mar\u00eda Jos\u00e9 Coni, turistas argentinas, fueron asesinadas en la playa ecuatoriana de Monta\u00f1ita. Pese a que las familias de las mujeres y otras organizaciones sospechan que fueron v\u00edctimas de una red de trata de personas, el gobierno de Ecuador dice que se trat\u00f3 de un crimen com\u00fan y se ha rehusado a explorar la situaci\u00f3n. El presidente Rafael Correa dijo que las sospechas son puros \u201ccomplejos de tercer mundo\u201d, que llevan a dudar de las autoridades.<\/p>\n<p style=\"text-align: justify;\">Pero las motivaciones detr\u00e1s del miedo y las preguntas que esto suscita son otras. Los feminicidios son, desgraciadamente, cada vez m\u00e1s comunes, y en el debate p\u00fablico sigue plantada una visi\u00f3n que tiende a culpar a las v\u00edctimas de lo ocurrido. No faltaron las voces que, por ejemplo, juzgaron a las turistas argentinas por \u201cviajar solas\u201d, argumento similar al que culpa a la mujer que porta una minifalda y luego es v\u00edctima de violaci\u00f3n.<\/p>\n<p style=\"text-align: justify;\">El problema es del mundo que no es capaz de respetar a las mujeres y sus decisiones, no de ellas por tomarlas. Tristemente, las mujeres (y ni\u00f1as) siguen siendo instrumentos en las guerras y, en sociedades pac\u00edficas, no pueden viajar por su cuenta ni estar en ambientes seguros, libres de acosos y de machismo. Lo peor: el silencio sigue siendo la norma en todas estas situaciones.<\/p>\n<p style=\"text-align: justify;\">Hoy Colombia y el mundo necesitan un movimiento feminista robusto que siga denunciando que, entre tantos problemas que aquejan a nuestra sociedad, las mujeres terminan con obst\u00e1culos \u00fanica y exclusivamente por ser mujeres.<\/p>\n<p>Ver en <span style=\"color: #ff0000;\"><em><strong><a style=\"color: #ff0000;\" href=\"http:\/\/www.elespectador.com\/opinion\/editorial\/sigue-violencia-contra-mujeres-articulo-620754\" target=\"_blank\" rel=\"noopener noreferrer\">El Espectador<\/a><\/strong><\/em><\/span><\/p>\n","protected":false},"excerpt":{"rendered":"<p>Los feminicidios son cada vez m\u00e1s comunes, y en el debate p\u00fablico sigue plantada una visi\u00f3n que tiende a culpar a las v\u00edctimas de lo ocurrido. Quienes sostienen que las pol\u00edticas feministas enfocadas a solucionar la desigualdad estructural entre hombres y mujeres en la sociedad ya no son necesarias, no han estado mirando las noticias [&hellip;]<\/p>\n","protected":false},"author":51,"featured_media":18667,"comment_status":"closed","ping_status":"closed","sticky":false,"template":"","format":"standard","meta":{"_et_pb_use_builder":"","_et_pb_old_content":"","_et_gb_content_width":"","footnotes":""},"categories":[16,34,21,14,18],"tags":[],"class_list":["post-18666","post","type-post","status-publish","format-standard","has-post-thumbnail","hentry","category-conflicto-armado","category-fotos","category-justicia","category-sala-de-medios","category-victimas"],"_links":{"self":[{"href":"https:\/\/arcoiris.com.co\/v3\/wp-json\/wp\/v2\/posts\/18666","targetHints":{"allow":["GET"]}}],"collection":[{"href":"https:\/\/arcoiris.com.co\/v3\/wp-json\/wp\/v2\/posts"}],"about":[{"href":"https:\/\/arcoiris.com.co\/v3\/wp-json\/wp\/v2\/types\/post"}],"author":[{"embeddable":true,"href":"https:\/\/arcoiris.com.co\/v3\/wp-json\/wp\/v2\/users\/51"}],"replies":[{"embeddable":true,"href":"https:\/\/arcoiris.com.co\/v3\/wp-json\/wp\/v2\/comments?post=18666"}],"version-history":[{"count":0,"href":"https:\/\/arcoiris.com.co\/v3\/wp-json\/wp\/v2\/posts\/18666\/revisions"}],"wp:featuredmedia":[{"embeddable":true,"href":"https:\/\/arcoiris.com.co\/v3\/wp-json\/wp\/v2\/media\/18667"}],"wp:attachment":[{"href":"https:\/\/arcoiris.com.co\/v3\/wp-json\/wp\/v2\/media?parent=18666"}],"wp:term":[{"taxonomy":"category","embeddable":true,"href":"https:\/\/arcoiris.com.co\/v3\/wp-json\/wp\/v2\/categories?post=18666"},{"taxonomy":"post_tag","embeddable":true,"href":"https:\/\/arcoiris.com.co\/v3\/wp-json\/wp\/v2\/tags?post=18666"}],"curies":[{"name":"wp","href":"https:\/\/api.w.org\/{rel}","templated":true}]}}