{"id":18827,"date":"2016-04-04T13:04:21","date_gmt":"2016-04-04T18:04:21","guid":{"rendered":"https:\/\/arcoiris.com.co\/v3\/?p=18827"},"modified":"2019-08-26T15:08:06","modified_gmt":"2019-08-26T20:08:06","slug":"presidente-santos-es-urgente-el-desmonte-del-paramilitarismo","status":"publish","type":"post","link":"https:\/\/arcoiris.com.co\/v3\/2016\/04\/presidente-santos-es-urgente-el-desmonte-del-paramilitarismo\/","title":{"rendered":"Presidente Santos es urgente el desmonte del paramilitarismo"},"content":{"rendered":"<div id=\"attachment_14562\" style=\"width: 630px\" class=\"wp-caption aligncenter\"><a href=\"https:\/\/arcoiris.com.co\/v3\/wp-content\/uploads\/2014\/06\/620-desmovfip.jpg\" target=\"_blank\" rel=\"attachment wp-att-14562 noopener noreferrer\"><img loading=\"lazy\" decoding=\"async\" aria-describedby=\"caption-attachment-14562\" class=\"wp-image-14562 size-full\" src=\"https:\/\/arcoiris.com.co\/v3\/wp-content\/uploads\/2014\/06\/620-desmovfip.jpg\" alt=\"PARAMILITARES-DESMOVILIZACION, REINSERCION Y ENTREGA DE ARMAS. TURBO (ANTIOQUIA)-CORREGIMIENTO &quot;El DOS&quot; NOVIEMBRE 25 DEL 2004 FOTO LEON DARIO PELAEZ- SEMANA\" width=\"620\" height=\"413\" srcset=\"https:\/\/arcoiris.com.co\/v3\/wp-content\/uploads\/2014\/06\/620-desmovfip.jpg 620w, https:\/\/arcoiris.com.co\/v3\/wp-content\/uploads\/2014\/06\/620-desmovfip-300x199.jpg 300w\" sizes=\"(max-width: 620px) 100vw, 620px\" \/><\/a><p id=\"caption-attachment-14562\" class=\"wp-caption-text\">Foto Le\u00f3n Dar\u00edo Pel\u00e1ez- semana\/ Paramilitares-desmovilizaci\u00f3n, reinserci\u00f3n y entrega de armas en Turbo (Antioquia)-corregimiento \u00abel dos\u00bb el de de noviembre de 2004<\/p><\/div>\n<p style=\"text-align: right;\"><em>\u201cLo que lleva \u00a0seriamente a plantearse la pregunta en torno a \u00bfsi la normativa expedida por el estado Colombiano para el Desarme, Dejaci\u00f3n y Reintegraci\u00f3n del paramilitarismo fue correcta o adoleci\u00f3 de fallas sist\u00e9micas que han permitido la pervivencia de este fen\u00f3meno hasta la actualidad?\u00bb<\/em><\/p>\n<p style=\"text-align: justify;\">El esclarecimiento del fen\u00f3meno paramilitar y procesos asociados que perviven actualmente, es indispensable con el fin de disminuir los riegos que dichos grupos armados representan para la existencia y el desarrollo de las actividades propias de las organizaciones sociales, partidos de izquierda, defensores de DDHH, las organizaciones y movimientos sociales de protesta, reclamantes de tierras, asociaciones de v\u00edctimas, as\u00ed como a las organizaciones pol\u00edticas que puedan surgir de las negociaciones con los grupos FARC-EP y ELN.<\/p>\n<p style=\"text-align: justify;\">Es indispensable reconocer las diversas modalidades e intereses de estas agrupaciones y sus particularidades regionales y locales, para el adecuado desarrollo e implementaci\u00f3n de la paz regional. La continuidad de los grupos armados sucesores del paramilitarismo, sus relaciones con la poblaci\u00f3n en los territorios y su inserci\u00f3n en la actividad social, ponen sobre la mesa la necesidad de considerarlas como un fen\u00f3meno complejo, m\u00e1s all\u00e1 de simples aparatos criminales desprovistos de cualquier consideraci\u00f3n o incidencia pol\u00edtica; la cooptaci\u00f3n del poder local o sus v\u00ednculos con \u00e9lites regionales, en dimensiones cada vez m\u00e1s notorias, ponen de presente la alianza con jefes pol\u00edticos, contratistas y servidores p\u00fablicos, incluidos miembros de la Fuerza P\u00fablica.<\/p>\n<p style=\"text-align: justify;\">La presencia de estructuras armadas sucesoras del paramilitarismo en \u00e1reas urbanas y su reconfiguraci\u00f3n como redes, combos, pandillas, oficinas de cobro o las b\u00e1rbaras casas de pique (descuartizamiento de personas) integradas por j\u00f3venes en condici\u00f3n de marginalidad en las grandes ciudades como Cali, Medell\u00edn, Bogot\u00e1, Barranquilla, incluso ciudades intermedias como Buenaventura, Palmira, Tumaco, exigen un tratamiento integral que incluya el espacio urbano m\u00e1s all\u00e1 de las zonas de confrontaci\u00f3n armada en zonas rurales. Las acciones de estas estructuras tienden a urbanizarse, especialmente cuando mutan del narcotr\u00e1fico al microtr\u00e1fico o narcomenudeo y al control de los mercados de criminalidad.<\/p>\n<p style=\"text-align: justify;\">A pesar de la intensa actividad policial en contra de estas agrupaciones que ha llevado a la muerte de (Cuchillo, Pijarvey, \u201cel mellizo\u201d Mej\u00eda M\u00fanera, \u201cGiovanny\u201d \u00dasuga), extradici\u00f3n, entrega voluntaria y\/o captura de algunos de sus jefes (Don Diego, Don Mario, Mi Sangre, Sebasti\u00e1n, el loco Barrera, Mart\u00edn Llanos, los Comba) y gran numero miembros rasos, no hay indicadores que puedan esgrimirse para se\u00f1alar que dicha estrategia ha sido efectiva para su desmantelamiento porque las estructuras siguen comandadas por los mandos medios que asumen el relevo. En consecuencia, restringir el tratamiento de estos grupos a un ejercicio leg\u00edtimo de la violencia por parte del Estado, que incluya, a\u00fan de manera eventual, el desarrollo de operaciones en el marco del derecho internacional humanitario como bombardeos, no deja de plantear serias dudas sobre la eficacia de dicha estrategia, m\u00e1s all\u00e1 de su coyuntural pertinencia.<\/p>\n<p style=\"text-align: justify;\">La percepci\u00f3n del mundo acad\u00e9mico especializado y las comunidades en zonas de conflicto es que el paramilitarismo sigue siendo un fen\u00f3meno complejo por su inmensa capacidad de supervivencia, transformaci\u00f3n, mutaci\u00f3n y adaptaci\u00f3n a las circunstancias en medio de continuidades y rupturas. Las estructuras sucesoras del paramilitarismo siguen teniendo nexos con agentes del estado, pero son m\u00e1s sutiles y complejos, hay v\u00ednculos a trav\u00e9s de las econom\u00edas legales en mixturas con econom\u00edas ilegales en los mercados de criminalidad, con articulaciones de lo pol\u00edtico y con acceso a niveles de poder local y nacional.<\/p>\n<p style=\"text-align: justify;\">Como fen\u00f3meno de largo plazo est\u00e1 ligado al surgimiento de una clase social emergente, narco paramilitar cuyo influjo ha llegado hasta el gobierno nacional (Proceso 8.000 y Parapol\u00edtica), gobiernos seccionales y locales.<\/p>\n<p style=\"text-align: justify;\">Las estructuras armadas sucesoras del paramilitarismo no recurren ya a las viejas pr\u00e1cticas de control territorial con bloques o frentes porque eso ya se hizo en el pasado, lo que est\u00e1n haciendo actualmente, es extraer rentas producto de sus actividades criminales. Estas din\u00e1micas las ha insertado de manera profunda en el desarrollo de las econom\u00edas regionales; que se suman al ejercicio de pr\u00e1cticas heredadas de las antiguas Auto Defensas (AUC) de administraci\u00f3n del miedo y el terror, desde una perspectiva contrainsurgente del enemigo interno; con la seguridad que esas l\u00f3gicas han quedado grabadas en la memoria colectiva de las comunidades en los territorios.<\/p>\n<p style=\"text-align: justify;\">Continuar leyendo en\u00a0<span style=\"color: #808000;\"><strong><em><a style=\"color: #808000;\" href=\"https:\/\/arcoiris.com.co\/v3\/wp-content\/uploads\/2016\/04\/PRESIDENTE-SANTOS-ES-URGENTE-EL-DESMONTE-DEL-PARAMILITARISMO.pdf\" target=\"_blank\" rel=\"noopener noreferrer\">PRESIDENTE SANTOS ES URGENTE EL DESMONTE DEL PARAMILITARISMO<\/a><\/em><\/strong><\/span><\/p>\n<p style=\"text-align: justify;\">Por\u00a0Henry Cuervo, Julio Arenas<br \/>\n<em>Investigadores del conflicto<\/em><br \/>\n<em>Corporaci\u00f3n Nuevo Arco Iris<\/em><\/p>\n","protected":false},"excerpt":{"rendered":"<p>\u201cLo que lleva \u00a0seriamente a plantearse la pregunta en torno a \u00bfsi la normativa expedida por el estado Colombiano para el Desarme, Dejaci\u00f3n y Reintegraci\u00f3n del paramilitarismo fue correcta o adoleci\u00f3 de fallas sist\u00e9micas que han permitido la pervivencia de este fen\u00f3meno hasta la actualidad?\u00bb El esclarecimiento del fen\u00f3meno paramilitar y procesos asociados que perviven [&hellip;]<\/p>\n","protected":false},"author":51,"featured_media":14562,"comment_status":"closed","ping_status":"closed","sticky":false,"template":"","format":"standard","meta":{"_et_pb_use_builder":"","_et_pb_old_content":"","_et_gb_content_width":"","footnotes":""},"categories":[16,462,29,3,18],"tags":[],"class_list":["post-18827","post","type-post","status-publish","format-standard","has-post-thumbnail","hentry","category-conflicto-armado","category-destacado","category-nacional","category-pais","category-victimas"],"_links":{"self":[{"href":"https:\/\/arcoiris.com.co\/v3\/wp-json\/wp\/v2\/posts\/18827","targetHints":{"allow":["GET"]}}],"collection":[{"href":"https:\/\/arcoiris.com.co\/v3\/wp-json\/wp\/v2\/posts"}],"about":[{"href":"https:\/\/arcoiris.com.co\/v3\/wp-json\/wp\/v2\/types\/post"}],"author":[{"embeddable":true,"href":"https:\/\/arcoiris.com.co\/v3\/wp-json\/wp\/v2\/users\/51"}],"replies":[{"embeddable":true,"href":"https:\/\/arcoiris.com.co\/v3\/wp-json\/wp\/v2\/comments?post=18827"}],"version-history":[{"count":0,"href":"https:\/\/arcoiris.com.co\/v3\/wp-json\/wp\/v2\/posts\/18827\/revisions"}],"wp:featuredmedia":[{"embeddable":true,"href":"https:\/\/arcoiris.com.co\/v3\/wp-json\/wp\/v2\/media\/14562"}],"wp:attachment":[{"href":"https:\/\/arcoiris.com.co\/v3\/wp-json\/wp\/v2\/media?parent=18827"}],"wp:term":[{"taxonomy":"category","embeddable":true,"href":"https:\/\/arcoiris.com.co\/v3\/wp-json\/wp\/v2\/categories?post=18827"},{"taxonomy":"post_tag","embeddable":true,"href":"https:\/\/arcoiris.com.co\/v3\/wp-json\/wp\/v2\/tags?post=18827"}],"curies":[{"name":"wp","href":"https:\/\/api.w.org\/{rel}","templated":true}]}}