{"id":18871,"date":"2016-04-25T16:41:07","date_gmt":"2016-04-25T21:41:07","guid":{"rendered":"https:\/\/arcoiris.com.co\/v3\/?p=18871"},"modified":"2019-08-26T15:08:02","modified_gmt":"2019-08-26T20:08:02","slug":"el-tal-neoparamilitarismo-si-existe","status":"publish","type":"post","link":"https:\/\/arcoiris.com.co\/v3\/2016\/04\/el-tal-neoparamilitarismo-si-existe\/","title":{"rendered":"El tal Neoparamilitar\u00edsmo s\u00ed existe"},"content":{"rendered":"<p style=\"text-align: justify;\"><a href=\"https:\/\/arcoiris.com.co\/v3\/wp-content\/uploads\/2016\/04\/logo_cnai3.jpg\" rel=\"attachment wp-att-18872\"><img loading=\"lazy\" decoding=\"async\" class=\"aligncenter wp-image-18872 size-medium\" src=\"https:\/\/arcoiris.com.co\/v3\/wp-content\/uploads\/2016\/04\/logo_cnai3-300x261.jpg\" alt=\"logo_cnai3\" width=\"300\" height=\"261\" srcset=\"https:\/\/arcoiris.com.co\/v3\/wp-content\/uploads\/2016\/04\/logo_cnai3-300x261.jpg 300w, https:\/\/arcoiris.com.co\/v3\/wp-content\/uploads\/2016\/04\/logo_cnai3.jpg 427w\" sizes=\"(max-width: 300px) 100vw, 300px\" \/><\/a>El paro armado de este fin de semana demostr\u00f3 que el paramilitarismo no desapareci\u00f3 con el acuerdo del Gobierno Uribe con las AUC sino que se transform\u00f3, de acuerdo con las necesidades de sus promotores.<\/p>\n<p style=\"text-align: justify;\">Las AUC fueron funcionales a la estrategia del establecimiento de confrontar la ofensiva de las FARC de mediados de los 90 con la pinza de unas Fuerzas Armadas sometidas a una profunda reingenier\u00eda con el apoyo tecnol\u00f3gico norteamericano a trav\u00e9s del Plan Colombia, de un lado, y del otro, con la agresiva expansi\u00f3n de los grupos paramilitares y su estrategia de masacres y desplazamiento contra la poblaci\u00f3n civil y despojo de tierras. Llegado Uribe al poder pol\u00edtico en 2002, la ley 975 de 2005 sirvi\u00f3 para el intento de legitimaci\u00f3n de los criminales como base pol\u00edtica de la Seguridad Democr\u00e1tica, seg\u00fan el modelo de la parapol\u00edtica para \u201crefundar la patria\u201d. Fueron la reacci\u00f3n de la opini\u00f3n p\u00fablica y la intervenci\u00f3n de la Corte Constitucional quienes ajustaron la desmovilizaci\u00f3n paramilitar a un proceso de sometimiento a la justicia y la introducci\u00f3n de la justicia transicional con reconocimiento a la dignidad de las v\u00edctimas y exigencia de verdad y reparaci\u00f3n.<\/p>\n<p style=\"text-align: justify;\">Pero si bien, el car\u00e1cter contrainsurgente de las AUC pas\u00f3 a un segundo plano en el Gobierno Uribe, la naturaleza del paramilitarismo como expresi\u00f3n de sectores ligados al narcotr\u00e1fico, a las rentas de la miner\u00eda ilegal y la extorsi\u00f3n y a la renta de la tierra sobre la base de la gran propiedad agraria y de la oposici\u00f3n a la Ley de Restituci\u00f3n de Tierras, se manifiesta en los procesos de control social de la poblaci\u00f3n mediante el disciplinamiento y la coerci\u00f3n al servicio de un modelo de desarrollo. De all\u00ed la victimizaci\u00f3n sobre comunidades ind\u00edgenas y afrocolombianas y la persecuci\u00f3n a los liderazgos campesinos del proceso legal de restituci\u00f3n de tierras (Ley 1448 de 2011).<\/p>\n<p style=\"text-align: justify;\">Como en el pasado, estos grupos neoparamilitares ejercen la cooptaci\u00f3n de poderes locales en territorios alejados de los centros urbanos y mantienen v\u00ednculos con \u00e9lites regionales y alianzas con jefes pol\u00edticos y servidores p\u00fablicos, incluidos miembros de la fuerza p\u00fablica. Son grupos armados de extrema derecha utilizados por poderes f\u00e1cticos para amenazar y asesinar a activistas sociales, defensores de derechos humanos, l\u00edderes comunitarios y militantes de izquierda como ha sido denunciado recientemente por organismos nacionales e internacionales. En su expansi\u00f3n hacia zonas urbanas han cooptado grupos delincuenciales, combos y pandillas, profundizado el microtr\u00e1fico y generalizado la extorsi\u00f3n y el miedo contra la poblaci\u00f3n como se vio el fin de semana en algunos barrios de Medell\u00edn.<\/p>\n<p style=\"text-align: justify;\">El car\u00e1cter de criminalidad organizada se lo da, adem\u00e1s, su relaci\u00f3n con los mercados internacionales del narcotr\u00e1fico por lo que algunos los llaman narcoparamilitares. Est\u00e1 documentada su alianza con los carteles de la droga mejicanos y las rutas de tr\u00e1fico hacia los mercados del Estados Unidos y Europa. Tambi\u00e9n el tr\u00e1fico de personas con el control de las rutas de la migraci\u00f3n ilegal hacia el \u201cpara\u00edso\u201d del norte.<\/p>\n<p style=\"text-align: justify;\">Despu\u00e9s de las desmovilizaciones de las AUC de 2005-2006, estos grupos neoparamilitares se enfrentaron violentamente por el control de territorios dando como resultado la hegemon\u00eda del llamado Clan Usuga o Urabe\u00f1os. La extensi\u00f3n de los territorios sometidos al paro armado, sobre todo en el norte del pa\u00eds, es un campanazo para el Estado colombiano que no puede seguir con su pol\u00edtica de negar realidades. Resulta que el tal neoparamilitarismo s\u00ed existe.<\/p>\n<p style=\"text-align: justify;\">Raz\u00f3n tienen pues, tanto las FARC como el ELN en exigir en sus agendas de negociaci\u00f3n la investigaci\u00f3n, esclarecimiento y desmantelamiento del paramilitarismo. Pero m\u00e1s all\u00e1 de las razones de la insurgencia en proceso de transici\u00f3n a la lucha pol\u00edtica legal de proteger sus l\u00edderes, sus movimientos, sus bases sociales, es necesidad del Estado y de la sociedad superar ese fen\u00f3meno criminal responsable de tantas violencias.<\/p>\n<p style=\"text-align: justify;\">En primer lugar para la consolidaci\u00f3n de la paz que significa no solo apartar las armas de la pol\u00edtica sino construir procesos de reconciliaci\u00f3n territoriales. La paz territorial de que se habla ahora requiere unas bases de democracia local que no es posible con la dictadura de la violencia y la debilidad de las organizaciones sociales locales, sometidas las comunidades permanentemente al chantaje armado de las organizaciones ilegales.<\/p>\n<p style=\"text-align: justify;\">La democracia debe garantizar los derechos de la ciudadan\u00eda para legitimarse como sistema pol\u00edtico, en primer lugar el derecho a la vida pero tambi\u00e9n los derechos sociales, sin la intermediaci\u00f3n corrupta del clientelismo que privatiza para beneficio particular lo que son bienes comunes.<\/p>\n<p style=\"text-align: justify;\">En segundo para la vigencia del Estado de derecho que, de acuerdo con la Constituci\u00f3n del 91, debe garantizar el monopolio de las armas en manos del Estado, pero al mismo tiempo transformar la concepci\u00f3n de seguridad nacional en seguridad humana, m\u00e1s acorde con las necesidades del posconflicto armado.<\/p>\n<p style=\"text-align: justify;\">Finalmente para la construcci\u00f3n de una cultura de paz en toda la sociedad colombiana, sin la cual no es posible afianzar el logro de los acuerdos de soluci\u00f3n pol\u00edtica al conflicto armado que simult\u00e1neamente negocia el Gobierno con las FARC y el ELN.<\/p>\n<p><em>Fernando Hern\u00e1ndez Valencia<\/em><br \/>\n<em>Director Ejecutivo Corporaci\u00f3n Nuevo Arco Iris<\/em><\/p>\n","protected":false},"excerpt":{"rendered":"<p>El paro armado de este fin de semana demostr\u00f3 que el paramilitarismo no desapareci\u00f3 con el acuerdo del Gobierno Uribe con las AUC sino que se transform\u00f3, de acuerdo con las necesidades de sus promotores. Las AUC fueron funcionales a la estrategia del establecimiento de confrontar la ofensiva de las FARC de mediados de los [&hellip;]<\/p>\n","protected":false},"author":51,"featured_media":18872,"comment_status":"closed","ping_status":"closed","sticky":false,"template":"","format":"standard","meta":{"_et_pb_use_builder":"","_et_pb_old_content":"","_et_gb_content_width":"","footnotes":""},"categories":[16,462,20,19,18],"tags":[],"class_list":["post-18871","post","type-post","status-publish","format-standard","has-post-thumbnail","hentry","category-conflicto-armado","category-destacado","category-seguridad","category-tierras","category-victimas"],"_links":{"self":[{"href":"https:\/\/arcoiris.com.co\/v3\/wp-json\/wp\/v2\/posts\/18871","targetHints":{"allow":["GET"]}}],"collection":[{"href":"https:\/\/arcoiris.com.co\/v3\/wp-json\/wp\/v2\/posts"}],"about":[{"href":"https:\/\/arcoiris.com.co\/v3\/wp-json\/wp\/v2\/types\/post"}],"author":[{"embeddable":true,"href":"https:\/\/arcoiris.com.co\/v3\/wp-json\/wp\/v2\/users\/51"}],"replies":[{"embeddable":true,"href":"https:\/\/arcoiris.com.co\/v3\/wp-json\/wp\/v2\/comments?post=18871"}],"version-history":[{"count":0,"href":"https:\/\/arcoiris.com.co\/v3\/wp-json\/wp\/v2\/posts\/18871\/revisions"}],"wp:featuredmedia":[{"embeddable":true,"href":"https:\/\/arcoiris.com.co\/v3\/wp-json\/wp\/v2\/media\/18872"}],"wp:attachment":[{"href":"https:\/\/arcoiris.com.co\/v3\/wp-json\/wp\/v2\/media?parent=18871"}],"wp:term":[{"taxonomy":"category","embeddable":true,"href":"https:\/\/arcoiris.com.co\/v3\/wp-json\/wp\/v2\/categories?post=18871"},{"taxonomy":"post_tag","embeddable":true,"href":"https:\/\/arcoiris.com.co\/v3\/wp-json\/wp\/v2\/tags?post=18871"}],"curies":[{"name":"wp","href":"https:\/\/api.w.org\/{rel}","templated":true}]}}