{"id":18959,"date":"2016-04-18T13:06:47","date_gmt":"2016-04-18T18:06:47","guid":{"rendered":"https:\/\/arcoiris.com.co\/v3\/?p=18959"},"modified":"2019-08-26T15:08:03","modified_gmt":"2019-08-26T20:08:03","slug":"la-macarena-no-quiere-ser-violentada-por-el-petroleo-y-debe-respetarse-confetur","status":"publish","type":"post","link":"https:\/\/arcoiris.com.co\/v3\/2016\/04\/la-macarena-no-quiere-ser-violentada-por-el-petroleo-y-debe-respetarse-confetur\/","title":{"rendered":"La Macarena no quiere ser violentada por el petr\u00f3leo y debe respetarse: CONFETUR"},"content":{"rendered":"<div id=\"attachment_18960\" style=\"width: 610px\" class=\"wp-caption aligncenter\"><a href=\"https:\/\/arcoiris.com.co\/v3\/wp-content\/uploads\/2016\/04\/CgV_GMLWwAETmsW.jpg\"><img loading=\"lazy\" decoding=\"async\" aria-describedby=\"caption-attachment-18960\" class=\"size-full wp-image-18960\" src=\"https:\/\/arcoiris.com.co\/v3\/wp-content\/uploads\/2016\/04\/CgV_GMLWwAETmsW.jpg\" alt=\"Foto: Eddy Rojas\/ Ca\u00f1o Cristales, maravilla natural en La Macarena (Meta).\" width=\"600\" height=\"338\" srcset=\"https:\/\/arcoiris.com.co\/v3\/wp-content\/uploads\/2016\/04\/CgV_GMLWwAETmsW.jpg 600w, https:\/\/arcoiris.com.co\/v3\/wp-content\/uploads\/2016\/04\/CgV_GMLWwAETmsW-300x169.jpg 300w\" sizes=\"(max-width: 600px) 100vw, 600px\" \/><\/a><p id=\"caption-attachment-18960\" class=\"wp-caption-text\">Foto: Eddy Rojas\/ Ca\u00f1o Cristales, maravilla natural en La Macarena (Meta).<\/p><\/div>\n<p style=\"text-align: justify;\">La Macarena no quiere ser violentada por el petr\u00f3leo y eso debe respetarse, dice CONFETUR<\/p>\n<p style=\"text-align: justify;\">Bogot\u00e1\u2026 La CONFEDERACI\u00d3N DE LA INDUSTRIA TUR\u00cdSTICA DE COLOMBIA \u2013 CONFETUR se uni\u00f3 a las voces de rechazo que exigen la revocatoria de la Resoluci\u00f3n N\u00b0 0286 de marzo 18 de 2016, mediante la cual la Autoridad Nacional de Licencias Ambientales \u2013ANLA- concedi\u00f3 licencia para la ejecuci\u00f3n del proyecto \u201c\u00c1rea de Inter\u00e9s de Perforaci\u00f3n Exploratoria Serran\u00eda\u201d a la petrolera HUPECOL.<\/p>\n<p style=\"text-align: justify;\">El Presidente Nacional de CONFETUR, Rudesindo Moreno Rojas, quien sigue atentamente desde Cartagena de Indias la Gran Jornada \u201cMedios por La Macarena\u201d liderada por los comunicadores del Meta, record\u00f3 que \u201cesta es una lucha que por a\u00f1os han sostenido nuestros asociados de ese municipio, haciendo eco de los lugare\u00f1os pero tambi\u00e9n de los visitantes que llegan del mundo entero, y no entienden c\u00f3mo alguien podr\u00eda siquiera atreverse a cavar un hoyo con una pala para modificar este santuario de naturaleza\u201d.<\/p>\n<p style=\"text-align: justify;\">\u201cEs claro que la industria tur\u00edstica en La Macarena se ha venido desarrollando con una exigente conciencia conservacionista, una ecoescuela para el visitante, y por tanto es inaceptable el mezquino argumento de quienes buscan realizar una eventual extracci\u00f3n petrolera, en el sentido de que la nuestra puede ser una actividad a\u00fan m\u00e1s impactante que la suya propia\u201d, sostuvo Moreno Rojas.<\/p>\n<p style=\"text-align: justify;\">El dirigente gremial invit\u00f3 a sus hom\u00f3logos y a la dirigencia pol\u00edtica a seguir el buen ejemplo demostrado hoy por los periodistas, en el sentido de entender esta lucha como una causa com\u00fan y deponer las banderas individualistas, ante el crimen ecol\u00f3gico que est\u00e1 a punto de legalizarse en territorios de Meta y Caquet\u00e1.<\/p>\n<p style=\"text-align: justify;\">Ver Bolet\u00edn completo en\u00a0<span style=\"color: #800000;\"><em><strong><a style=\"color: #800000;\" href=\"https:\/\/arcoiris.com.co\/v3\/wp-content\/uploads\/2016\/04\/BOLET\u00cdN-DE-PRENSA-CONFETUR.pdf\" target=\"_blank\" rel=\"noopener noreferrer\">BOLET\u00cdN DE PRENSA CONFETUR<\/a><\/strong><\/em><\/span><a href=\"https:\/\/arcoiris.com.co\/v3\/wp-content\/uploads\/2016\/04\/e98fc58d-da74-41cd-ba33-4b86f4a372c9.jpg\"><br \/>\n<\/a><\/p>\n","protected":false},"excerpt":{"rendered":"<p>La Macarena no quiere ser violentada por el petr\u00f3leo y eso debe respetarse, dice CONFETUR Bogot\u00e1\u2026 La CONFEDERACI\u00d3N DE LA INDUSTRIA TUR\u00cdSTICA DE COLOMBIA \u2013 CONFETUR se uni\u00f3 a las voces de rechazo que exigen la revocatoria de la Resoluci\u00f3n N\u00b0 0286 de marzo 18 de 2016, mediante la cual la Autoridad Nacional de Licencias [&hellip;]<\/p>\n","protected":false},"author":51,"featured_media":18960,"comment_status":"closed","ping_status":"closed","sticky":false,"template":"","format":"standard","meta":{"_et_pb_use_builder":"","_et_pb_old_content":"","_et_gb_content_width":"","footnotes":""},"categories":[1,462,41,19],"tags":[],"class_list":["post-18959","post","type-post","status-publish","format-standard","has-post-thumbnail","hentry","category-uncategorized","category-destacado","category-territorio-y-desarrollo","category-tierras"],"_links":{"self":[{"href":"https:\/\/arcoiris.com.co\/v3\/wp-json\/wp\/v2\/posts\/18959","targetHints":{"allow":["GET"]}}],"collection":[{"href":"https:\/\/arcoiris.com.co\/v3\/wp-json\/wp\/v2\/posts"}],"about":[{"href":"https:\/\/arcoiris.com.co\/v3\/wp-json\/wp\/v2\/types\/post"}],"author":[{"embeddable":true,"href":"https:\/\/arcoiris.com.co\/v3\/wp-json\/wp\/v2\/users\/51"}],"replies":[{"embeddable":true,"href":"https:\/\/arcoiris.com.co\/v3\/wp-json\/wp\/v2\/comments?post=18959"}],"version-history":[{"count":0,"href":"https:\/\/arcoiris.com.co\/v3\/wp-json\/wp\/v2\/posts\/18959\/revisions"}],"wp:featuredmedia":[{"embeddable":true,"href":"https:\/\/arcoiris.com.co\/v3\/wp-json\/wp\/v2\/media\/18960"}],"wp:attachment":[{"href":"https:\/\/arcoiris.com.co\/v3\/wp-json\/wp\/v2\/media?parent=18959"}],"wp:term":[{"taxonomy":"category","embeddable":true,"href":"https:\/\/arcoiris.com.co\/v3\/wp-json\/wp\/v2\/categories?post=18959"},{"taxonomy":"post_tag","embeddable":true,"href":"https:\/\/arcoiris.com.co\/v3\/wp-json\/wp\/v2\/tags?post=18959"}],"curies":[{"name":"wp","href":"https:\/\/api.w.org\/{rel}","templated":true}]}}