{"id":18988,"date":"2016-04-25T11:55:26","date_gmt":"2016-04-25T16:55:26","guid":{"rendered":"https:\/\/arcoiris.com.co\/v3\/?p=18988"},"modified":"2019-08-26T15:08:03","modified_gmt":"2019-08-26T20:08:03","slug":"resultado-de-encuesta-colombia-esta-preparada-para-un-desastre-natural","status":"publish","type":"post","link":"https:\/\/arcoiris.com.co\/v3\/2016\/04\/resultado-de-encuesta-colombia-esta-preparada-para-un-desastre-natural\/","title":{"rendered":"Resultado de Encuesta: \u00bfColombia est\u00e1 preparada para un desastre natural?"},"content":{"rendered":"<p style=\"text-align: justify;\">Ecuador ha pasado por una semana con cuantiosas p\u00e9rdidas de vidas y p\u00e9rdidas econ\u00f3micas. El pasado s\u00e1bado, 16 de abril a las 5:22 p. m (hora local), un terremoto de 7,8 grados en la escala de Richter sacudi\u00f3 al territorio ecuatoriano, luego el martes se registr\u00f3 una r\u00e9plica de 5,9 grados y as\u00ed hasta completar 621 r\u00e9plicas con temblores de magnitud 6,2, 5,4, 4,4, y 3,7 en la escala, a lo largo de la semana.<\/p>\n<p style=\"text-align: justify;\">Hasta el momento se han registrado seg\u00fan la Secretar\u00eda de Gesti\u00f3n de Riesgos, al menos 655 fallecidos y 29.067 afectados, 4.605 heridos y 48 desaparecidos y que 113 personas fueron rescatadas con vida de entre los escombros. (<span style=\"color: #333399;\"><strong><em><a style=\"color: #333399;\" href=\"http:\/\/www.latribuna.hn\/2016\/04\/25\/ascienden-655-los-muertos-sismo-ecuador\/\" target=\"_blank\" rel=\"noopener noreferrer\">Ver La Tribuna<\/a><\/em><\/strong><\/span>)<\/p>\n<p style=\"text-align: justify;\">Este caso de emergencia en el pa\u00eds vecino cuestiona si los pa\u00edses est\u00e1n o no preparados para alg\u00fan tipo de desastre de la naturaleza, es por eso que al p\u00fablico se le realiz\u00f3, desde el lunes 18 hasta este 25 de abril, la siguiente encuesta:<\/p>\n<p style=\"text-align: justify;\">\u00a0[poll id=\u00bb35&#8243;]\n<p style=\"text-align: justify;\">Los invitamos a seguir participando de la encuesta virtual que se rota cada lunes y que la encuentran en la parte superior del lateral izquierdo.<\/p>\n<p style=\"text-align: justify;\">Gracias por votar.<\/p>\n","protected":false},"excerpt":{"rendered":"<p>Ecuador ha pasado por una semana con cuantiosas p\u00e9rdidas de vidas y p\u00e9rdidas econ\u00f3micas. El pasado s\u00e1bado, 16 de abril a las 5:22 p. m (hora local), un terremoto de 7,8 grados en la escala de Richter sacudi\u00f3 al territorio ecuatoriano, luego el martes se registr\u00f3 una r\u00e9plica de 5,9 grados y as\u00ed hasta completar [&hellip;]<\/p>\n","protected":false},"author":51,"featured_media":0,"comment_status":"closed","ping_status":"closed","sticky":false,"template":"","format":"standard","meta":{"_et_pb_use_builder":"","_et_pb_old_content":"","_et_gb_content_width":"","footnotes":""},"categories":[1,462,626,41],"tags":[],"class_list":["post-18988","post","type-post","status-publish","format-standard","hentry","category-uncategorized","category-destacado","category-encuesta-semanal","category-territorio-y-desarrollo"],"_links":{"self":[{"href":"https:\/\/arcoiris.com.co\/v3\/wp-json\/wp\/v2\/posts\/18988","targetHints":{"allow":["GET"]}}],"collection":[{"href":"https:\/\/arcoiris.com.co\/v3\/wp-json\/wp\/v2\/posts"}],"about":[{"href":"https:\/\/arcoiris.com.co\/v3\/wp-json\/wp\/v2\/types\/post"}],"author":[{"embeddable":true,"href":"https:\/\/arcoiris.com.co\/v3\/wp-json\/wp\/v2\/users\/51"}],"replies":[{"embeddable":true,"href":"https:\/\/arcoiris.com.co\/v3\/wp-json\/wp\/v2\/comments?post=18988"}],"version-history":[{"count":0,"href":"https:\/\/arcoiris.com.co\/v3\/wp-json\/wp\/v2\/posts\/18988\/revisions"}],"wp:attachment":[{"href":"https:\/\/arcoiris.com.co\/v3\/wp-json\/wp\/v2\/media?parent=18988"}],"wp:term":[{"taxonomy":"category","embeddable":true,"href":"https:\/\/arcoiris.com.co\/v3\/wp-json\/wp\/v2\/categories?post=18988"},{"taxonomy":"post_tag","embeddable":true,"href":"https:\/\/arcoiris.com.co\/v3\/wp-json\/wp\/v2\/tags?post=18988"}],"curies":[{"name":"wp","href":"https:\/\/api.w.org\/{rel}","templated":true}]}}