{"id":19095,"date":"2016-05-17T14:09:50","date_gmt":"2016-05-17T19:09:50","guid":{"rendered":"https:\/\/arcoiris.com.co\/v3\/?p=19095"},"modified":"2019-08-26T15:07:59","modified_gmt":"2019-08-26T20:07:59","slug":"seguridad-juridica-del-acuerdo-final","status":"publish","type":"post","link":"https:\/\/arcoiris.com.co\/v3\/2016\/05\/seguridad-juridica-del-acuerdo-final\/","title":{"rendered":"Seguridad jur\u00eddica del acuerdo final"},"content":{"rendered":"<p style=\"text-align: justify;\"><a href=\"https:\/\/arcoiris.com.co\/v3\/wp-content\/uploads\/2016\/05\/Sin-t\u00edtulo-4.png\"><img loading=\"lazy\" decoding=\"async\" class=\"aligncenter size-large wp-image-19096\" src=\"https:\/\/arcoiris.com.co\/v3\/wp-content\/uploads\/2016\/05\/Sin-t\u00edtulo-4-640x287.png\" alt=\"Sin t\u00edtulo\" width=\"620\" height=\"278\" srcset=\"https:\/\/arcoiris.com.co\/v3\/wp-content\/uploads\/2016\/05\/Sin-t\u00edtulo-4-640x287.png 640w, https:\/\/arcoiris.com.co\/v3\/wp-content\/uploads\/2016\/05\/Sin-t\u00edtulo-4-300x134.png 300w, https:\/\/arcoiris.com.co\/v3\/wp-content\/uploads\/2016\/05\/Sin-t\u00edtulo-4-768x344.png 768w, https:\/\/arcoiris.com.co\/v3\/wp-content\/uploads\/2016\/05\/Sin-t\u00edtulo-4.png 1137w\" sizes=\"(max-width: 620px) 100vw, 620px\" \/><br \/>\n<\/a>Esta semana la Oficina del Alto Comisionado para la Paz public\u00f3 desde su portal web una serie de preguntas y respuestas en torno al acuerdo sobre seguridad jur\u00eddica.<\/p>\n<p style=\"text-align: justify;\">Entre las preguntas est\u00e1n, cu\u00e1les son los logros hasta el momento, c\u00f3mo ser\u00e1 ese proceso que incorpore el ordenamiento jur\u00eddico al Acuerdo Final y qu\u00e9 es lo que gira en torno al tema de refrendaci\u00f3n popular.<\/p>\n<p style=\"text-align: justify;\">Las respuestas plasmadas dan luces del avance y proceso en este punto que \u201ctrata de una ruta compleja de formalizaci\u00f3n jur\u00eddica del Acuerdo Final que se basa en las instituciones de nuestra democracia y se apoya en diferentes instancias internacionales para darle mayor solidez\u201d, ruta que tiene cinco elementos del proceso de incorporaci\u00f3n como:<\/p>\n<p style=\"text-align: justify;\">\u2022 Dep\u00f3sito como Acuerdo Especial en los t\u00e9rminos del art\u00edculo 3 com\u00fan a los Convenios de Ginebra de 1949 ante el Consejo Federal Suizo en Berna.<br \/>\n\u2022 Incorporaci\u00f3n del Acuerdo al ordenamiento jur\u00eddico nacional<br \/>\n\u2022 Incorporaci\u00f3n del Acuerdo Final al bloque de constitucionalidad<br \/>\n\u2022 Procedimiento Legislativo Especial para la Paz<br \/>\n\u2022 Incorporaci\u00f3n del Acuerdo Final en un documento oficial del Consejo de Seguridad de Naciones Unidas<\/p>\n<p style=\"text-align: justify;\">Tambi\u00e9n constituye \u201cuna garant\u00eda de cumplimiento de lo acordado. Las FARC reconocen y aceptan que es en el Congreso de la Rep\u00fablica donde se aprobar\u00e1n las normas necesarias para la incorporaci\u00f3n jur\u00eddica de los acuerdos\u201d, en cuanto a la refrendaci\u00f3n \u201ca\u00fan no ha sido acordada en La Habana, pero el Gobierno reitera su compromiso con que ser\u00e1n los colombianos quienes tendr\u00e1n la \u00faltima palabra.<\/p>\n<blockquote>\n<p style=\"text-align: justify;\">Para el Gobierno Nacional es esencial que los acuerdos finales fruto de las negociaciones sean ampliamente conocidos, difundidos, discutidos y aceptados de forma democr\u00e1tica por todos los ciudadanos de Colombia, como garant\u00eda del principio democr\u00e1tico.<\/p>\n<p style=\"text-align: justify;\">Si bien el mecanismo de aprobaci\u00f3n popular no se ha pactado a\u00fan en la Mesa de conversaciones, el Congreso de la Rep\u00fablica tramit\u00f3 un proyecto que desarrolla un nuevo tipo de plebiscito a trav\u00e9s del cual se podr\u00e1 someter a aprobaci\u00f3n popular el Acuerdo Final. Ese proyecto de Ley est\u00e1 siendo objeto de revisi\u00f3n por parte de la Corte Constitucional.<\/p>\n<\/blockquote>\n<p style=\"text-align: justify;\">Ver completo en <a href=\"http:\/\/www.altocomisionadoparalapaz.gov.co\/procesos-y-conversaciones\/proceso-de-paz-con-las-farc-ep\/Paginas\/Preguntas-y-respuestas-en-torno-al-acuerdo-sobre-seguridad-juridica-del-Acuerdo-final.aspx\" target=\"_blank\" rel=\"noopener noreferrer\"><span style=\"color: #ff0000;\"><em><strong>Oficina del Alto Comisionado para la Paz<\/strong><\/em><\/span><\/a><\/p>\n","protected":false},"excerpt":{"rendered":"<p>Esta semana la Oficina del Alto Comisionado para la Paz public\u00f3 desde su portal web una serie de preguntas y respuestas en torno al acuerdo sobre seguridad jur\u00eddica. Entre las preguntas est\u00e1n, cu\u00e1les son los logros hasta el momento, c\u00f3mo ser\u00e1 ese proceso que incorpore el ordenamiento jur\u00eddico al Acuerdo Final y qu\u00e9 es lo [&hellip;]<\/p>\n","protected":false},"author":51,"featured_media":19096,"comment_status":"closed","ping_status":"closed","sticky":false,"template":"","format":"standard","meta":{"_et_pb_use_builder":"","_et_pb_old_content":"","_et_gb_content_width":"","footnotes":""},"categories":[1,462,21,17,15,20],"tags":[],"class_list":["post-19095","post","type-post","status-publish","format-standard","has-post-thumbnail","hentry","category-uncategorized","category-destacado","category-justicia","category-paz","category-politica","category-seguridad"],"_links":{"self":[{"href":"https:\/\/arcoiris.com.co\/v3\/wp-json\/wp\/v2\/posts\/19095","targetHints":{"allow":["GET"]}}],"collection":[{"href":"https:\/\/arcoiris.com.co\/v3\/wp-json\/wp\/v2\/posts"}],"about":[{"href":"https:\/\/arcoiris.com.co\/v3\/wp-json\/wp\/v2\/types\/post"}],"author":[{"embeddable":true,"href":"https:\/\/arcoiris.com.co\/v3\/wp-json\/wp\/v2\/users\/51"}],"replies":[{"embeddable":true,"href":"https:\/\/arcoiris.com.co\/v3\/wp-json\/wp\/v2\/comments?post=19095"}],"version-history":[{"count":0,"href":"https:\/\/arcoiris.com.co\/v3\/wp-json\/wp\/v2\/posts\/19095\/revisions"}],"wp:featuredmedia":[{"embeddable":true,"href":"https:\/\/arcoiris.com.co\/v3\/wp-json\/wp\/v2\/media\/19096"}],"wp:attachment":[{"href":"https:\/\/arcoiris.com.co\/v3\/wp-json\/wp\/v2\/media?parent=19095"}],"wp:term":[{"taxonomy":"category","embeddable":true,"href":"https:\/\/arcoiris.com.co\/v3\/wp-json\/wp\/v2\/categories?post=19095"},{"taxonomy":"post_tag","embeddable":true,"href":"https:\/\/arcoiris.com.co\/v3\/wp-json\/wp\/v2\/tags?post=19095"}],"curies":[{"name":"wp","href":"https:\/\/api.w.org\/{rel}","templated":true}]}}