{"id":19375,"date":"2016-06-24T13:39:04","date_gmt":"2016-06-24T18:39:04","guid":{"rendered":"https:\/\/arcoiris.com.co\/v3\/?p=19375"},"modified":"2019-08-26T15:07:52","modified_gmt":"2019-08-26T20:07:52","slug":"el-ultimo-dia-de-la-guerra","status":"publish","type":"post","link":"https:\/\/arcoiris.com.co\/v3\/2016\/06\/el-ultimo-dia-de-la-guerra\/","title":{"rendered":"El \u00faltimo d\u00eda de la guerra"},"content":{"rendered":"<div id=\"attachment_19376\" style=\"width: 510px\" class=\"wp-caption aligncenter\"><a href=\"https:\/\/arcoiris.com.co\/v3\/wp-content\/uploads\/2016\/06\/WhatsApp-Image-20160624-6.jpeg\"><img loading=\"lazy\" decoding=\"async\" aria-describedby=\"caption-attachment-19376\" class=\"size-large wp-image-19376\" src=\"https:\/\/arcoiris.com.co\/v3\/wp-content\/uploads\/2016\/06\/WhatsApp-Image-20160624-6-500x640.jpeg\" alt=\"Foto: Germ\u00e1n Moreno Coordinador de Comunicaciones en Proyecto Capacidades para la Paz Territorial\/ Concentraci\u00f3n en la Jim\u00e9nez con 7\u00ba el 23 de junio de 2016\" width=\"500\" height=\"640\" srcset=\"https:\/\/arcoiris.com.co\/v3\/wp-content\/uploads\/2016\/06\/WhatsApp-Image-20160624-6-500x640.jpeg 500w, https:\/\/arcoiris.com.co\/v3\/wp-content\/uploads\/2016\/06\/WhatsApp-Image-20160624-6-234x300.jpeg 234w, https:\/\/arcoiris.com.co\/v3\/wp-content\/uploads\/2016\/06\/WhatsApp-Image-20160624-6.jpeg 578w\" sizes=\"(max-width: 500px) 100vw, 500px\" \/><\/a><p id=\"caption-attachment-19376\" class=\"wp-caption-text\">Foto: Germ\u00e1n Moreno Coordinador de Comunicaciones en Proyecto Capacidades para la Paz Territorial\/ Concentraci\u00f3n en la Jim\u00e9nez con 7\u00ba el 23 de junio de 2016<\/p><\/div>\n<p style=\"text-align: justify;\">Las armas est\u00e1n en silencio, los fusiles han dejado de escupir balas de sangre y desolaci\u00f3n, la esperanza pareciera emerger de lo m\u00e1s profundo de las entra\u00f1as de un pa\u00eds devastado por el odio, \u201cPAZ\u201d el \u00fanico grito de batalla valido para el d\u00eda de hoy.<\/p>\n<p style=\"text-align: justify;\">La noticia esperada por m\u00e1s de 60 a\u00f1os en Colombia, ayer, por fin fue divulgada, el gobierno nacional y el grupo guerrillero FARC han llegado a un acuerdo para dar fin al conflicto. Ha sido un proceso de m\u00e1s de 4 a\u00f1os con tantos altibajos como la situaci\u00f3n lo amerita, &lt;&lt;la paz se hace con los enemigos&gt;&gt;, con dos bandos contrapuestos tanto en ideas como en formas de ejecutarlas. Podemos no estar de acuerdo con muchos puntos pactados en la mesa de dialogo pero esto no hace que el 23 de Junio de 2016 deje de ser un d\u00eda hist\u00f3rico para el pa\u00eds, el d\u00eda en el que una generaci\u00f3n dijo no a la guerra, no a la violencia, no a la perpetuidad del conflicto y abri\u00f3 un nuevo camino a la construcci\u00f3n de pa\u00eds. Es un punto de inflexi\u00f3n para la naci\u00f3n en el que como colombianos podemos dar un nuevo aire a un pa\u00eds asfixiado en dolor, odio y violencia, llego la hora de perdonar, olvidar y no repetir errores del pasado, solo se es v\u00e1lido perdonar lo imperdonable, de ah\u00ed radica la gallard\u00eda de la humanidad, las cicatrices permanecer\u00e1n por siempre y tal vez el dolor jam\u00e1s sea recompensado, pero las siguientes generaciones conocer\u00e1n un pa\u00eds un tanto m\u00e1s tranquilo y m\u00e1s cerca de una paz tan anhelada.<\/p>\n<div id=\"attachment_19377\" style=\"width: 310px\" class=\"wp-caption alignleft\"><a href=\"https:\/\/arcoiris.com.co\/v3\/wp-content\/uploads\/2016\/06\/WhatsApp-Image-20160624-4.jpeg\"><img loading=\"lazy\" decoding=\"async\" aria-describedby=\"caption-attachment-19377\" class=\"wp-image-19377 size-medium\" src=\"https:\/\/arcoiris.com.co\/v3\/wp-content\/uploads\/2016\/06\/WhatsApp-Image-20160624-4-300x225.jpeg\" alt=\" \" width=\"300\" height=\"225\" srcset=\"https:\/\/arcoiris.com.co\/v3\/wp-content\/uploads\/2016\/06\/WhatsApp-Image-20160624-4-300x225.jpeg 300w, https:\/\/arcoiris.com.co\/v3\/wp-content\/uploads\/2016\/06\/WhatsApp-Image-20160624-4-768x576.jpeg 768w, https:\/\/arcoiris.com.co\/v3\/wp-content\/uploads\/2016\/06\/WhatsApp-Image-20160624-4-640x480.jpeg 640w, https:\/\/arcoiris.com.co\/v3\/wp-content\/uploads\/2016\/06\/WhatsApp-Image-20160624-4.jpeg 1133w\" sizes=\"(max-width: 300px) 100vw, 300px\" \/><\/a><p id=\"caption-attachment-19377\" class=\"wp-caption-text\">Foto: CNAI\/ Concentraci\u00f3n en Bogot\u00e1, Av Jim\u00e9nez con 7\u00ba el 23 de junio de 2016<\/p><\/div>\n<p style=\"text-align: justify;\">Es hora de alzar la mirada al cielo y recordar a las m\u00e1s de 8 millones de v\u00edctimas directas e indirectas del conflicto, es hora de rendir homenaje a esos colombianos de bien, compatriotas que se vieron inmersos en una guerra que no era suya, personas que lo perdieron todo, su vida, su familia y su dignidad; callar por un momento, parar todo, tal vez derramar una lagrima de tristeza mezclada con amor de patria y unirnos como naci\u00f3n en el clamor colectivo de la no repetici\u00f3n, de la paz y la reconciliaci\u00f3n. Este y solo este ser\u00e1 por siempre el mayor homenaje a compatriotas que vertieron su sangre por m\u00e1s de 60 a\u00f1os de conflicto; la naci\u00f3n del Bogotazo y de las guerras partidistas est\u00e1 dando el primero de muchos pasos, dejando atr\u00e1s d\u00e9cadas de masacres y tomas a poblaciones, no m\u00e1s secuestros, no m\u00e1s violencia a raz\u00f3n de una ideolog\u00eda pol\u00edtica, no m\u00e1s v\u00edctimas es la consigna, y homenaje a quienes sufrieron en carne propia los fragores de la guerra. Se acab\u00f3. Es el \u00faltimo d\u00eda de la guerra.<\/p>\n<p style=\"text-align: justify;\">Este es solo el principio, los obst\u00e1culos empezaran a fraguar las m\u00e1s duras pruebas, &lt;&lt; nada es m\u00e1s dif\u00edcil que vivir en paz&gt;&gt;. Muchos se levantaran en contra de la decisi\u00f3n y son los actos de las personas del com\u00fan los que pondr\u00e1n el punto definitivo al proceso, la convivencia y tolerancia deber\u00e1 surgir de los campos y las ciudades, es hora del cambio. La firma solo ser\u00e1 anecd\u00f3tica si no logramos asimilar el momento hist\u00f3rico que vivimos, Colombia es una naci\u00f3n fuerte y lo demuestra tras cada tropiezo, somos la generaci\u00f3n de la paz, de la historia. Es v\u00e1lido estar felices, llorar de emoci\u00f3n y abrazar a alguien, colmar las calles de flores para celebrar un triunfo y un grito que hemos contenido por m\u00e1s de 6 d\u00e9cadas, los ojos del mundo est\u00e1n en Colombia, \u00a1lo logramos! El primer paso ya fue dado.<\/p>\n<p style=\"text-align: justify;\">Diego Iba\u00f1ez Cruz<br \/>\n<em>Estudiante de derecho de la universidad Grancolombia <\/em><\/p>\n","protected":false},"excerpt":{"rendered":"<p>Las armas est\u00e1n en silencio, los fusiles han dejado de escupir balas de sangre y desolaci\u00f3n, la esperanza pareciera emerger de lo m\u00e1s profundo de las entra\u00f1as de un pa\u00eds devastado por el odio, \u201cPAZ\u201d el \u00fanico grito de batalla valido para el d\u00eda de hoy. La noticia esperada por m\u00e1s de 60 a\u00f1os en [&hellip;]<\/p>\n","protected":false},"author":51,"featured_media":19376,"comment_status":"closed","ping_status":"closed","sticky":false,"template":"","format":"standard","meta":{"_et_pb_use_builder":"","_et_pb_old_content":"","_et_gb_content_width":"","footnotes":""},"categories":[462,21,29,3,17,15,20,19,18],"tags":[],"class_list":["post-19375","post","type-post","status-publish","format-standard","has-post-thumbnail","hentry","category-destacado","category-justicia","category-nacional","category-pais","category-paz","category-politica","category-seguridad","category-tierras","category-victimas"],"_links":{"self":[{"href":"https:\/\/arcoiris.com.co\/v3\/wp-json\/wp\/v2\/posts\/19375","targetHints":{"allow":["GET"]}}],"collection":[{"href":"https:\/\/arcoiris.com.co\/v3\/wp-json\/wp\/v2\/posts"}],"about":[{"href":"https:\/\/arcoiris.com.co\/v3\/wp-json\/wp\/v2\/types\/post"}],"author":[{"embeddable":true,"href":"https:\/\/arcoiris.com.co\/v3\/wp-json\/wp\/v2\/users\/51"}],"replies":[{"embeddable":true,"href":"https:\/\/arcoiris.com.co\/v3\/wp-json\/wp\/v2\/comments?post=19375"}],"version-history":[{"count":0,"href":"https:\/\/arcoiris.com.co\/v3\/wp-json\/wp\/v2\/posts\/19375\/revisions"}],"wp:featuredmedia":[{"embeddable":true,"href":"https:\/\/arcoiris.com.co\/v3\/wp-json\/wp\/v2\/media\/19376"}],"wp:attachment":[{"href":"https:\/\/arcoiris.com.co\/v3\/wp-json\/wp\/v2\/media?parent=19375"}],"wp:term":[{"taxonomy":"category","embeddable":true,"href":"https:\/\/arcoiris.com.co\/v3\/wp-json\/wp\/v2\/categories?post=19375"},{"taxonomy":"post_tag","embeddable":true,"href":"https:\/\/arcoiris.com.co\/v3\/wp-json\/wp\/v2\/tags?post=19375"}],"curies":[{"name":"wp","href":"https:\/\/api.w.org\/{rel}","templated":true}]}}