{"id":19380,"date":"2016-06-24T15:13:39","date_gmt":"2016-06-24T20:13:39","guid":{"rendered":"https:\/\/arcoiris.com.co\/v3\/?p=19380"},"modified":"2019-08-26T15:07:52","modified_gmt":"2019-08-26T20:07:52","slug":"ley-1257-de-2008-sobre-no-violencias-contra-las-mujeres","status":"publish","type":"post","link":"https:\/\/arcoiris.com.co\/v3\/2016\/06\/ley-1257-de-2008-sobre-no-violencias-contra-las-mujeres\/","title":{"rendered":"Ley 1257 de 2008 sobre no violencias contra las mujeres"},"content":{"rendered":"<div id=\"attachment_19382\" style=\"width: 610px\" class=\"wp-caption aligncenter\"><a href=\"https:\/\/arcoiris.com.co\/v3\/wp-content\/uploads\/2016\/06\/nomasviogen.jpg\"><img loading=\"lazy\" decoding=\"async\" aria-describedby=\"caption-attachment-19382\" class=\"size-full wp-image-19382\" src=\"https:\/\/arcoiris.com.co\/v3\/wp-content\/uploads\/2016\/06\/nomasviogen.jpg\" alt=\"Imagen: Portal crear espacio sensible.\" width=\"600\" height=\"528\" srcset=\"https:\/\/arcoiris.com.co\/v3\/wp-content\/uploads\/2016\/06\/nomasviogen.jpg 600w, https:\/\/arcoiris.com.co\/v3\/wp-content\/uploads\/2016\/06\/nomasviogen-300x264.jpg 300w\" sizes=\"(max-width: 600px) 100vw, 600px\" \/><\/a><p id=\"caption-attachment-19382\" class=\"wp-caption-text\">Imagen: Portal crear espacio sensible.<\/p><\/div>\n<p style=\"text-align: justify;\">(Continuaci\u00f3n de <span style=\"color: #800000;\"><em><strong><a style=\"color: #800000;\" href=\"https:\/\/arcoiris.com.co\/v3\/2016\/06\/colombia-cumple-un-ano-de-decirle-no-a-la-violencia-contra-la-mujer\/\" target=\"_blank\" rel=\"noopener noreferrer\">Colombia cumple un a\u00f1o de decirle \u201cNO\u201d a la violencia contra la mujer<\/a><\/strong><\/em><\/span>)<\/p>\n<p style=\"text-align: justify;\">En los \u00faltimos d\u00edas se ha llevado a cabo un encuentro en la capital colombiana para combatir la violencia de g\u00e9nero. \u201cUn grupo de acad\u00e9micos, juristas, investigadores y representantes de entidades nacionales e internacionales discuten durante cuatro d\u00edas (hasta el 24 de junio) c\u00f3mo avanzar y enfrentar la impunidad en los procesos por violencia de g\u00e9nero, intrafamiliar y violencia sexual en Colombia, que seg\u00fan organizaciones de derechos humanos, supera el 90 por ciento.\u201d (Ver en <strong><span style=\"color: #0000ff;\"><a style=\"color: #0000ff;\" href=\"http:\/\/www.eltiempo.com\/politica\/justicia\/cumbre-contra-la-violencia-de-genero\/16628056\" target=\"_blank\" rel=\"noopener noreferrer\">El Tiempo<\/a><\/span><\/strong>)<\/p>\n<p style=\"text-align: justify;\">Cabe mencionar que la Violencia de G\u00e9nero corresponde a \u201clos hechos agresivos ejercidos sobre una persona, precisamente por su g\u00e9nero. Las acciones que consideramos violentas son todas aquellas que afectan de forma negativa a la identidad, la sexualidad y libertad reproductiva, la salud f\u00edsica y mental y el bienestar social de una persona.\u201d (Ver <strong><span style=\"color: #008080;\"><a style=\"color: #008080;\" href=\"http:\/\/concepto.de\/violencia-de-genero\/#ixzz4C9UgsHpU\" target=\"_blank\" rel=\"noopener noreferrer\">Concepto de Violencia de g\u00e9nero<\/a><\/span><\/strong>)<\/p>\n<p style=\"text-align: justify;\">En la anterior entrega <em>\u201cColombia cumple un a\u00f1o de decirle \u201cNO\u201d a la violencia contra la mujer\u201d<\/em>, se explic\u00f3 de forma breve lo concerniente al \u201cFeminicidio\u201d, en esta ocasi\u00f3n se tratar\u00e1 lo referente a \u201cViolencia de G\u00e9nero\u201d. Las diferencias entre cada una de estas definiciones es que en la primera se comete necesariamente un asesinato como forma de demostrar el poder sobre una mujer mientras que en la segunda solo se reflejan hechos violentos que son ejercidos por una persona hac\u00eda otra, como ya se mencion\u00f3 anteriormente, solo por su g\u00e9nero dejando como consecuencia una afectaci\u00f3n negativa a la vida de la v\u00edctima, aunque no hay un lugar o entorno espec\u00edfico, se ha detallado que generalmente ocurren en el n\u00facleo familiar que se denomina como violencia intrafamiliar.<\/p>\n<p style=\"text-align: justify;\">Seg\u00fan estudios recientes \u00e9sta \u00faltima tiene como secuela, da\u00f1os f\u00edsicos (desde fracturas y quemaduras hasta invalidez temporal o permanente y embarazos no deseados, entre otros) y da\u00f1os psicol\u00f3gicos (como depresi\u00f3n, ansiedad, angustia, etc.), sumando el suicidio y el homicidio.<\/p>\n<p style=\"text-align: justify;\">Otro caso que evidencia la violencia de g\u00e9nero es el acoso sexual que se da en el lugar de trabajo y que imposibilita el bienestar laboral y de las personas que se encuentran en esta situaci\u00f3n.<\/p>\n<p style=\"text-align: justify;\">La violaci\u00f3n es la manifestaci\u00f3n extrema de violencia de g\u00e9nero que se basa principalmente en la fuerza f\u00edsica y el terror, que puede dejar como resultado contagio del VIH y el embarazo no deseado (a\u00fan en casos de violaci\u00f3n el aborto est\u00e1 penalizado). En la sociedad actual ser v\u00edctima de violaci\u00f3n es, para cierta parte de la poblaci\u00f3n, culpa propia y por lo tanto se ven expuestos a enfrentar el escarnio p\u00fablico.<\/p>\n<p style=\"text-align: justify;\"><strong>Casos en am\u00e9rica latina sobre violencia de g\u00e9nero<\/strong><\/p>\n<p style=\"text-align: justify;\">Se han efectuado diversos casos de violencia de g\u00e9nero, el primero del que se tiene noticia se registra en el salvador donde 14 de cada 100.000 mujeres son asesinadas por su condici\u00f3n femenina, el segundo se reconoce en Honduras donde a diario se ven 11 de cada 100.000 mujeres asesinadas, sin embargo otro pa\u00eds que est\u00e1 entre los 10 primeros lugares es Guatemala que registra 4 casos de violencia de g\u00e9nero diariamente. (Ver en <span style=\"color: #333399;\"><a style=\"color: #333399;\" href=\"http:\/\/www.notimerica.com\/sociedad\/noticia-algunos-datos-estremecedores-violencia-genero-latinoamerica-20151125211930.html\" target=\"_blank\" rel=\"noopener noreferrer\"><strong>notim\u00e9rica.com<\/strong><\/a><\/span>)<\/p>\n<p style=\"text-align: justify;\">Por otro lado en Argentina los casos m\u00e1s impactantes corresponden a tres mujeres. Miriam, una mujer que era golpeada por su conyugue, yerno, suegros e hijos hasta el punto de que le cortaran la cara con unas tijeras. El segundo caso es el de Paula, a la que su \u201ccompa\u00f1ero\u201d le propiciaba descargas el\u00e9ctricas finalmente est\u00e1 Laura quien ten\u00eda c\u00e1ncer de \u00fatero y su esposo no le permit\u00eda ir al hospital para recibir una cura.<\/p>\n<p style=\"text-align: justify;\">En Bolivia un 53% de las encuestadas aseguraron haber sufrido de violencia f\u00edsica, que son consideradas faltas leves tales como empujones o bofetadas, pero tambi\u00e9n existen otros casos que afirman haber sufrido faltas graves como \u2018pu\u00f1etazos\u2019 o amenazas hasta llegar al punto de ser apu\u00f1aladas. Sin embargo a pesar de ser v\u00edctimas de constantes abusos por parte de su pareja las mujeres prefieren callar a denunciar. Y as\u00ed se convierten en v\u00edctimas del abuso como otras tantas que han pasado por la vida y se han convertido en puntos de referencia.<\/p>\n<p style=\"text-align: justify;\">A ra\u00edz de todos estos casos de violencia de g\u00e9nero a nivel nacional e internacional en el 2008, el 4 de diciembre, el Congreso de Colombia decreta la ley \u201c1257 del 2008\u201d que \u2018tiene como objetivo principal beneficiar a las personas, las familias y la sociedad colombiana a trav\u00e9s del favorecimiento de relaciones pac\u00edficas, solidarias, respetuosas e igualitarias entre las personas, sin embargo esta ley tiene como beneficiarias principales a las mujeres que son v\u00edctimas de violencia por el hecho de ser mujeres\u2019.<\/p>\n<p style=\"text-align: justify;\"><strong>Un peque\u00f1o apartado de las herramientas para la aplicaci\u00f3n e implementaci\u00f3n<\/strong>:<\/p>\n<p style=\"text-align: justify;\">a) Da\u00f1o psicol\u00f3gico: Consecuencia proveniente de la acci\u00f3n u omisi\u00f3n. Destinada a degradar o controlar las acciones, comportamientos, creencias y decisiones de otras personas, por medio de intimidaci\u00f3n, manipulaci\u00f3n, amenaza, directa o indirecta, humillaci\u00f3n, aislamiento o cualquier otra conducta que implique un perjuicio en la salud psicol\u00f3gica, la autodeterminaci\u00f3n o el desarrollo personal.<\/p>\n<p style=\"text-align: justify;\">b) Da\u00f1o o sufrimiento f\u00edsico: Riesgo o disminuci\u00f3n de la integridad corporal de una persona.<\/p>\n<p style=\"text-align: justify;\">c) Da\u00f1o o sufrimiento sexual: Consecuencias que provienen de la acci\u00f3n consistente en obligar a una persona a mantener contacto sexualizado, f\u00edsico o verbal, o a participar en otras interacciones sexuales mediante el uso de fuerza, intimidaci\u00f3n, coerci\u00f3n, chantaje, soborno, manipulaci\u00f3n, amenaza o cualquier otro mecanismo que anule o limite la voluntad personal. Igualmente, se considerar\u00e1 da\u00f1o o sufrimiento sexual el hecho de que la persona agresora obligue a la agredida a realizar alguno de estos actos con terceras personas.<\/p>\n<p style=\"text-align: justify;\">d) Da\u00f1o patrimonial: P\u00e9rdida, transformaci\u00f3n, sustracci\u00f3n, destrucci\u00f3n, retenci\u00f3n o distracci\u00f3n de objetos, instrumentos de trabajo, documentos personales, bienes, valores, derechos o econ\u00f3micos destinados a satisfacer las necesidades de la mujer. Violencia contra la mujer, las dem\u00e1s leyes, la jurisprudencia referente a la materia, servir\u00e1n de gu\u00eda para su interpretaci\u00f3n y aplicaci\u00f3n.<\/p>\n<p style=\"text-align: justify;\">Esta ley se har\u00e1 cumplir bajo 8 reglas, Igualdad real y efectiva, Derechos, Principio de corresponsabilidad, Integralidad, Autonom\u00eda, Coordinaci\u00f3n, No Discriminaci\u00f3n y Atenci\u00f3n Diferenciada.<\/p>\n<p style=\"text-align: justify;\">Ver completa en\u00a0<span style=\"color: #993366;\"><em><strong><a style=\"color: #993366;\" href=\"https:\/\/arcoiris.com.co\/v3\/wp-content\/uploads\/2016\/06\/Ley-1257-de-2008-sobre-no-violencias-contra-las-mujeres-Herramientas-para-su-aplicaci\u00f3n-e-implementaci\u00f3n.pdf\" target=\"_blank\" rel=\"noopener noreferrer\">Ley 1257 de 2008 sobre no violencias contra las mujeres &#8211; Herramientas para su aplicaci\u00f3n e implementaci\u00f3n<\/a><\/strong><\/em><\/span><\/p>\n<p style=\"text-align: justify;\">(Segunda entrega de cuatro. Espere la siguiente el pr\u00f3ximo viernes 1 de julio)<\/p>\n<p style=\"text-align: justify;\"><em>Por Aura Roc\u00edo Hern\u00e1ndez Meza<\/em><br \/>\n<em> Estudiante de Estudios Literarios. Universidad Aut\u00f3noma de Colombia<\/em><\/p>\n","protected":false},"excerpt":{"rendered":"<p>(Continuaci\u00f3n de Colombia cumple un a\u00f1o de decirle \u201cNO\u201d a la violencia contra la mujer) En los \u00faltimos d\u00edas se ha llevado a cabo un encuentro en la capital colombiana para combatir la violencia de g\u00e9nero. \u201cUn grupo de acad\u00e9micos, juristas, investigadores y representantes de entidades nacionales e internacionales discuten durante cuatro d\u00edas (hasta el [&hellip;]<\/p>\n","protected":false},"author":51,"featured_media":19382,"comment_status":"closed","ping_status":"closed","sticky":false,"template":"","format":"standard","meta":{"_et_pb_use_builder":"","_et_pb_old_content":"","_et_gb_content_width":"","footnotes":""},"categories":[1,21,20,18],"tags":[],"class_list":["post-19380","post","type-post","status-publish","format-standard","has-post-thumbnail","hentry","category-uncategorized","category-justicia","category-seguridad","category-victimas"],"_links":{"self":[{"href":"https:\/\/arcoiris.com.co\/v3\/wp-json\/wp\/v2\/posts\/19380","targetHints":{"allow":["GET"]}}],"collection":[{"href":"https:\/\/arcoiris.com.co\/v3\/wp-json\/wp\/v2\/posts"}],"about":[{"href":"https:\/\/arcoiris.com.co\/v3\/wp-json\/wp\/v2\/types\/post"}],"author":[{"embeddable":true,"href":"https:\/\/arcoiris.com.co\/v3\/wp-json\/wp\/v2\/users\/51"}],"replies":[{"embeddable":true,"href":"https:\/\/arcoiris.com.co\/v3\/wp-json\/wp\/v2\/comments?post=19380"}],"version-history":[{"count":0,"href":"https:\/\/arcoiris.com.co\/v3\/wp-json\/wp\/v2\/posts\/19380\/revisions"}],"wp:featuredmedia":[{"embeddable":true,"href":"https:\/\/arcoiris.com.co\/v3\/wp-json\/wp\/v2\/media\/19382"}],"wp:attachment":[{"href":"https:\/\/arcoiris.com.co\/v3\/wp-json\/wp\/v2\/media?parent=19380"}],"wp:term":[{"taxonomy":"category","embeddable":true,"href":"https:\/\/arcoiris.com.co\/v3\/wp-json\/wp\/v2\/categories?post=19380"},{"taxonomy":"post_tag","embeddable":true,"href":"https:\/\/arcoiris.com.co\/v3\/wp-json\/wp\/v2\/tags?post=19380"}],"curies":[{"name":"wp","href":"https:\/\/api.w.org\/{rel}","templated":true}]}}