{"id":19390,"date":"2016-06-25T09:28:14","date_gmt":"2016-06-25T14:28:14","guid":{"rendered":"https:\/\/arcoiris.com.co\/v3\/?p=19390"},"modified":"2019-08-26T15:07:52","modified_gmt":"2019-08-26T20:07:52","slug":"pronunciamiento-de-veinticinco-anos-construyendo-paz","status":"publish","type":"post","link":"https:\/\/arcoiris.com.co\/v3\/2016\/06\/pronunciamiento-de-veinticinco-anos-construyendo-paz\/","title":{"rendered":"Pronunciamiento de \u201cveinticinco a\u00f1os construyendo paz\u201d"},"content":{"rendered":"<p style=\"text-align: center;\"><em><a href=\"https:\/\/arcoiris.com.co\/v3\/wp-content\/uploads\/2016\/06\/EPL-PAZ.png\"><img loading=\"lazy\" decoding=\"async\" class=\"aligncenter size-full wp-image-19391\" src=\"https:\/\/arcoiris.com.co\/v3\/wp-content\/uploads\/2016\/06\/EPL-PAZ.png\" alt=\"EPL PAZ\" width=\"406\" height=\"458\" srcset=\"https:\/\/arcoiris.com.co\/v3\/wp-content\/uploads\/2016\/06\/EPL-PAZ.png 406w, https:\/\/arcoiris.com.co\/v3\/wp-content\/uploads\/2016\/06\/EPL-PAZ-266x300.png 266w\" sizes=\"(max-width: 406px) 100vw, 406px\" \/><\/a>Grupo de ex militantes del PCC (M-L) y el EPL provenientes de los acuerdos de paz firmados en 1991-<\/em><\/p>\n<p style=\"text-align: justify;\">Nosotras y nosotros, ex militantes del PCC (M-L) y excombatientes del EPL que hemos transitado 25 a\u00f1os de implementaci\u00f3n acuerdos de paz y reintegraci\u00f3n a la vida civil por un arduo camino signado por una paz incompleta y fragmentada, que afect\u00f3 gravemente el derecho a la vida de nuestra militancia y de las comunidades donde tuvimos activa presencia pol\u00edtico-militar, saludamos con esperanza el camino que han venido construyendo el gobierno nacional y las FARC EP, para avanzar hacia un acuerdo de paz que potencie cambios democr\u00e1ticos en el pa\u00eds, por los que hemos trabajado tambi\u00e9n nosotros desde distintos escenarios acad\u00e9micos, sociales, pol\u00edticos y territoriales.<\/p>\n<p style=\"text-align: justify;\">El d\u00eda 23 de junio de 2016 marca un hito importante, al anunciarse el acuerdo sobre la mayor parte del punto 3 \u201cFin del Conflicto Armado\u201d, referido a: el cese bilateral y definitivo del fuego; al protocolo para la constituci\u00f3n de las zonas de ubicaci\u00f3n y los campamentos de concentraci\u00f3n; el procedimiento para la dejaci\u00f3n progresiva y definitiva de las armas; a los cambios institucionales para la participaci\u00f3n de partidos y movimiento sociales y al sistema integral de seguridad para el ejercicio de la pol\u00edtica; todo ello con un enfoque de g\u00e9nero. As\u00ed mismo se anunci\u00f3 acuerdo sobre procedimiento para la refrendaci\u00f3n de los acuerdos, al definir acogerse, a las definiciones de la Corte Constitucional.<\/p>\n<p style=\"text-align: justify;\">Estamos convencidos, como lo afirman las partes, que \u201cnada est\u00e1 acordado, hasta que todo est\u00e9 acordado\u201d. Se han sentado bases fundamentales para lograr la firma del acuerdo definitivo, que aporte en la transformaci\u00f3n de las FARC-EP en un nuevo proyecto pol\u00edtico legal, que pueda participar en condiciones democr\u00e1ticas en la vida pol\u00edtica y social del pa\u00eds. Esperamos que las discusiones pendientes logren llegar a buen t\u00e9rmino, en especial en lo que toca a temas tan sensibles como el tratamiento de grupos paramilitares, neoparamilitares y del narcotr\u00e1fico, que apunten a blindar el proceso y a garantizar salidas democr\u00e1ticas e incluyentes para todos los colombianos, en la vida pol\u00edtica, social y econ\u00f3mica del pa\u00eds.<\/p>\n<p style=\"text-align: justify;\">Valoramos altamente el papel de los pa\u00edses garantes y acompa\u00f1antes, as\u00ed como de las Naciones Unidas en este esfuerzo, que nos permite so\u00f1ar con un pa\u00eds capaz de convivir en paz tanto en su interior como en sus fronteras y de proyectarse pac\u00edficamente en el concierto internacional de naciones.<\/p>\n<p style=\"text-align: justify;\">Como naci\u00f3n, nos asiste el reto de lograr una paz integral en condiciones sociales, pol\u00edticas y de justicia democr\u00e1ticas, que lleve prosperidad a las regiones al brindar opciones justas e incluyentes, entendiendo la complejidad de un pa\u00eds pluri\u00e9tnico, pluricultural y pluriregional. Por esto Instamos al Gobierno Nacional y al ELN a superar dificultades e instalar inmediatamente la mesa de di\u00e1logo y a explorar soluciones creativas e innovadoras que permitan desarrollar la agenda de negociaciones. As\u00ed mismo, llamamos a rodear de garant\u00edas democr\u00e1ticas las justas expresiones de los movimientos sociales rurales y urbanos, agrarios, laborales y ciudadanos, para blindar los procesos de paz con democracia participativa y repolitizaci\u00f3n democr\u00e1tica de la sociedad colombiana, desde la implementaci\u00f3n de una pedagog\u00eda para la paz.<\/p>\n<p style=\"text-align: justify;\">Somos luchadores por la paz y la democracia en Colombia; somos fuerza latente y viviente en distintos escenarios pol\u00edticos, sociales e institucionales del pa\u00eds; estamos dispuestos a ser part\u00edcipes de esta construcci\u00f3n de paz desde todos los caminos, ciudades y veredas de nuestra tierra. En ello empe\u00f1aremos nuestros mejores esfuerzos para el logro de la reconciliaci\u00f3n nacional. Trabajaremos incansablemente una vez firmados los acuerdos en su totalidad, por su refrendaci\u00f3n popular, a trav\u00e9s del mecanismo que viabilice la Corte Constitucional, con posterioridad a la firma del Acuerdo final.<\/p>\n<h6 style=\"text-align: justify;\">Esta declaraci\u00f3n se firma en Colombia a los veinticuatro (25) d\u00edas del mes de junio de 2016, por las siguientes personas:<br \/>\nTeodoro D\u00edaz, Albeiro Caro, Luis Emil Sanabria D, Cristina Arias, Omar Largo, Jon Restrepo, Iv\u00e1n Libreros, Claudia Bola\u00f1os, Juan Diego G\u00f3mez, Rafael Guerrero, Germ\u00e1n Toro, Nelson Plazas, Parm\u00e9nides Rojas, Edgar Fandi\u00f1o, Idelfonso Henao, Gabriel Quintero, Luis Rend\u00f3n, Claudia Capera, Rodolfo Hern\u00e1ndez Pulgar, Ricardo Pantoja, Adolfo Mercado, V\u00edctor Naranjo, Aurora Pulgar\u00edn, Gladiz G\u00f3mez, Andrea Lopera, H\u00e9ctor Tangarife, Carlos Reyes, Gabriel Garc\u00eda, Hilda Bustillo, Raquel Vergara<\/h6>\n","protected":false},"excerpt":{"rendered":"<p>Grupo de ex militantes del PCC (M-L) y el EPL provenientes de los acuerdos de paz firmados en 1991- Nosotras y nosotros, ex militantes del PCC (M-L) y excombatientes del EPL que hemos transitado 25 a\u00f1os de implementaci\u00f3n acuerdos de paz y reintegraci\u00f3n a la vida civil por un arduo camino signado por una paz [&hellip;]<\/p>\n","protected":false},"author":51,"featured_media":19391,"comment_status":"closed","ping_status":"closed","sticky":false,"template":"","format":"standard","meta":{"_et_pb_use_builder":"","_et_pb_old_content":"","_et_gb_content_width":"","footnotes":""},"categories":[1,21,17],"tags":[],"class_list":["post-19390","post","type-post","status-publish","format-standard","has-post-thumbnail","hentry","category-uncategorized","category-justicia","category-paz"],"_links":{"self":[{"href":"https:\/\/arcoiris.com.co\/v3\/wp-json\/wp\/v2\/posts\/19390","targetHints":{"allow":["GET"]}}],"collection":[{"href":"https:\/\/arcoiris.com.co\/v3\/wp-json\/wp\/v2\/posts"}],"about":[{"href":"https:\/\/arcoiris.com.co\/v3\/wp-json\/wp\/v2\/types\/post"}],"author":[{"embeddable":true,"href":"https:\/\/arcoiris.com.co\/v3\/wp-json\/wp\/v2\/users\/51"}],"replies":[{"embeddable":true,"href":"https:\/\/arcoiris.com.co\/v3\/wp-json\/wp\/v2\/comments?post=19390"}],"version-history":[{"count":0,"href":"https:\/\/arcoiris.com.co\/v3\/wp-json\/wp\/v2\/posts\/19390\/revisions"}],"wp:featuredmedia":[{"embeddable":true,"href":"https:\/\/arcoiris.com.co\/v3\/wp-json\/wp\/v2\/media\/19391"}],"wp:attachment":[{"href":"https:\/\/arcoiris.com.co\/v3\/wp-json\/wp\/v2\/media?parent=19390"}],"wp:term":[{"taxonomy":"category","embeddable":true,"href":"https:\/\/arcoiris.com.co\/v3\/wp-json\/wp\/v2\/categories?post=19390"},{"taxonomy":"post_tag","embeddable":true,"href":"https:\/\/arcoiris.com.co\/v3\/wp-json\/wp\/v2\/tags?post=19390"}],"curies":[{"name":"wp","href":"https:\/\/api.w.org\/{rel}","templated":true}]}}