{"id":19412,"date":"2016-06-29T12:49:17","date_gmt":"2016-06-29T17:49:17","guid":{"rendered":"https:\/\/arcoiris.com.co\/v3\/?p=19412"},"modified":"2019-08-26T15:07:51","modified_gmt":"2019-08-26T20:07:51","slug":"nuevo-dialogo-entre-comunidad-internacional-y-sociedad-civil-sobre-proceso-de-paz-gobierno-eln","status":"publish","type":"post","link":"https:\/\/arcoiris.com.co\/v3\/2016\/06\/nuevo-dialogo-entre-comunidad-internacional-y-sociedad-civil-sobre-proceso-de-paz-gobierno-eln\/","title":{"rendered":"Nuevo di\u00e1logo entre comunidad internacional y sociedad civil sobre proceso de paz Gobierno-ELN"},"content":{"rendered":"<div id=\"attachment_19413\" style=\"width: 630px\" class=\"wp-caption aligncenter\"><a href=\"https:\/\/arcoiris.com.co\/v3\/wp-content\/uploads\/2016\/06\/WhatsApp-Image-20160629.jpeg\"><img loading=\"lazy\" decoding=\"async\" aria-describedby=\"caption-attachment-19413\" class=\"wp-image-19413 size-large\" src=\"https:\/\/arcoiris.com.co\/v3\/wp-content\/uploads\/2016\/06\/WhatsApp-Image-20160629-640x360.jpeg\" alt=\"Foto: Paz Completa\/ Junio 29 de 2016\" width=\"620\" height=\"349\" srcset=\"https:\/\/arcoiris.com.co\/v3\/wp-content\/uploads\/2016\/06\/WhatsApp-Image-20160629-640x360.jpeg 640w, https:\/\/arcoiris.com.co\/v3\/wp-content\/uploads\/2016\/06\/WhatsApp-Image-20160629-300x169.jpeg 300w, https:\/\/arcoiris.com.co\/v3\/wp-content\/uploads\/2016\/06\/WhatsApp-Image-20160629-768x432.jpeg 768w, https:\/\/arcoiris.com.co\/v3\/wp-content\/uploads\/2016\/06\/WhatsApp-Image-20160629.jpeg 1250w\" sizes=\"(max-width: 620px) 100vw, 620px\" \/><\/a><p id=\"caption-attachment-19413\" class=\"wp-caption-text\">Foto: Paz Completa\/ Junio 29 de 2016<\/p><\/div>\n<p style=\"text-align: justify;\">En un encuentro cercano y franco, embajadores, representantes de la comunidad internacional y organizaciones de la campa\u00f1a Paz Completa intercambiaron reflexiones y aportes para el avance en la mesa de negociaci\u00f3n entre el Gobierno colombiano y la guerrilla del ELN. La MAPP\/OEA facilit\u00f3 este espacio.<\/p>\n<p style=\"text-align: justify;\">Katherine Torres, coordinadora de la campa\u00f1a, se\u00f1al\u00f3 que el di\u00e1logo entre Gobierno y ELN es necesario para avanzar hacia la pacificaci\u00f3n y reconciliaci\u00f3n de todos los territorios, por lo cual reiter\u00f3 el llamado a las partes para que retomen la negociaci\u00f3n p\u00fablica. Destac\u00f3, adem\u00e1s, que la comunidad internacional juega un papel clave como facilitadora del acercamiento y establecimiento de confianza entre las partes.<\/p>\n<p style=\"text-align: justify;\">A su vez Roberto Men\u00e9ndez, jefe de la MAPP\/OEA, afirm\u00f3 que la construcci\u00f3n de una paz completa requiere del proceso de paz con el ELN. \u201cTambi\u00e9n son clave las transformaciones, la participaci\u00f3n social y los esfuerzos conjuntos. Nosotros estamos comprometidos a acompa\u00f1ar esos esfuerzos\u201d, anadi\u00f3 Men\u00e9ndez.<\/p>\n<p style=\"text-align: justify;\">La comunidad internacional, en cabeza de los embajadores de Brasil, Reino Unido y Chile reiteraron su m\u00e1ximo compromiso con la paz en Colombia, al tiempo que destacaron la importancia de la participaci\u00f3n de sociedad civil en torno a la campa\u00f1a para favorecer y dar relevancia a los di\u00e1logos con el ELN.<\/p>\n<p style=\"text-align: justify;\">En el encuentro tambi\u00e9n participaron representantes de las embajadas de Alemania, Ecuador, Estados Unidos, Francia, Noruega, Pa\u00edses Bajos, Reino Unido, Suiza y Venezuela.<\/p>\n<p style=\"text-align: justify;\">Asimismo, asistieron \u00c1ngela Mar\u00eda Robledo, representante a la C\u00e1mara; Francisco de Roux S..J., de la comunidad jesuita; y voceros de las organizaciones Casa de la Mujer, Ruta Pac\u00edfica de Mujeres, Congreso de los Pueblos, Comit\u00e9 de Impulso de la Mesa Social, REDPRODEPAZ, Corporaci\u00f3n Humanas y Puentes para la Paz.<\/p>\n<p style=\"text-align: justify;\">Ver en <span style=\"color: #000080;\"><strong><em><a style=\"color: #000080;\" href=\"http:\/\/www.mapp-oea.org\/noticias\/nuevo-dialogo-entre-comunidad-internacional-y-sociedad-civil-sobre-proceso-de-paz-gobierno-eln\/\" target=\"_blank\" rel=\"noopener noreferrer\">Misi\u00f3n de apoyo al proceso de paz- Colombia (MAPP-OEA)<\/a><\/em><\/strong><\/span><\/p>\n","protected":false},"excerpt":{"rendered":"<p>En un encuentro cercano y franco, embajadores, representantes de la comunidad internacional y organizaciones de la campa\u00f1a Paz Completa intercambiaron reflexiones y aportes para el avance en la mesa de negociaci\u00f3n entre el Gobierno colombiano y la guerrilla del ELN. La MAPP\/OEA facilit\u00f3 este espacio. Katherine Torres, coordinadora de la campa\u00f1a, se\u00f1al\u00f3 que el di\u00e1logo [&hellip;]<\/p>\n","protected":false},"author":51,"featured_media":19413,"comment_status":"closed","ping_status":"closed","sticky":false,"template":"","format":"standard","meta":{"_et_pb_use_builder":"","_et_pb_old_content":"","_et_gb_content_width":"","footnotes":""},"categories":[17,14,41],"tags":[],"class_list":["post-19412","post","type-post","status-publish","format-standard","has-post-thumbnail","hentry","category-paz","category-sala-de-medios","category-territorio-y-desarrollo"],"_links":{"self":[{"href":"https:\/\/arcoiris.com.co\/v3\/wp-json\/wp\/v2\/posts\/19412","targetHints":{"allow":["GET"]}}],"collection":[{"href":"https:\/\/arcoiris.com.co\/v3\/wp-json\/wp\/v2\/posts"}],"about":[{"href":"https:\/\/arcoiris.com.co\/v3\/wp-json\/wp\/v2\/types\/post"}],"author":[{"embeddable":true,"href":"https:\/\/arcoiris.com.co\/v3\/wp-json\/wp\/v2\/users\/51"}],"replies":[{"embeddable":true,"href":"https:\/\/arcoiris.com.co\/v3\/wp-json\/wp\/v2\/comments?post=19412"}],"version-history":[{"count":0,"href":"https:\/\/arcoiris.com.co\/v3\/wp-json\/wp\/v2\/posts\/19412\/revisions"}],"wp:featuredmedia":[{"embeddable":true,"href":"https:\/\/arcoiris.com.co\/v3\/wp-json\/wp\/v2\/media\/19413"}],"wp:attachment":[{"href":"https:\/\/arcoiris.com.co\/v3\/wp-json\/wp\/v2\/media?parent=19412"}],"wp:term":[{"taxonomy":"category","embeddable":true,"href":"https:\/\/arcoiris.com.co\/v3\/wp-json\/wp\/v2\/categories?post=19412"},{"taxonomy":"post_tag","embeddable":true,"href":"https:\/\/arcoiris.com.co\/v3\/wp-json\/wp\/v2\/tags?post=19412"}],"curies":[{"name":"wp","href":"https:\/\/api.w.org\/{rel}","templated":true}]}}