{"id":19419,"date":"2016-06-30T12:57:12","date_gmt":"2016-06-30T17:57:12","guid":{"rendered":"https:\/\/arcoiris.com.co\/v3\/?p=19419"},"modified":"2019-08-26T15:07:51","modified_gmt":"2019-08-26T20:07:51","slug":"decimos-que-este-proceso-es-para-las-nuevas-generaciones-henry-cuervo","status":"publish","type":"post","link":"https:\/\/arcoiris.com.co\/v3\/2016\/06\/decimos-que-este-proceso-es-para-las-nuevas-generaciones-henry-cuervo\/","title":{"rendered":"\u201cDecimos que este proceso es para las nuevas generaciones\u201d Henry Cuervo."},"content":{"rendered":"<div id=\"attachment_19420\" style=\"width: 630px\" class=\"wp-caption aligncenter\"><a href=\"https:\/\/arcoiris.com.co\/v3\/wp-content\/uploads\/2016\/06\/13569961_10154409895853534_953684831_o.jpg\"><img loading=\"lazy\" decoding=\"async\" aria-describedby=\"caption-attachment-19420\" class=\"wp-image-19420 size-large\" src=\"https:\/\/arcoiris.com.co\/v3\/wp-content\/uploads\/2016\/06\/13569961_10154409895853534_953684831_o-640x478.jpg\" alt=\"Foto: Corporaci\u00f3n Nuevo Arco Iris\/ 29 de junio de 2016\" width=\"620\" height=\"463\" srcset=\"https:\/\/arcoiris.com.co\/v3\/wp-content\/uploads\/2016\/06\/13569961_10154409895853534_953684831_o-640x478.jpg 640w, https:\/\/arcoiris.com.co\/v3\/wp-content\/uploads\/2016\/06\/13569961_10154409895853534_953684831_o-300x224.jpg 300w, https:\/\/arcoiris.com.co\/v3\/wp-content\/uploads\/2016\/06\/13569961_10154409895853534_953684831_o.jpg 752w\" sizes=\"(max-width: 620px) 100vw, 620px\" \/><\/a><p id=\"caption-attachment-19420\" class=\"wp-caption-text\">Foto: Corporaci\u00f3n Nuevo Arco Iris\/ 29 de junio de 2016<\/p><\/div>\n<p style=\"text-align: justify;\">En la emisi\u00f3n de junio 29, Sinton\u00edzate con la Paz cambi\u00f3 un poco la din\u00e1mica que se ha trabajado en este 2016 de desarrollar una tem\u00e1tica mensual; aunque no se trabaj\u00f3 la \u201cComunicaci\u00f3n, Pedagog\u00eda y Paz\u201d, s\u00ed se abord\u00f3 la \u2018pedagog\u00eda\u2019 para explicar a la audiencia todo lo referente a los acuerdos firmados el pasado 23 de junio.<\/p>\n<p style=\"text-align: justify;\">La firma que reuni\u00f3 a los colombianos en diferentes lugares de su ciudad, fue la del acuerdo sobre el Punto 3 \u201cFin del Conflicto\u201d que consagra el \u201ccese del fuego y de las hostilidades bilateral y definitivo\u201d.<\/p>\n<p style=\"text-align: justify;\">En la editorial particip\u00f3 Jenny Neme, Directora de Justapaz; el invitado en cabina, Henry Cuervo Castillo, socio fundador de la corporaci\u00f3n nuevo arco iris, Comunicador social especialista en derechos humanos y derecho internacional humanitario, Investigador del conflicto armado interno en Colombia y, desde diferentes entidades: Andr\u00e9s Berm\u00fadez, Integrante del equipo de pedagog\u00eda de los acuerdos en la Oficina del Alto Comisionado para La Paz y Sergio Guar\u00edn, Coordinador del \u00e1rea de postconflicto de la Fundaci\u00f3n Ideas para la Paz.<\/p>\n<p style=\"text-align: justify;\">Por un lado Henry Cuervo explic\u00f3, entre varios puntos, que aunque la sociedad ha llegado a ver que ya no hay guerra en ciertas partes del pa\u00eds, es necesario decirles que falta mucho por solucionar, as\u00ed mismo el especialista en derechos humanos habl\u00f3 en referencia a las Zonas de \u201ctransici\u00f3n\u201d o \u201cubicaci\u00f3n\u201d de las Farc -EP, haciendo un llamado a medios de comunicaci\u00f3n y academia para la precisi\u00f3n en los t\u00e9rminos usados en temas de paz, \u2018el proceso de las Zonas conlleva garant\u00edas y seguridad. \u00c9stas zonas son \u00abde transici\u00f3n\u00bb no de \u201cconcentraci\u00f3n\u201d, hay que ser precisos si queremos hacer pedagog\u00eda\u2019, afirm\u00f3 y finaliza su intervenci\u00f3n diciendo que \u201ceste proceso es para las nuevas generaciones\u201d.<\/p>\n<p style=\"text-align: justify;\">Cuervo sostiene que el pa\u00eds tiene claro que hay enemigos de la paz y es necesario que los entes verificadores pongan unas reglas claras frente a lo relacionado con los campamentos, de igual forma el investigador menciona que \u201chay una permisividad en el pa\u00eds frente a los grupos paramilitares y se debe trabajar para modificarlo\u201d<br \/>\nPor otro lado Andr\u00e9s Berm\u00fadez expuso que el acuerdo \u201ctraza una hoja de ruta muy precisa y ordenada\u201d.<\/p>\n<p style=\"text-align: justify;\">Finalmente Sergio Guar\u00edn dice que el firmar \u201clos acuerdos finales va a significar grandes recursos para las zonas que han estado abandonadas por el Estado\u201d pero que as\u00ed como se hace referencia en lo econ\u00f3mico, de debe ahondar en los valores y la \u00e9tica eliminando la estigmatizaci\u00f3n de \u201clos l\u00edderes sociales\u201d porque \u201ces el momento de escucharlos\u201d<\/p>\n<p style=\"text-align: justify;\">\u00bfC\u00f3mo ser\u00e1 el proceso de capacitaci\u00f3n para los excombatientes de las Farc \u2013EP? O \u00bfQu\u00e9 se entiende por el plebiscito y la constituyente? O si la verificaci\u00f3n sobre el cese bilateral dar\u00eda garant\u00edas para extenderlo al ELN, son tres preguntas que se responden en el programa.<\/p>\n<p style=\"text-align: justify;\">Para conocer todos los pronunciamientos, escuche el programa completo a continuaci\u00f3n y para participar en cada transmisi\u00f3n, puede hacerlo por medio de las redes sociales<a href=\"https:\/\/twitter.com\/Justapaz_Col\" target=\"_blank\" rel=\"noopener noreferrer\">@justapaz_col<\/a>,\u00a0<a href=\"https:\/\/twitter.com\/Redprodepaz\" target=\"_blank\" rel=\"noopener noreferrer\">@Redprodepaz<\/a>, <a href=\"https:\/\/twitter.com\/UNIMINUTORadio\" target=\"_blank\" rel=\"noopener noreferrer\">@UniminutoRadio,<\/a> <a href=\"https:\/\/twitter.com\/fablp76\" target=\"_blank\" rel=\"noopener noreferrer\">@fablp76<\/a>, <a href=\"https:\/\/twitter.com\/EscenarioUSTA\" target=\"_blank\" rel=\"noopener noreferrer\">@EscenarioUSTA<\/a>, <a href=\"https:\/\/twitter.com\/Nuevoarc\" target=\"_blank\" rel=\"noopener noreferrer\">@NuevoARC <\/a>y la cuenta oficial en twitter del programa <a href=\"https:\/\/twitter.com\/SintonizateCP\" target=\"_blank\" rel=\"noopener noreferrer\">@SintonizateCP<\/a> o por el correo electr\u00f3nico programasintonizate@gmail.com escuchando el programa en vivo todos los mi\u00e9rcoles, de 9:00 am a 10:00 am, por <a href=\"http:\/\/escenario.usta.edu.co\/radio-online\/escenario.html\" target=\"_blank\" rel=\"noopener noreferrer\">escenario.usta.edu.co<\/a><\/p>\n<p><iframe loading=\"lazy\" src=\"https:\/\/w.soundcloud.com\/player\/?url=https%3A\/\/api.soundcloud.com\/tracks\/271569181&amp;color=ff5500&amp;auto_play=false&amp;hide_related=false&amp;show_comments=true&amp;show_user=true&amp;show_reposts=false\" width=\"100%\" height=\"166\" frameborder=\"no\" scrolling=\"no\"><\/iframe><\/p>\n","protected":false},"excerpt":{"rendered":"<p>En la emisi\u00f3n de junio 29, Sinton\u00edzate con la Paz cambi\u00f3 un poco la din\u00e1mica que se ha trabajado en este 2016 de desarrollar una tem\u00e1tica mensual; aunque no se trabaj\u00f3 la \u201cComunicaci\u00f3n, Pedagog\u00eda y Paz\u201d, s\u00ed se abord\u00f3 la \u2018pedagog\u00eda\u2019 para explicar a la audiencia todo lo referente a los acuerdos firmados el pasado [&hellip;]<\/p>\n","protected":false},"author":51,"featured_media":19420,"comment_status":"closed","ping_status":"closed","sticky":false,"template":"","format":"standard","meta":{"_et_pb_use_builder":"","_et_pb_old_content":"","_et_gb_content_width":"","footnotes":""},"categories":[6,462,21,17,20,465,41],"tags":[],"class_list":["post-19419","post","type-post","status-publish","format-standard","has-post-thumbnail","hentry","category-archivo-audiovisual","category-destacado","category-justicia","category-paz","category-seguridad","category-sintonizate-con-la-paz","category-territorio-y-desarrollo"],"_links":{"self":[{"href":"https:\/\/arcoiris.com.co\/v3\/wp-json\/wp\/v2\/posts\/19419","targetHints":{"allow":["GET"]}}],"collection":[{"href":"https:\/\/arcoiris.com.co\/v3\/wp-json\/wp\/v2\/posts"}],"about":[{"href":"https:\/\/arcoiris.com.co\/v3\/wp-json\/wp\/v2\/types\/post"}],"author":[{"embeddable":true,"href":"https:\/\/arcoiris.com.co\/v3\/wp-json\/wp\/v2\/users\/51"}],"replies":[{"embeddable":true,"href":"https:\/\/arcoiris.com.co\/v3\/wp-json\/wp\/v2\/comments?post=19419"}],"version-history":[{"count":0,"href":"https:\/\/arcoiris.com.co\/v3\/wp-json\/wp\/v2\/posts\/19419\/revisions"}],"wp:featuredmedia":[{"embeddable":true,"href":"https:\/\/arcoiris.com.co\/v3\/wp-json\/wp\/v2\/media\/19420"}],"wp:attachment":[{"href":"https:\/\/arcoiris.com.co\/v3\/wp-json\/wp\/v2\/media?parent=19419"}],"wp:term":[{"taxonomy":"category","embeddable":true,"href":"https:\/\/arcoiris.com.co\/v3\/wp-json\/wp\/v2\/categories?post=19419"},{"taxonomy":"post_tag","embeddable":true,"href":"https:\/\/arcoiris.com.co\/v3\/wp-json\/wp\/v2\/tags?post=19419"}],"curies":[{"name":"wp","href":"https:\/\/api.w.org\/{rel}","templated":true}]}}