{"id":19425,"date":"2016-07-01T12:46:09","date_gmt":"2016-07-01T17:46:09","guid":{"rendered":"https:\/\/arcoiris.com.co\/v3\/?p=19425"},"modified":"2019-08-26T15:07:51","modified_gmt":"2019-08-26T20:07:51","slug":"sociedad-civil-saluda-el-cese-al-fuego-bilateral-entre-gobierno-nacional-y-farc","status":"publish","type":"post","link":"https:\/\/arcoiris.com.co\/v3\/2016\/07\/sociedad-civil-saluda-el-cese-al-fuego-bilateral-entre-gobierno-nacional-y-farc\/","title":{"rendered":"Sociedad civil saluda el cese al fuego bilateral entre Gobierno Nacional y Farc"},"content":{"rendered":"<div id=\"attachment_19426\" style=\"width: 630px\" class=\"wp-caption aligncenter\"><a href=\"https:\/\/arcoiris.com.co\/v3\/wp-content\/uploads\/2016\/07\/IMG_4888.jpg\"><img loading=\"lazy\" decoding=\"async\" aria-describedby=\"caption-attachment-19426\" class=\"size-large wp-image-19426\" src=\"https:\/\/arcoiris.com.co\/v3\/wp-content\/uploads\/2016\/07\/IMG_4888-640x427.jpg\" alt=\"Foto: Campa\u00f1a, Por una paz completa\" width=\"620\" height=\"414\" srcset=\"https:\/\/arcoiris.com.co\/v3\/wp-content\/uploads\/2016\/07\/IMG_4888-640x427.jpg 640w, https:\/\/arcoiris.com.co\/v3\/wp-content\/uploads\/2016\/07\/IMG_4888-300x200.jpg 300w, https:\/\/arcoiris.com.co\/v3\/wp-content\/uploads\/2016\/07\/IMG_4888-768x512.jpg 768w, https:\/\/arcoiris.com.co\/v3\/wp-content\/uploads\/2016\/07\/IMG_4888.jpg 1250w\" sizes=\"(max-width: 620px) 100vw, 620px\" \/><\/a><p id=\"caption-attachment-19426\" class=\"wp-caption-text\">Foto: Campa\u00f1a, Por una paz completa<\/p><\/div>\n<p style=\"text-align: justify;\">Civiles nacionales e internacionales dieron la bienvenida al acuerdo firmado el pasado 23 de junio (ver <span style=\"color: #800000;\"><strong><em><a style=\"color: #800000;\" href=\"https:\/\/arcoiris.com.co\/v3\/2016\/06\/el-ultimo-dia-de-la-guerra\/\" target=\"_blank\" rel=\"noopener noreferrer\">El \u00faltimo d\u00eda de la guerra<\/a><\/em><\/strong><\/span>) e hicieron un llamado al Gobierno colombiano y al ELN para que inicien pronto las conversaciones.<\/p>\n<p style=\"text-align: justify;\">Activistas por la paz se reunieron en un evento plural, con la participaci\u00f3n de m\u00e1s de 100 personas de distintos sectores de la sociedad, en este espacio enviaron un mensaje al Gobierno Nacional y al ELN para que instalen la mesa de conversaciones en Quito lo m\u00e1s pronto posible, adem\u00e1s celebraron el momento hist\u00f3rico que atraviesa el pa\u00eds a ra\u00edz del anuncio del cese bilateral al fuego.<\/p>\n<p style=\"text-align: justify;\">Durante el encuentro representantes de organizaciones sociales enviaron mensajes de respaldo a los acuerdos en La Habana y reconocieron la importancia de incluir al ELN en las conversaciones. \u201cEl conflicto armado con las FARC se acab\u00f3 para siempre y Colombia puede avanzar en la construcci\u00f3n de una paz duradera y sostenible, sin embargo hoy necesitamos una paz completa, no se puede hacer un proceso de paz sin la presencia del Ej\u00e9rcito de Liberaci\u00f3n Nacional\u201d expres\u00f3 Jorge Rojas vocero de Colombia Vital.<\/p>\n<div id=\"attachment_19428\" style=\"width: 310px\" class=\"wp-caption alignleft\"><a href=\"https:\/\/arcoiris.com.co\/v3\/wp-content\/uploads\/2016\/07\/Sin-t\u00edtulo.png\"><img loading=\"lazy\" decoding=\"async\" aria-describedby=\"caption-attachment-19428\" class=\"size-medium wp-image-19428\" src=\"https:\/\/arcoiris.com.co\/v3\/wp-content\/uploads\/2016\/07\/Sin-t\u00edtulo-300x168.png\" alt=\"Foto: Campa\u00f1a, Por una paz completa\" width=\"300\" height=\"168\" srcset=\"https:\/\/arcoiris.com.co\/v3\/wp-content\/uploads\/2016\/07\/Sin-t\u00edtulo-300x168.png 300w, https:\/\/arcoiris.com.co\/v3\/wp-content\/uploads\/2016\/07\/Sin-t\u00edtulo.png 585w\" sizes=\"(max-width: 300px) 100vw, 300px\" \/><\/a><p id=\"caption-attachment-19428\" class=\"wp-caption-text\">Foto: AFP\/Encendiendo la Llama por la paz N\u00ba 78<\/p><\/div>\n<p style=\"text-align: justify;\">Adem\u00e1s se cont\u00f3 con la presencia de Veronika Mendoza, quien ofreci\u00f3 un saludo y un mensaje de respaldo para lograr una Paz Completa que favorece a Latinoam\u00e9rica. En el plant\u00f3n particip\u00f3 Marisa Glave, jefa del bloque parlamentario del Frente amplio, quien envi\u00f3 un mensaje a toda Colombia, en especial a las v\u00edctimas del conflicto armado, \u201cdesde el frente amplio del Per\u00fa saludamos a los familiares y v\u00edctimas, queremos traerles un mensaje de esperanza y paz, por eso nos sumamos hoy a este pedido al ELN y al Gobierno a que se sienten, que ayuden a que el pueblo de Colombia tenga una paz verdadera y que eso ayude a Am\u00e9rica Latina a avanzar hacia un camino nuevo\u201d<\/p>\n<p style=\"text-align: justify;\">Para finalizar los asistentes encendieron la Llama Por la Paz n\u00famero 78, que se enciende todos los jueves en diferentes puntos de la capital y con motivo de respaldar los di\u00e1logos de paz. En esta ocasi\u00f3n la Llama estuvo llena de esperanza, m\u00fasica y mensajes positivos a favor de la paz y la uni\u00f3n para todos los pueblos latinoamericanos.<\/p>\n<p><a href=\"https:\/\/arcoiris.com.co\/v3\/wp-content\/uploads\/2016\/06\/LOGO-CAMPA\u00d1A-PAZ-1.jpg\"><img loading=\"lazy\" decoding=\"async\" class=\"alignleft size-medium wp-image-19314\" src=\"https:\/\/arcoiris.com.co\/v3\/wp-content\/uploads\/2016\/06\/LOGO-CAMPA\u00d1A-PAZ-1-300x131.jpg\" alt=\"LOGO CAMPA\u00d1A PAZ (1)\" width=\"300\" height=\"131\" srcset=\"https:\/\/arcoiris.com.co\/v3\/wp-content\/uploads\/2016\/06\/LOGO-CAMPA\u00d1A-PAZ-1-300x131.jpg 300w, https:\/\/arcoiris.com.co\/v3\/wp-content\/uploads\/2016\/06\/LOGO-CAMPA\u00d1A-PAZ-1-768x336.jpg 768w, https:\/\/arcoiris.com.co\/v3\/wp-content\/uploads\/2016\/06\/LOGO-CAMPA\u00d1A-PAZ-1-640x280.jpg 640w, https:\/\/arcoiris.com.co\/v3\/wp-content\/uploads\/2016\/06\/LOGO-CAMPA\u00d1A-PAZ-1.jpg 1250w\" sizes=\"(max-width: 300px) 100vw, 300px\" \/><\/a><\/p>\n<p>&nbsp;<\/p>\n<p><em>#QueSeSienten por una @pazcompleta <\/em><br \/>\n<em>Campa\u00f1a Por Una Paz Completa <\/em><br \/>\n<em>Los di\u00e1logos son con tod@s y para tod@s<\/em><\/p>\n","protected":false},"excerpt":{"rendered":"<p>Civiles nacionales e internacionales dieron la bienvenida al acuerdo firmado el pasado 23 de junio (ver El \u00faltimo d\u00eda de la guerra) e hicieron un llamado al Gobierno colombiano y al ELN para que inicien pronto las conversaciones. Activistas por la paz se reunieron en un evento plural, con la participaci\u00f3n de m\u00e1s de 100 [&hellip;]<\/p>\n","protected":false},"author":51,"featured_media":19426,"comment_status":"closed","ping_status":"closed","sticky":false,"template":"","format":"standard","meta":{"_et_pb_use_builder":"","_et_pb_old_content":"","_et_gb_content_width":"","footnotes":""},"categories":[1,16,462,17,18],"tags":[],"class_list":["post-19425","post","type-post","status-publish","format-standard","has-post-thumbnail","hentry","category-uncategorized","category-conflicto-armado","category-destacado","category-paz","category-victimas"],"_links":{"self":[{"href":"https:\/\/arcoiris.com.co\/v3\/wp-json\/wp\/v2\/posts\/19425","targetHints":{"allow":["GET"]}}],"collection":[{"href":"https:\/\/arcoiris.com.co\/v3\/wp-json\/wp\/v2\/posts"}],"about":[{"href":"https:\/\/arcoiris.com.co\/v3\/wp-json\/wp\/v2\/types\/post"}],"author":[{"embeddable":true,"href":"https:\/\/arcoiris.com.co\/v3\/wp-json\/wp\/v2\/users\/51"}],"replies":[{"embeddable":true,"href":"https:\/\/arcoiris.com.co\/v3\/wp-json\/wp\/v2\/comments?post=19425"}],"version-history":[{"count":0,"href":"https:\/\/arcoiris.com.co\/v3\/wp-json\/wp\/v2\/posts\/19425\/revisions"}],"wp:featuredmedia":[{"embeddable":true,"href":"https:\/\/arcoiris.com.co\/v3\/wp-json\/wp\/v2\/media\/19426"}],"wp:attachment":[{"href":"https:\/\/arcoiris.com.co\/v3\/wp-json\/wp\/v2\/media?parent=19425"}],"wp:term":[{"taxonomy":"category","embeddable":true,"href":"https:\/\/arcoiris.com.co\/v3\/wp-json\/wp\/v2\/categories?post=19425"},{"taxonomy":"post_tag","embeddable":true,"href":"https:\/\/arcoiris.com.co\/v3\/wp-json\/wp\/v2\/tags?post=19425"}],"curies":[{"name":"wp","href":"https:\/\/api.w.org\/{rel}","templated":true}]}}