{"id":19441,"date":"2016-07-05T15:44:01","date_gmt":"2016-07-05T20:44:01","guid":{"rendered":"https:\/\/arcoiris.com.co\/v3\/?p=19441"},"modified":"2019-08-26T15:07:50","modified_gmt":"2019-08-26T20:07:50","slug":"resultado-de-encuesta-reaccion-frente-a-la-firma-del-acuerdo-sobre-cese-bilateral","status":"publish","type":"post","link":"https:\/\/arcoiris.com.co\/v3\/2016\/07\/resultado-de-encuesta-reaccion-frente-a-la-firma-del-acuerdo-sobre-cese-bilateral\/","title":{"rendered":"Resultado de Encuesta: Reacci\u00f3n frente a la firma del Acuerdo sobre Cese bilateral"},"content":{"rendered":"<p style=\"text-align: right;\"><em>\u00abLas armas est\u00e1n en silencio, los fusiles han dejado de escupir balas de sangre y desolaci\u00f3n, la esperanza pareciera emerger de lo m\u00e1s profundo de las entra\u00f1as de un pa\u00eds devastado por el odio, \u201cPAZ\u201d el \u00fanico grito de batalla valido para el d\u00eda de hoy.\u00bb\u00a0Diego Iba\u00f1ez Cruz<\/em><\/p>\n<p style=\"text-align: justify;\">El pasado jueves 23 de junio se conoci\u00f3 la firma del acuerdo del punto 3 \u201cFin del Conflicto Armado\u201d, referido entre otros al \u201ccese bilateral y definitivo del fuego\u201d, diferentes personalidades, movimientos y civiles recibieron la firma de la mejor manera.<\/p>\n<p style=\"text-align: justify;\">Desde el mi\u00e9rcoles 22 de junio en horas de la ma\u00f1ana el hecho se conoci\u00f3 como hist\u00f3rico, luego de que Marcela Dur\u00e1n, Gerente comunicaciones de proceso de paz y Marcos Calarc\u00e1, vocero de las Farc, confirmaran la noticia por medio de una rueda de prensa, en la que el Comunicado Conjunto #75 en el que se afirma que ha \u201cllegado con \u00e9xito al acuerdo para el cese al fuego y de hostilidades bilateral y definitivo; la dejaci\u00f3n de las armas; las garant\u00edas de seguridad y la lucha contra las organizaciones criminales responsables de homicidios y masacres o que atentan contra defensores de Derechos Humanos, movimientos sociales o movimientos pol\u00edticos\u201d. (Ver <strong><span style=\"color: #008000;\"><em><a style=\"color: #008000;\" href=\"https:\/\/arcoiris.com.co\/v3\/2016\/06\/colombia-empieza-a-darle-la-bienvenida-a-la-paz\/\" target=\"_blank\" rel=\"noopener noreferrer\">Colombia empieza a darle la bienvenida a la paz<\/a><\/em><\/span><\/strong>)<\/p>\n<p style=\"text-align: justify;\">Desde la movilizaci\u00f3n social se encendi\u00f3 la llama N\u00ba. 78 con la participaci\u00f3n de m\u00e1s de 100 personas de distintos sectores de la sociedad, en este espacio enviaron un mensaje al Gobierno Nacional y al ELN para que instalen la mesa de conversaciones en Quito lo m\u00e1s pronto posible, adem\u00e1s celebraron el momento hist\u00f3rico que atraviesa el pa\u00eds a ra\u00edz del anuncio del cese bilateral al fuego. (Ver <span style=\"color: #008000;\"><em><strong><a style=\"color: #008000;\" href=\"https:\/\/arcoiris.com.co\/v3\/2016\/07\/sociedad-civil-saluda-el-cese-al-fuego-bilateral-entre-gobierno-nacional-y-farc\/\" target=\"_blank\" rel=\"noopener noreferrer\">Sociedad civil saluda el cese al fuego bilateral entre Gobierno Nacional y Farc<\/a><\/strong><\/em><\/span>)<\/p>\n<p style=\"text-align: justify;\">As\u00ed mismo desde la Corporaci\u00f3n Nuevo Arco iris \u2013CNAI- hizo su pronunciamiento p\u00fablico diciendo que \u201cEse esp\u00edritu de reformas pactadas impregna los acuerdos de La Habana, donde el Gobierno nacional y la guerrilla de las Farc-Ep negocian el fin del conflicto armado de medio siglo que tanto sufrimiento, destrucci\u00f3n, divisi\u00f3n y odio trajo a la poblaci\u00f3n colombiana. Por eso celebramos con alborozo la firma del acuerdo logrado en la Mesa de negociaci\u00f3n del Punto 3 \u201cFin del Conflicto\u201d que consagra el \u201ccese del fuego y de las hostilidades bilateral y definitivo\u201d. (Ver <span style=\"color: #008000;\"><em><strong><a style=\"color: #008000;\" href=\"https:\/\/arcoiris.com.co\/v3\/2016\/06\/el-derecho-y-el-deber-de-la-paz\/\" target=\"_blank\" rel=\"noopener noreferrer\">El derecho y el deber de la paz<\/a><\/strong><\/em><\/span>)<\/p>\n<p style=\"text-align: justify;\">Por estas reacciones entre otras, se plante\u00f3 la Encuesta Semanal, del lunes 27 de junio a este martes 5 de julio, obteniendo los siguientes resultados:<\/p>\n<p style=\"text-align: justify;\">[poll id=\u00bb46&#8243;]\n<p style=\"text-align: justify;\">Los invitamos a seguir participando de la encuesta virtual que se rota cada lunes y que la encuentran en la parte superior del lateral izquierdo.<\/p>\n<p style=\"text-align: justify;\">Gracias por votar.<\/p>\n","protected":false},"excerpt":{"rendered":"<p>\u00abLas armas est\u00e1n en silencio, los fusiles han dejado de escupir balas de sangre y desolaci\u00f3n, la esperanza pareciera emerger de lo m\u00e1s profundo de las entra\u00f1as de un pa\u00eds devastado por el odio, \u201cPAZ\u201d el \u00fanico grito de batalla valido para el d\u00eda de hoy.\u00bb\u00a0Diego Iba\u00f1ez Cruz El pasado jueves 23 de junio se [&hellip;]<\/p>\n","protected":false},"author":51,"featured_media":18872,"comment_status":"closed","ping_status":"closed","sticky":false,"template":"","format":"standard","meta":{"_et_pb_use_builder":"","_et_pb_old_content":"","_et_gb_content_width":"","footnotes":""},"categories":[1,462,626,17],"tags":[],"class_list":["post-19441","post","type-post","status-publish","format-standard","has-post-thumbnail","hentry","category-uncategorized","category-destacado","category-encuesta-semanal","category-paz"],"_links":{"self":[{"href":"https:\/\/arcoiris.com.co\/v3\/wp-json\/wp\/v2\/posts\/19441","targetHints":{"allow":["GET"]}}],"collection":[{"href":"https:\/\/arcoiris.com.co\/v3\/wp-json\/wp\/v2\/posts"}],"about":[{"href":"https:\/\/arcoiris.com.co\/v3\/wp-json\/wp\/v2\/types\/post"}],"author":[{"embeddable":true,"href":"https:\/\/arcoiris.com.co\/v3\/wp-json\/wp\/v2\/users\/51"}],"replies":[{"embeddable":true,"href":"https:\/\/arcoiris.com.co\/v3\/wp-json\/wp\/v2\/comments?post=19441"}],"version-history":[{"count":0,"href":"https:\/\/arcoiris.com.co\/v3\/wp-json\/wp\/v2\/posts\/19441\/revisions"}],"wp:featuredmedia":[{"embeddable":true,"href":"https:\/\/arcoiris.com.co\/v3\/wp-json\/wp\/v2\/media\/18872"}],"wp:attachment":[{"href":"https:\/\/arcoiris.com.co\/v3\/wp-json\/wp\/v2\/media?parent=19441"}],"wp:term":[{"taxonomy":"category","embeddable":true,"href":"https:\/\/arcoiris.com.co\/v3\/wp-json\/wp\/v2\/categories?post=19441"},{"taxonomy":"post_tag","embeddable":true,"href":"https:\/\/arcoiris.com.co\/v3\/wp-json\/wp\/v2\/tags?post=19441"}],"curies":[{"name":"wp","href":"https:\/\/api.w.org\/{rel}","templated":true}]}}