{"id":19448,"date":"2016-07-07T15:19:02","date_gmt":"2016-07-07T20:19:02","guid":{"rendered":"https:\/\/arcoiris.com.co\/v3\/?p=19448"},"modified":"2019-08-26T15:07:50","modified_gmt":"2019-08-26T20:07:50","slug":"llego-el-momento-de-creer-que-esto-es-posible-la-paz-la-construimos-nosotros-felipe-montoya","status":"publish","type":"post","link":"https:\/\/arcoiris.com.co\/v3\/2016\/07\/llego-el-momento-de-creer-que-esto-es-posible-la-paz-la-construimos-nosotros-felipe-montoya\/","title":{"rendered":"Lleg\u00f3 el momento de creer que esto es posible, la paz la construimos nosotros: Felipe Montoya"},"content":{"rendered":"<div id=\"attachment_19449\" style=\"width: 630px\" class=\"wp-caption aligncenter\"><a href=\"https:\/\/arcoiris.com.co\/v3\/wp-content\/uploads\/2016\/07\/Sin-t\u00edtulo-2.png\"><img loading=\"lazy\" decoding=\"async\" aria-describedby=\"caption-attachment-19449\" class=\"size-large wp-image-19449\" src=\"https:\/\/arcoiris.com.co\/v3\/wp-content\/uploads\/2016\/07\/Sin-t\u00edtulo-2-640x481.png\" alt=\"Foto: Corporaci\u00f3n Nuevo Arco Iris\/ 6 de julio de 2016\" width=\"620\" height=\"466\" srcset=\"https:\/\/arcoiris.com.co\/v3\/wp-content\/uploads\/2016\/07\/Sin-t\u00edtulo-2-640x481.png 640w, https:\/\/arcoiris.com.co\/v3\/wp-content\/uploads\/2016\/07\/Sin-t\u00edtulo-2-300x225.png 300w, https:\/\/arcoiris.com.co\/v3\/wp-content\/uploads\/2016\/07\/Sin-t\u00edtulo-2.png 692w\" sizes=\"(max-width: 620px) 100vw, 620px\" \/><\/a><p id=\"caption-attachment-19449\" class=\"wp-caption-text\">Foto: Corporaci\u00f3n Nuevo Arco Iris\/ 6 de julio de 2016<\/p><\/div>\n<p style=\"text-align: justify;\">El jueves 23 de junio se firm\u00f3 p\u00fablicamente el Acuerdo sobre \u201cCese al fuego y de hostilidades bilateral y Definitivo y Dejaci\u00f3n de Armas\u201d y es precisamente de este acuerdo que se har\u00e1 pedagog\u00eda durante el mes de julio en programa radial de Sinton\u00edzate con la paz.<\/p>\n<p style=\"text-align: justify;\">En la emisi\u00f3n del mi\u00e9rcoles 6 se cont\u00f3 en cabina con Jaime Wilches, Polit\u00f3logo y Periodista. Doctorado en Comunicaci\u00f3n. Investigador del IPAZUD, v\u00eda telef\u00f3nica participaron Guillermo Fern\u00e1ndez, Representante adjunto de la Oficina en Colombia del Alto Comisionado de Naciones Unidas para los Derechos Humanos; el investigador y analista Ariel \u00c1vila; Felipe Montoya, Director Ejecutivo de Vallenpaz y C\u00e9sar Jerez, Miembro de la Asociaci\u00f3n Campesina del Valle del R\u00edo Cimitarra-ACVC, de la Asociaci\u00f3n Nacional de Zonas de Reserva Campesina-ANZORC y de la Agencia Prensa Rural.<\/p>\n<p style=\"text-align: justify;\">En dicha pedagog\u00eda se abord\u00f3 el Cese al fuego bilateral, la Participaci\u00f3n Pol\u00edtica y los Mecanismos para la dejaci\u00f3n de armas, la desmovilizaci\u00f3n y la reintegraci\u00f3n, adem\u00e1s se hizo llamado al ELN para que se siente en inicie di\u00e1logos con el Gobierno nacional con el fin de lograr una paz completa.<\/p>\n<p style=\"text-align: justify;\">Guillermo Fern\u00e1ndez hizo referencia al impacto en tema de derechos humanos, mencionando algunas comparaciones o relaciones con otros pa\u00edses. Fern\u00e1ndez pone como punto de partida para una paz real, el disfrute de los derechos humanos, as\u00ed como es necesario que las FARC -EP dejen de ser un actor armado para que las FFMM no tomen, m\u00e1s adelante, represalias contra los excombatientes. El miembro de la ONU afirma que \u201cla construcci\u00f3n de paz es larga y enorme, en especial porque permanecen otros grupos armados\u201d.<\/p>\n<p style=\"text-align: justify;\">Por otro lado en lo referente a las zonas de ubicaci\u00f3n o transici\u00f3n (Ver explicaci\u00f3n en <span style=\"color: #800000;\"><strong><em><a style=\"color: #800000;\" href=\"https:\/\/arcoiris.com.co\/v3\/2016\/06\/decimos-que-este-proceso-es-para-las-nuevas-generaciones-henry-cuervo\/\" target=\"_blank\" rel=\"noopener noreferrer\">\u201cDecimos que este proceso es para las nuevas generaciones\u201d Henry Cuervo<\/a><\/em><\/strong><\/span>), el analista e investigador \u00c1vila habl\u00f3 de estas zonas y de la movilidad que tendr\u00e1n los miembros de las FARC, \u00abestas zonas transitorias son para terminar una negociaci\u00f3n\u00bb aprovechando que \u00abes la primera vez que habr\u00e1 un mecanismo de verificaci\u00f3n intencional [\u2026] 10 personas de esta guerrilla por cada zona transitoria, podr\u00e1n moverse con seguridad del Estado\u201d, expres\u00f3, de igual manera 3 responsables de cada una de las partes ser\u00e1n los encargados de coordinar todo lo que pasa en las zonas, \u00abEl conflicto colombiano es pol\u00edtico y la soluci\u00f3n tiene que ser pol\u00edtica\u00bb, concluye.<\/p>\n<p style=\"text-align: justify;\">Felipe Montoya sostuvo su intervenci\u00f3n en torno a la reincorporaci\u00f3n de excombatientes, explicando que no solamente se trata del c\u00f3mo acabar los fusiles sino del c\u00f3mo se afronta el posacuerdo. \u201c\u00bfC\u00f3mo entienden los campesinos o habitantes de las Zonas de Ubicaci\u00f3n la din\u00e1mica del acuerdo?, lleg\u00f3 el momento de creer que esto es posible, la paz la construimos nosotros\u201d, afirm\u00f3, as\u00ed mismo manifest\u00f3 que \u201cel Gobierno y los Equipos negociadores est\u00e1 brindando al pa\u00eds un proceso que es serio\u00bb y ello se refleja en que este es el proceso m\u00e1s claro en t\u00e9rminos de dejaci\u00f3n de arma;, finalmente el director de Vallenpaz dice: La reconciliaci\u00f3n es importante, aprender a vivir todos bajo las mismas reglas.<\/p>\n<p style=\"text-align: justify;\">Una de las preocupaciones en el momento actual de Colombia es que la sociedad civil est\u00e1 desorganizada, en una gran parte es indiferente, y es esta misma gran parte que puede llegar a ir en contra de los acuerdos de paz, as\u00ed lo dice Jaime Wilches \u00abMe preocupa la sociedad civil indiferente a los acuerdos\u00bb, es por esto que la responsabilidad en un cierto porcentaje recae sobre las academias que son las encargadas de comunicar \u201cla paz a las personas\u201d sin caer en el error de \u2018ideologizarla\u2019.<\/p>\n<p style=\"text-align: justify;\">Finalmente, C\u00e9sar Jerez se refiri\u00f3 a los medios de comunicaci\u00f3n y lo que parece ser una \u201cestrategia de miedo y desinformaci\u00f3n en Colombia\u201d que pretende es estipular \u201cuna venta de miedo para impedir que se organice la sociedad\u201d. Es necesario que el Estado atienda a la sociedad para afrontar el paramilitarismo, fen\u00f3meno que en lo corrido del a\u00f1o deja 17 asesinatos a l\u00edderes en El Bagre, as\u00ed mismo el miembro de ANZORC hizo el llamado al ELN para que dejen de secuestrar y as\u00ed dar apertura a di\u00e1logos con el Gobierno y entrar de lleno a una paz completa.<\/p>\n<p style=\"text-align: justify;\">Para conocer todos los pronunciamientos, escuche el programa completo a continuaci\u00f3n y para participar en cada transmisi\u00f3n, puede hacerlo por medio de las redes sociales<a href=\"https:\/\/twitter.com\/Justapaz_Col\" target=\"_blank\" rel=\"noopener noreferrer\">@justapaz_col<\/a>,\u00a0<a href=\"https:\/\/twitter.com\/Redprodepaz\" target=\"_blank\" rel=\"noopener noreferrer\">@Redprodepaz<\/a>, <a href=\"https:\/\/twitter.com\/UNIMINUTORadio\" target=\"_blank\" rel=\"noopener noreferrer\">@UniminutoRadio,<\/a> <a href=\"https:\/\/twitter.com\/fablp76\" target=\"_blank\" rel=\"noopener noreferrer\">@fablp76<\/a>, <a href=\"https:\/\/twitter.com\/EscenarioUSTA\" target=\"_blank\" rel=\"noopener noreferrer\">@EscenarioUSTA<\/a>,<a href=\"https:\/\/twitter.com\/Nuevoarc\" target=\"_blank\" rel=\"noopener noreferrer\">@NuevoARC <\/a>y la cuenta oficial en twitter del programa <a href=\"https:\/\/twitter.com\/SintonizateCP\" target=\"_blank\" rel=\"noopener noreferrer\">@SintonizateCP<\/a> o por el correo electr\u00f3nico programasintonizate@gmail.com escuchando el programa en vivo todos los mi\u00e9rcoles, de 9:00 am a 10:00 am, por <a href=\"http:\/\/escenario.usta.edu.co\/radio-online\/escenario.html\" target=\"_blank\" rel=\"noopener noreferrer\">escenario.usta.edu.co<\/a><\/p>\n<p><iframe loading=\"lazy\" src=\"https:\/\/w.soundcloud.com\/player\/?url=https%3A\/\/api.soundcloud.com\/tracks\/272455483&amp;color=ff5500&amp;auto_play=false&amp;hide_related=false&amp;show_comments=true&amp;show_user=true&amp;show_reposts=false\" width=\"100%\" height=\"166\" frameborder=\"no\" scrolling=\"no\"><\/iframe><\/p>\n","protected":false},"excerpt":{"rendered":"<p>El jueves 23 de junio se firm\u00f3 p\u00fablicamente el Acuerdo sobre \u201cCese al fuego y de hostilidades bilateral y Definitivo y Dejaci\u00f3n de Armas\u201d y es precisamente de este acuerdo que se har\u00e1 pedagog\u00eda durante el mes de julio en programa radial de Sinton\u00edzate con la paz. En la emisi\u00f3n del mi\u00e9rcoles 6 se cont\u00f3 [&hellip;]<\/p>\n","protected":false},"author":51,"featured_media":19449,"comment_status":"closed","ping_status":"closed","sticky":false,"template":"","format":"standard","meta":{"_et_pb_use_builder":"","_et_pb_old_content":"","_et_gb_content_width":"","footnotes":""},"categories":[1,6,16,462,21,17,15,20,465,41],"tags":[],"class_list":["post-19448","post","type-post","status-publish","format-standard","has-post-thumbnail","hentry","category-uncategorized","category-archivo-audiovisual","category-conflicto-armado","category-destacado","category-justicia","category-paz","category-politica","category-seguridad","category-sintonizate-con-la-paz","category-territorio-y-desarrollo"],"_links":{"self":[{"href":"https:\/\/arcoiris.com.co\/v3\/wp-json\/wp\/v2\/posts\/19448","targetHints":{"allow":["GET"]}}],"collection":[{"href":"https:\/\/arcoiris.com.co\/v3\/wp-json\/wp\/v2\/posts"}],"about":[{"href":"https:\/\/arcoiris.com.co\/v3\/wp-json\/wp\/v2\/types\/post"}],"author":[{"embeddable":true,"href":"https:\/\/arcoiris.com.co\/v3\/wp-json\/wp\/v2\/users\/51"}],"replies":[{"embeddable":true,"href":"https:\/\/arcoiris.com.co\/v3\/wp-json\/wp\/v2\/comments?post=19448"}],"version-history":[{"count":0,"href":"https:\/\/arcoiris.com.co\/v3\/wp-json\/wp\/v2\/posts\/19448\/revisions"}],"wp:featuredmedia":[{"embeddable":true,"href":"https:\/\/arcoiris.com.co\/v3\/wp-json\/wp\/v2\/media\/19449"}],"wp:attachment":[{"href":"https:\/\/arcoiris.com.co\/v3\/wp-json\/wp\/v2\/media?parent=19448"}],"wp:term":[{"taxonomy":"category","embeddable":true,"href":"https:\/\/arcoiris.com.co\/v3\/wp-json\/wp\/v2\/categories?post=19448"},{"taxonomy":"post_tag","embeddable":true,"href":"https:\/\/arcoiris.com.co\/v3\/wp-json\/wp\/v2\/tags?post=19448"}],"curies":[{"name":"wp","href":"https:\/\/api.w.org\/{rel}","templated":true}]}}