{"id":19483,"date":"2016-07-11T12:43:14","date_gmt":"2016-07-11T17:43:14","guid":{"rendered":"https:\/\/arcoiris.com.co\/v3\/?p=19483"},"modified":"2019-08-26T15:07:49","modified_gmt":"2019-08-26T20:07:49","slug":"carta-abierta-por-una-paz-integral-y-sostenible","status":"publish","type":"post","link":"https:\/\/arcoiris.com.co\/v3\/2016\/07\/carta-abierta-por-una-paz-integral-y-sostenible\/","title":{"rendered":"Carta abierta: Por una paz integral y sostenible"},"content":{"rendered":"<p style=\"text-align: justify;\"><a href=\"https:\/\/arcoiris.com.co\/v3\/wp-content\/uploads\/2016\/06\/EPL-PAZ.png\"><img loading=\"lazy\" decoding=\"async\" class=\"aligncenter size-full wp-image-19391\" src=\"https:\/\/arcoiris.com.co\/v3\/wp-content\/uploads\/2016\/06\/EPL-PAZ.png\" alt=\"EPL PAZ\" width=\"406\" height=\"458\" srcset=\"https:\/\/arcoiris.com.co\/v3\/wp-content\/uploads\/2016\/06\/EPL-PAZ.png 406w, https:\/\/arcoiris.com.co\/v3\/wp-content\/uploads\/2016\/06\/EPL-PAZ-266x300.png 266w\" sizes=\"(max-width: 406px) 100vw, 406px\" \/><\/a>En un documento dirigido al Presidente de la Rep\u00fablica de Colombia, Juan Manuel Santos Calder\u00f3n, un grupo de personas promotores de la Asamblea Nacional Constituyente que dio origen a la Constituci\u00f3n Pol\u00edtica de 1991, hacen p\u00fablica una serie de situaciones que atentan contra la paz anhelada en el territorio colombiano, como la permanencia de los Grupos Armados Organizados \u2013GAO-,<\/p>\n<blockquote><p>cuyos or\u00edgenes, naturaleza y pr\u00e1cticas, son continuidad de los grupos paramilitares; es decir: asesinan por contrato, extorsionan, ejecutan acciones de exterminio social y pol\u00edtico por encargo y se financian con dineros provenientes del narcotr\u00e1fico, la corrupci\u00f3n, as\u00ed como de las pr\u00e1cticas armadas de operaci\u00f3n de miner\u00eda ilegal y sometimiento de los mineros informales\u201d.<\/p><\/blockquote>\n<p style=\"text-align: justify;\"><em>A continuaci\u00f3n parte de la Carta:<\/em><\/p>\n<p style=\"text-align: justify;\">Estos grupos armados cuentan con un \u201ccomplejo entramado de relaciones con agentes del Estado, con actores econ\u00f3micos y el aprovechamiento pol\u00edtico de adversarios del proceso de paz, garantizan su pervivencia y dificultan su erradicaci\u00f3n.<\/p>\n<p style=\"text-align: justify;\">El Gobierno Nacional, dentro de los enfoques de la Seguridad Nacional, ha aplicado f\u00f3rmulas para eliminar estos grupos, las cuales van desde la priorizaci\u00f3n de la represi\u00f3n, hasta los procesos de negociaci\u00f3n, con la adecuaci\u00f3n de la legislaci\u00f3n en procura de viabilizar su sometimiento a la justicia. Por desgracia para el pa\u00eds, estas estrategias se han acompa\u00f1ado con la implementaci\u00f3n de t\u00e1cticas cooptativas por parte del Estado, tales como utilizar la negociaci\u00f3n con algunos grupos, para aislar a otros; el propiciar el combate militar de algunos de los actores a otras expresiones armadas y hasta los \u201cFalsos Positivos\u201d. Como ha ense\u00f1ado la amarga historia de la confrontaci\u00f3n armada en Colombia, las t\u00e1cticas duales de paz y guerra, vengan de donde vengan, han evidenciado su car\u00e1cter nefasto para la paz y la democracia en Colombia.<\/p>\n<p style=\"text-align: justify;\">Los procesos de paz y reincorporaci\u00f3n a la vida civil han generado subgrupos que, al marginarse de los Acuerdos, reciclan la guerra y disputan con las instituciones el control de los territorios. Tal es el caso de grupos que se aislaron de los procesos de paz de la d\u00e9cada del 90, se constituyeron como actores armados ilegales y hoy se presentan ante el pa\u00eds con incidencia territorial, influencia social y como opci\u00f3n de supervivencia para sectores marginados.<\/p>\n<p style=\"text-align: justify;\">Ejemplo de ello, es el grupo que se autodenomina EPL y que surgi\u00f3 como una disidencia durante el proceso de paz firmado con el Gobierno Nacional en 1991. Su trayectoria ha estado signada por los v\u00ednculos con el narcotr\u00e1fico, los cultivos de uso il\u00edcito, el secuestro y la extorsi\u00f3n, que lo fortalecen econ\u00f3micamente y le permiten ser un actor preponderante de la violencia armada en la regi\u00f3n del Catatumbo, sur del Cesar y la hermana Rep\u00fablica de Venezuela. Hoy, bajo la direcci\u00f3n de Guillermo Le\u00f3n Aguirre, este grupo se presenta como alternativa mediante reclutamiento de j\u00f3venes y la pretensi\u00f3n de atraer a sus filas a combatientes de las Farc y del ELN, que eventualmente no compartan los procesos de paz, como recientemente lo ha registrado la prensa.<\/p>\n<p style=\"text-align: justify;\">Otra muestra significativa de estos subgrupos, es la pervivencia de actores marginados de los acuerdos de Santaf\u00e9 de Ralito. Tal es el caso de Los Urabe\u00f1os, Clan \u00dasuga o Cartel del Golfo, como el Gobierno prefiere denominarlos. Los or\u00edgenes de algunos de sus l\u00edderes, como Otoniel, se remontan al Quinto Frente de las Farc y su posterior integraci\u00f3n al EPL; despu\u00e9s de la firma del Acuerdo de Paz por parte de este grupo guerrillero, se configur\u00f3 un subgrupo minoritario que pas\u00f3 a fortalecer la estructura \u201cH\u00e9roes de Casta\u00f1o\u201d, para convertirse en la banda armada m\u00e1s poderosa del pa\u00eds, conocida como \u201cLos Urabe\u00f1os\u201d. Aunque la Operaci\u00f3n Agamen\u00f3n viene propinando golpes certeros a estas estructuras, es evidente que \u00e9stos a\u00fan conservan su capacidad de readecuaci\u00f3n y supervivencia.<\/p>\n<p style=\"text-align: justify;\">Frente a estos factores, los avances en la concreci\u00f3n de los Acuerdos de Paz en la Mesa de la Habana, generan referentes y espacios que permiten reinterpretar la problem\u00e1tica e imaginar soluciones integrales, con visi\u00f3n de futuro. El momento ofrece la oportunidad de superar viejas visiones y estrategias, para explorar alternativas integrales de sometimiento a la justicia y de alternatividad penal en Colombia, para las personas y los grupos reincidentes en la acci\u00f3n armada ilegal, mediante el aprovechamiento de los mecanismos de la justicia transicional. As\u00ed mismo, nos impulsa a realizar un llamado desde la sociedad civil al Grupo de los Urabe\u00f1os y a la disidencia del EPL, para que se dispongan con toda claridad a buscar opciones reales que permitan su reincorporaci\u00f3n a la vida civil, ya sea por el camino del sometimiento a la justicia, o explorando otras alternativas antes de la firma del Acuerdo Final entre el gobierno y las FARC-EP, haciendo as\u00ed una gran contribuci\u00f3n a la paz de Colombia.<\/p>\n<p style=\"text-align: justify;\">Este llamado es, tambi\u00e9n a potenciar el compromiso de las organizaciones sociales, las comunidades educativas, las entidades encargadas de los programas sociales; en particular, con el sector de los y las j\u00f3venes, para emprender campa\u00f1as conjuntas de promoci\u00f3n de los valores \u00e9ticos, de la cultura de la legalidad y la repolitizaci\u00f3n democr\u00e1tica de la sociedad.<\/p>\n<p style=\"text-align: justify;\">En este sentido, tambi\u00e9n la Corte Constitucional, hija de la constituci\u00f3n Pol\u00edtica de 1991, tiene hoy la oportunidad de remozar el papel del Constituyente Primario, mediante un fallo que potencie una salida civil y democr\u00e1tica, desbrozando el camino hacia la paz completa.<\/p>\n<p style=\"text-align: justify;\">El pueblo colombiano ha sufrido las muertes de muchos de sus l\u00edderes sociales y pol\u00edticos, el desplazamiento, la extorsi\u00f3n, el secuestro, la apropiaci\u00f3n indebida de recursos que deber\u00edan ser destinados a la satisfacci\u00f3n de sus necesidades b\u00e1sicas; miles de j\u00f3venes sucumben ante las drogas psicoactivas y muchos mueren en guerras desatadas por bandas internas dedicadas al micro tr\u00e1fico. El presente y el futuro de los ni\u00f1os, ni\u00f1as y adolescentes colombianos dependen tambi\u00e9n de las decisiones que se tomen en estos momentos.<\/p>\n<p style=\"text-align: justify;\">La paz es con todos y todas, la paz es entre todos y todas. Es el tiempo de la democracia, la equidad, la justicia social y la reconciliaci\u00f3n.\u201d<\/p>\n<h6 style=\"text-align: justify;\">Se firma esta carta por las siguientes personas:\u00a0Teodoro D\u00edaz, Lu\u00eds Emil Sanabria, Iv\u00e1n Libreros, Gabriel Quintero, Carlos A. Reyes; Mar\u00eda Aurora Pulgar\u00edn, Omar Largo, Carlos Mario Casta\u00f1o, Albeiro Caro, Misael Medina, Rafael Guerrero, Cristina Arias, Hilda Bustillo, Neila Hern\u00e1ndez, Raquel Vergara, Lucho Rend\u00f3n, Parm\u00e9nides Rojas, Jon Restrepo, Adolfo Mercado, Gladiz G\u00f3mez, Claudia Bola\u00f1os, V\u00edctor Naranjo, Juan Diego G\u00f3mez, Ricardo Pantoja, Henry Benavidez, Idelfonso Henao, Elizabeth Ni\u00f1o, Nelson Plazas.<\/h6>\n<p style=\"text-align: justify;\">Ver\u00a0<span style=\"color: #800000;\"><em><strong><a style=\"color: #800000;\" href=\"https:\/\/arcoiris.com.co\/v3\/wp-content\/uploads\/2016\/07\/Carta-Abierta-9-deJulio.pdf\" target=\"_blank\" rel=\"noopener noreferrer\">Carta Abierta 9 deJulio<\/a><\/strong><\/em><\/span><\/p>\n","protected":false},"excerpt":{"rendered":"<p>En un documento dirigido al Presidente de la Rep\u00fablica de Colombia, Juan Manuel Santos Calder\u00f3n, un grupo de personas promotores de la Asamblea Nacional Constituyente que dio origen a la Constituci\u00f3n Pol\u00edtica de 1991, hacen p\u00fablica una serie de situaciones que atentan contra la paz anhelada en el territorio colombiano, como la permanencia de los [&hellip;]<\/p>\n","protected":false},"author":51,"featured_media":19391,"comment_status":"closed","ping_status":"closed","sticky":false,"template":"","format":"standard","meta":{"_et_pb_use_builder":"","_et_pb_old_content":"","_et_gb_content_width":"","footnotes":""},"categories":[1,16,462,21,17,15,41,19,18],"tags":[],"class_list":["post-19483","post","type-post","status-publish","format-standard","has-post-thumbnail","hentry","category-uncategorized","category-conflicto-armado","category-destacado","category-justicia","category-paz","category-politica","category-territorio-y-desarrollo","category-tierras","category-victimas"],"_links":{"self":[{"href":"https:\/\/arcoiris.com.co\/v3\/wp-json\/wp\/v2\/posts\/19483","targetHints":{"allow":["GET"]}}],"collection":[{"href":"https:\/\/arcoiris.com.co\/v3\/wp-json\/wp\/v2\/posts"}],"about":[{"href":"https:\/\/arcoiris.com.co\/v3\/wp-json\/wp\/v2\/types\/post"}],"author":[{"embeddable":true,"href":"https:\/\/arcoiris.com.co\/v3\/wp-json\/wp\/v2\/users\/51"}],"replies":[{"embeddable":true,"href":"https:\/\/arcoiris.com.co\/v3\/wp-json\/wp\/v2\/comments?post=19483"}],"version-history":[{"count":0,"href":"https:\/\/arcoiris.com.co\/v3\/wp-json\/wp\/v2\/posts\/19483\/revisions"}],"wp:featuredmedia":[{"embeddable":true,"href":"https:\/\/arcoiris.com.co\/v3\/wp-json\/wp\/v2\/media\/19391"}],"wp:attachment":[{"href":"https:\/\/arcoiris.com.co\/v3\/wp-json\/wp\/v2\/media?parent=19483"}],"wp:term":[{"taxonomy":"category","embeddable":true,"href":"https:\/\/arcoiris.com.co\/v3\/wp-json\/wp\/v2\/categories?post=19483"},{"taxonomy":"post_tag","embeddable":true,"href":"https:\/\/arcoiris.com.co\/v3\/wp-json\/wp\/v2\/tags?post=19483"}],"curies":[{"name":"wp","href":"https:\/\/api.w.org\/{rel}","templated":true}]}}