{"id":19548,"date":"2016-07-18T16:29:38","date_gmt":"2016-07-18T21:29:38","guid":{"rendered":"https:\/\/arcoiris.com.co\/v3\/?p=19548"},"modified":"2019-08-26T15:07:47","modified_gmt":"2019-08-26T20:07:47","slug":"resultado-de-encuesta-muerte-de-luis-carlos-galan-sarmiento-delito-de-lesa-humanidad","status":"publish","type":"post","link":"https:\/\/arcoiris.com.co\/v3\/2016\/07\/resultado-de-encuesta-muerte-de-luis-carlos-galan-sarmiento-delito-de-lesa-humanidad\/","title":{"rendered":"Resultado de Encuesta: Muerte de Luis Carlos Gal\u00e1n Sarmiento, delito de lesa humanidad"},"content":{"rendered":"<p style=\"text-align: justify;\">La semana anterior el alto tribunal dio a conocer su decisi\u00f3n de determinar como un delito de lesa humanidad la muerte del precandidato presidencial en 1982, as\u00ed lo dieron a conocer varios medio de comunicaci\u00f3n:<\/p>\n<p style=\"text-align: justify;\">\u00abEl alto tribunal consider\u00f3 que el asesinato del precandidato presidencial es \u00abimprescriptible\u00bb&#8230;<\/p>\n<p style=\"text-align: justify;\">Para la Sala por ser delito de lesa humanidad, la autoridad no est\u00e1 obligada a actuar en lo que denominan \u201cplazo razonable\u201d, sino en lo que se requiere para adelantar adecuadamente la investigaci\u00f3n. Con esta determinaci\u00f3n se dej\u00f3 en firme el fallo emitido por el Tribunal Administrativo del Valle del Cauca que neg\u00f3 las pretensiones de la demanda.<\/p>\n<p style=\"text-align: justify;\">\u00abEn la actuaci\u00f3n criminal seguida por el homicidio de Gal\u00e1n Sarmiento el haber sido vinculado a un proceso que se prolong\u00f3 por m\u00e1s de una d\u00e9cada no implica, per se, violaci\u00f3n a la garant\u00eda convencional y constitucional al plazo razonable, subsumido en el marco de las garant\u00edas judiciales (art\u00edculo 8 CADH) y el debido proceso judicial (art\u00edculo 29 Constituci\u00f3n Pol\u00edtica) por cuanto las exigencias de la justicia en un acto calificado por la propia autoridad penal como constitutivo de un acto de lesa humanidad implican la prevalencia del deber de investigar y juzgar respecto a la antecitada garant\u00eda judicial de ah\u00ed que no pueda esta judicatura censurar el actuar de las autoridades penales por el s\u00f3lo hecho del periodo por el cual, en sede de instrucci\u00f3n, dur\u00f3 vinculado el demandante\u00bb, se\u00f1ala la decisi\u00f3n.\u00bb (Ver en <span style=\"color: #ff0000;\"><em><strong><a style=\"color: #ff0000;\" href=\"http:\/\/www.elespectador.com\/noticias\/judicial\/crimen-de-luis-carlos-galan-un-delito-de-lesa-humanidad-articulo-642654\" target=\"_blank\" rel=\"noopener noreferrer\">El Espectador<\/a>\u00a0<\/strong><\/em><\/span>\u00a0y en <span style=\"color: #993300;\"><em><strong><a style=\"color: #993300;\" href=\"http:\/\/www.elheraldo.co\/nacional\/asesinato-de-luis-carlos-galan-es-declarado-delito-de-lesa-humanidad-por-el-consejo-de\" target=\"_blank\" rel=\"noopener noreferrer\">EL HERALDO<\/a><\/strong><\/em><\/span>)<\/p>\n<p style=\"text-align: justify;\">Con base en lo anterior se realiz\u00f3 la encuesta semanal, del lunes 11 a este\u00a0lunes 18 de julio, obteniendo los siguientes resultados:<\/p>\n<p style=\"text-align: justify;\">[poll id=\u00bb48&#8243;]\n<p style=\"text-align: justify;\">Los invitamos a seguir participando de la encuesta virtual que se rota cada lunes y que la encuentran en la parte superior del lateral izquierdo.<\/p>\n<p style=\"text-align: justify;\">Gracias por votar.<\/p>\n","protected":false},"excerpt":{"rendered":"<p>La semana anterior el alto tribunal dio a conocer su decisi\u00f3n de determinar como un delito de lesa humanidad la muerte del precandidato presidencial en 1982, as\u00ed lo dieron a conocer varios medio de comunicaci\u00f3n: \u00abEl alto tribunal consider\u00f3 que el asesinato del precandidato presidencial es \u00abimprescriptible\u00bb&#8230; Para la Sala por ser delito de lesa [&hellip;]<\/p>\n","protected":false},"author":51,"featured_media":0,"comment_status":"closed","ping_status":"closed","sticky":false,"template":"","format":"standard","meta":{"_et_pb_use_builder":"","_et_pb_old_content":"","_et_gb_content_width":"","footnotes":""},"categories":[1,16,462,626,21,18],"tags":[],"class_list":["post-19548","post","type-post","status-publish","format-standard","hentry","category-uncategorized","category-conflicto-armado","category-destacado","category-encuesta-semanal","category-justicia","category-victimas"],"_links":{"self":[{"href":"https:\/\/arcoiris.com.co\/v3\/wp-json\/wp\/v2\/posts\/19548","targetHints":{"allow":["GET"]}}],"collection":[{"href":"https:\/\/arcoiris.com.co\/v3\/wp-json\/wp\/v2\/posts"}],"about":[{"href":"https:\/\/arcoiris.com.co\/v3\/wp-json\/wp\/v2\/types\/post"}],"author":[{"embeddable":true,"href":"https:\/\/arcoiris.com.co\/v3\/wp-json\/wp\/v2\/users\/51"}],"replies":[{"embeddable":true,"href":"https:\/\/arcoiris.com.co\/v3\/wp-json\/wp\/v2\/comments?post=19548"}],"version-history":[{"count":0,"href":"https:\/\/arcoiris.com.co\/v3\/wp-json\/wp\/v2\/posts\/19548\/revisions"}],"wp:attachment":[{"href":"https:\/\/arcoiris.com.co\/v3\/wp-json\/wp\/v2\/media?parent=19548"}],"wp:term":[{"taxonomy":"category","embeddable":true,"href":"https:\/\/arcoiris.com.co\/v3\/wp-json\/wp\/v2\/categories?post=19548"},{"taxonomy":"post_tag","embeddable":true,"href":"https:\/\/arcoiris.com.co\/v3\/wp-json\/wp\/v2\/tags?post=19548"}],"curies":[{"name":"wp","href":"https:\/\/api.w.org\/{rel}","templated":true}]}}