{"id":19663,"date":"2016-08-08T15:48:17","date_gmt":"2016-08-08T20:48:17","guid":{"rendered":"https:\/\/arcoiris.com.co\/v3\/?p=19663"},"modified":"2019-08-26T15:07:42","modified_gmt":"2019-08-26T20:07:42","slug":"resultado-encuesta-nuevo-fiscal-general-de-la-nacion-nestor-humberto-martinez","status":"publish","type":"post","link":"https:\/\/arcoiris.com.co\/v3\/2016\/08\/resultado-encuesta-nuevo-fiscal-general-de-la-nacion-nestor-humberto-martinez\/","title":{"rendered":"Resultado Encuesta: Nuevo Fiscal general de la naci\u00f3n, N\u00e9stor Humberto Mart\u00ednez"},"content":{"rendered":"<p style=\"text-align: justify;\">A mediados del mes de julio del presente a\u00f1o, se dio a conocer que N\u00e9stor Humberto Mart\u00ednez fue elegido como el nuevo fiscal general de la Naci\u00f3n, obteniendo el apoyo de la mayor parte de los 23 magistrados de la Sala Plena de ese alto tribunal.<\/p>\n<p style=\"text-align: justify;\">El medio de comunicaci\u00f3n <span style=\"color: #ff0000;\"><em><strong><a style=\"color: #ff0000;\" href=\"http:\/\/www.semana.com\/nacion\/articulo\/eleccion-del-fiscal-general-corte-suprema-eligio-a-nestor-humberto-martinez\/481489\" target=\"_blank\" rel=\"noopener noreferrer\">Semana<\/a><\/strong><\/em><\/span> hace un breve resumen de la hoja de vida del ahora Fiscal General: \u201cFue ministro de Justicia durante el gobierno de Ernesto Samper y jefe de la cartera del Interior durante el mandato de Andr\u00e9s Pastrana. Labor\u00f3 en diversas instancias de la Superintendencia de Sociedades, la C\u00e1mara de Comercio de Bogot\u00e1 y la Superintendencia Bancaria, organismos que lleg\u00f3 a dirigir. Adem\u00e1s, fue codirector del Banco de la Rep\u00fablica.<\/p>\n<p style=\"text-align: justify;\">El jurista, cuya \u00faltima tarea oficial fue la de ser ministro para la Presidencia, tambi\u00e9n tiene una amplia trayectoria como litigante, defendiendo los intereses de los canales privados RCN y Caracol y otros gigantes como Carbones Colombianos del Cerrej\u00f3n, Chevron, Goldman Sachs (oro), Grupo Aval, Pacific Rubiales y dem\u00e1s firmas.<\/p>\n<p style=\"text-align: justify;\">En la rama judicial ha hecho su incursi\u00f3n como conjuez de la Corte Constitucional, el Consejo de Estado y el Consejo Superior de la Judicatura. Adem\u00e1s, es fundador del Centro de Arbitraje de la C\u00e1mara de Comercio de Bogot\u00e1 e hizo parte de la comisi\u00f3n de expertos redactora de la Ley de Arbitraje 2011\u20132012.\u201d<\/p>\n<p style=\"text-align: justify;\">El pasado lunes, 1 de agosto, N\u00e9stor Humberto Mart\u00ednez Neira se posicion\u00f3 oficialmente en su puesto en la Casa de Nari\u00f1o a las 10:30 de la ma\u00f1ana. El abogado hab\u00eda dicho anteriormente que esta ser\u00eda \u201cla Fiscal\u00eda del posconflicto\u201d.<\/p>\n<p style=\"text-align: justify;\">Con base en esto se les plante\u00f3 la siguiente pregunta al p\u00fablico, en la Encuesta Semanal desde el lunes 1 hasta este lunes 8 de agosto. Obteniendo as\u00ed mismo los siguientes resultados:<\/p>\n<p style=\"text-align: justify;\">[poll id=\u00bb52&#8243;]\n<p style=\"text-align: justify;\">Los invitamos a seguir participando de la encuesta virtual que se rota cada lunes y que la encuentran en la parte superior del lateral izquierdo.<\/p>\n<p style=\"text-align: justify;\">Gracias por votar.<\/p>\n","protected":false},"excerpt":{"rendered":"<p>A mediados del mes de julio del presente a\u00f1o, se dio a conocer que N\u00e9stor Humberto Mart\u00ednez fue elegido como el nuevo fiscal general de la Naci\u00f3n, obteniendo el apoyo de la mayor parte de los 23 magistrados de la Sala Plena de ese alto tribunal. El medio de comunicaci\u00f3n Semana hace un breve resumen [&hellip;]<\/p>\n","protected":false},"author":51,"featured_media":0,"comment_status":"closed","ping_status":"closed","sticky":false,"template":"","format":"standard","meta":{"_et_pb_use_builder":"","_et_pb_old_content":"","_et_gb_content_width":"","footnotes":""},"categories":[1,462,626,15],"tags":[],"class_list":["post-19663","post","type-post","status-publish","format-standard","hentry","category-uncategorized","category-destacado","category-encuesta-semanal","category-politica"],"_links":{"self":[{"href":"https:\/\/arcoiris.com.co\/v3\/wp-json\/wp\/v2\/posts\/19663","targetHints":{"allow":["GET"]}}],"collection":[{"href":"https:\/\/arcoiris.com.co\/v3\/wp-json\/wp\/v2\/posts"}],"about":[{"href":"https:\/\/arcoiris.com.co\/v3\/wp-json\/wp\/v2\/types\/post"}],"author":[{"embeddable":true,"href":"https:\/\/arcoiris.com.co\/v3\/wp-json\/wp\/v2\/users\/51"}],"replies":[{"embeddable":true,"href":"https:\/\/arcoiris.com.co\/v3\/wp-json\/wp\/v2\/comments?post=19663"}],"version-history":[{"count":0,"href":"https:\/\/arcoiris.com.co\/v3\/wp-json\/wp\/v2\/posts\/19663\/revisions"}],"wp:attachment":[{"href":"https:\/\/arcoiris.com.co\/v3\/wp-json\/wp\/v2\/media?parent=19663"}],"wp:term":[{"taxonomy":"category","embeddable":true,"href":"https:\/\/arcoiris.com.co\/v3\/wp-json\/wp\/v2\/categories?post=19663"},{"taxonomy":"post_tag","embeddable":true,"href":"https:\/\/arcoiris.com.co\/v3\/wp-json\/wp\/v2\/tags?post=19663"}],"curies":[{"name":"wp","href":"https:\/\/api.w.org\/{rel}","templated":true}]}}