{"id":19785,"date":"2016-08-29T12:45:37","date_gmt":"2016-08-29T17:45:37","guid":{"rendered":"https:\/\/arcoiris.com.co\/v3\/?p=19785"},"modified":"2019-08-26T15:07:37","modified_gmt":"2019-08-26T20:07:37","slug":"resultado-de-encuesta-santos-pide-celeridad-en-casos-pretelt-y-ordonez","status":"publish","type":"post","link":"https:\/\/arcoiris.com.co\/v3\/2016\/08\/resultado-de-encuesta-santos-pide-celeridad-en-casos-pretelt-y-ordonez\/","title":{"rendered":"Resultado de Encuesta: Santos pide celeridad en casos, Pretelt y Ord\u00f3\u00f1ez"},"content":{"rendered":"<p style=\"text-align: justify;\">Santos aclar\u00f3 la semana inmediatamente anterior que al magistrado Jorge Pretelt no se le est\u00e1 haciendo una persecuci\u00f3n pol\u00edtica y en la misma declaraci\u00f3n hizo un llamado de atenci\u00f3n, en referencia a los m\u00e1s de tres a\u00f1os que lleva la demanda, en el Consejo de Estado, contra el procurador Alejando Ordo\u00f1ez por su reelecci\u00f3n en el cargo.<\/p>\n<p style=\"text-align: justify;\">Para ambos casos aplica lo que dijo el Mandatario, \u201ccon todo respeto por su autonom\u00eda casos como \u00e9ste y otros similares, hay que dar prueba de eficacia y de agilidad\u201d (Ver <span style=\"color: #0000ff;\"><em><strong><a style=\"color: #0000ff;\" href=\"http:\/\/www.eltiempo.com\/politica\/gobierno\/presidente-santos-pide-al-consejo-de-estado-celeridad-en-caso-contra-procurador\/16679989\" target=\"_blank\" rel=\"noopener noreferrer\">El Tiempo<\/a><\/strong><\/em><\/span>), cabe mencionar que al Magistrado se le atribuye el recibir dinero a cambio de fallar a favor en una tutela. Con respecto al Procurador dijo: \u201chay que demostrar que los altos funcionarios del Estado se les juzgan con el mismo rasero que a cualquier ciudadano del com\u00fan\u201d (Ver <span style=\"color: #ff0000;\"><em><strong><a style=\"color: #ff0000;\" href=\"http:\/\/www.elespectador.com\/noticias\/politica\/santos-pide-senado-resolver-caso-pretelt-y-consejo-de-e-articulo-650434\" target=\"_blank\" rel=\"noopener noreferrer\">El Espectador<\/a><\/strong><\/em><\/span>)<\/p>\n<p style=\"text-align: justify;\">Finalmente Juan Manuel Santos volvi\u00f3 a solicitar celeridad en vista a que se est\u00e1 dando un mal mensaje a los colombianos: \u201cEs muy mal mensaje que pase tanto, tanto tiempo sin una definici\u00f3n. Es muy mal mensaje que los m\u00e1s altos funcionarios interpongan recursos dilatorios, en lugar de buscar el pronunciamiento de fondo\u201d Ver en <span style=\"color: #800000;\"><strong><em><a style=\"color: #800000;\" href=\"http:\/\/www.semana.com\/nacion\/articulo\/caso-pretelt-presidente-de-colombia-exige-decision-al-senado\/489911\" target=\"_blank\" rel=\"noopener noreferrer\">Semana<\/a><\/em><\/strong><\/span>)<\/p>\n<p style=\"text-align: justify;\">Con base en ello se realiz\u00f3 la encuesta semanal, del lunes 22 a este lunes 29 de agosto, obteniendo los siguientes resultados:<\/p>\n[poll id=\u00bb55&#8243;]\n<p style=\"text-align: justify;\">Los invitamos a seguir participando de la encuesta virtual que se rota cada lunes y que la encuentran en la parte superior del lateral izquierdo.<\/p>\n<p>Gracias por votar.<\/p>\n","protected":false},"excerpt":{"rendered":"<p>Santos aclar\u00f3 la semana inmediatamente anterior que al magistrado Jorge Pretelt no se le est\u00e1 haciendo una persecuci\u00f3n pol\u00edtica y en la misma declaraci\u00f3n hizo un llamado de atenci\u00f3n, en referencia a los m\u00e1s de tres a\u00f1os que lleva la demanda, en el Consejo de Estado, contra el procurador Alejando Ordo\u00f1ez por su reelecci\u00f3n en [&hellip;]<\/p>\n","protected":false},"author":51,"featured_media":0,"comment_status":"closed","ping_status":"closed","sticky":false,"template":"","format":"standard","meta":{"_et_pb_use_builder":"","_et_pb_old_content":"","_et_gb_content_width":"","footnotes":""},"categories":[1,626,21,15],"tags":[],"class_list":["post-19785","post","type-post","status-publish","format-standard","hentry","category-uncategorized","category-encuesta-semanal","category-justicia","category-politica"],"_links":{"self":[{"href":"https:\/\/arcoiris.com.co\/v3\/wp-json\/wp\/v2\/posts\/19785","targetHints":{"allow":["GET"]}}],"collection":[{"href":"https:\/\/arcoiris.com.co\/v3\/wp-json\/wp\/v2\/posts"}],"about":[{"href":"https:\/\/arcoiris.com.co\/v3\/wp-json\/wp\/v2\/types\/post"}],"author":[{"embeddable":true,"href":"https:\/\/arcoiris.com.co\/v3\/wp-json\/wp\/v2\/users\/51"}],"replies":[{"embeddable":true,"href":"https:\/\/arcoiris.com.co\/v3\/wp-json\/wp\/v2\/comments?post=19785"}],"version-history":[{"count":0,"href":"https:\/\/arcoiris.com.co\/v3\/wp-json\/wp\/v2\/posts\/19785\/revisions"}],"wp:attachment":[{"href":"https:\/\/arcoiris.com.co\/v3\/wp-json\/wp\/v2\/media?parent=19785"}],"wp:term":[{"taxonomy":"category","embeddable":true,"href":"https:\/\/arcoiris.com.co\/v3\/wp-json\/wp\/v2\/categories?post=19785"},{"taxonomy":"post_tag","embeddable":true,"href":"https:\/\/arcoiris.com.co\/v3\/wp-json\/wp\/v2\/tags?post=19785"}],"curies":[{"name":"wp","href":"https:\/\/api.w.org\/{rel}","templated":true}]}}