{"id":20168,"date":"2016-10-26T15:19:59","date_gmt":"2016-10-26T20:19:59","guid":{"rendered":"https:\/\/arcoiris.com.co\/v3\/?p=20168"},"modified":"2019-08-26T15:07:22","modified_gmt":"2019-08-26T20:07:22","slug":"el-reto-de-sacar-las-armas-de-la-politica-el-pacto-nacional-debe-tener-un-caracter-etico-inclusivo-y-territorial","status":"publish","type":"post","link":"https:\/\/arcoiris.com.co\/v3\/2016\/10\/el-reto-de-sacar-las-armas-de-la-politica-el-pacto-nacional-debe-tener-un-caracter-etico-inclusivo-y-territorial\/","title":{"rendered":"El reto de sacar las armas de la pol\u00edtica -\u201cEl pacto nacional debe tener un car\u00e1cter \u00e9tico, inclusivo y territorial\u201d-"},"content":{"rendered":"<div id=\"attachment_20170\" style=\"width: 1047px\" class=\"wp-caption aligncenter\"><a href=\"https:\/\/arcoiris.com.co\/v3\/wp-content\/uploads\/2016\/10\/IMG_0413.jpg\"><img loading=\"lazy\" decoding=\"async\" aria-describedby=\"caption-attachment-20170\" class=\"size-full wp-image-20170\" src=\"https:\/\/arcoiris.com.co\/v3\/wp-content\/uploads\/2016\/10\/IMG_0413.jpg\" alt=\"Foto: Corporaci\u00f3n Nuevo Arco iris\/ Conversatorio: El reto de sacar las armas de la pol\u00edtica y el fen\u00f3meno paramilitar\/ Octubre 25 de 2016\" width=\"1037\" height=\"692\" srcset=\"https:\/\/arcoiris.com.co\/v3\/wp-content\/uploads\/2016\/10\/IMG_0413.jpg 1037w, https:\/\/arcoiris.com.co\/v3\/wp-content\/uploads\/2016\/10\/IMG_0413-300x200.jpg 300w, https:\/\/arcoiris.com.co\/v3\/wp-content\/uploads\/2016\/10\/IMG_0413-768x512.jpg 768w, https:\/\/arcoiris.com.co\/v3\/wp-content\/uploads\/2016\/10\/IMG_0413-640x427.jpg 640w\" sizes=\"(max-width: 1037px) 100vw, 1037px\" \/><\/a><p id=\"caption-attachment-20170\" class=\"wp-caption-text\">Foto: Corporaci\u00f3n Nuevo Arco iris\/ Conversatorio: El reto de sacar las armas de la pol\u00edtica y el fen\u00f3meno paramilitar\/ Octubre 25 de 2016<\/p><\/div>\n<p style=\"text-align: justify;\">Este martes 25 de octubre se realiz\u00f3 el conversatorio \u201c\u00bfEs el pacto pol\u00edtico nacional y territorial una alternativa para impulsar el acuerdo de paz y eliminar para siempre las armas y la violencia de la pol\u00edtica?\u201d, convocado por la Corporaci\u00f3n Nuevo Arco Iris y el Instituto de Derechos Humanos y Construcci\u00f3n de Paz \u201cAlfredo V\u00e1zquez Carrizosa\u201d, que cont\u00f3 con la participaci\u00f3n de m\u00e1s de 45 personas de distintas organizaciones sociales, ONGs, Universidades e Instituciones colombianas.<\/p>\n<p style=\"text-align: justify;\">El evento tuvo como prop\u00f3sito hacer un an\u00e1lisis y socializaci\u00f3n con expertos y actores sociales, del punto 3.4 del acuerdo de La Habana, que crea \u201cel sistema integral para la implementaci\u00f3n de garant\u00edas de seguridad territorial y desmantelamiento de estructuras criminales sucesoras del paramilitarismo\u201d.<\/p>\n<p style=\"text-align: justify;\">En la jornada que dur\u00f3 seis horas, se realizaron distintas intervenciones para luego, en tres mesas de trabajo dar respuesta a las siguientes preguntas: \u00bfC\u00f3mo se expresa y qu\u00e9 factores explican la permanencia de las estructuras sucesoras del paramilitarismo en los territorios? \u00bfC\u00f3mo deber\u00eda tratarse el problema de las estructuras sucesoras del paramilitarismo para su desmonte integral? Y \u00bfQu\u00e9 condiciones se deber\u00edan tener en cuenta para la construcci\u00f3n de un pacto pol\u00edtico nacional y territorial por la paz para sacar definitivamente las armas y la violencia de la pol\u00edtica? (una pregunta por mesa).<\/p>\n<p style=\"text-align: justify;\">Inicialmente Carlos Medina Gallego, docente investigador de la Universidad Nacional de Colombia expuso el fen\u00f3meno paramilitar hoy, las caracter\u00edsticas, modalidades de acci\u00f3n, fuentes de ingresos y su papel actual tanto en los sectores rurales como en los centros urbanos. Julio C\u00e9sar Arenas, Socio fundador y analista e Investigador del conflicto Armado de la Corporaci\u00f3n Nuevo Arco Iris, explic\u00f3 las razones de la persistencia del orden contrainsurgente en los territorios.<\/p>\n<p style=\"text-align: justify;\">Por otro lado Gustavo Gallardo, director de la Fundaci\u00f3n Lazos de Dignidad, se refiri\u00f3 directamente al \u201cSistema integral para la implementaci\u00f3n de garant\u00edas de seguridad territorial y medidas efectivas de desmantelamiento de estructuras criminales sucesoras del paramilitarismo\u201d. Acuerdo 3.4 firmado entre el Gobierno y las FARC\u2013EP.<\/p>\n<p style=\"text-align: justify;\">En la cuarta y \u00faltima intervenci\u00f3n individual, la Dra. Alexandra Valencia, Directora de la Unidad Especial de Investigaci\u00f3n habl\u00f3 sobre las caracter\u00edsticas y competencias de la \u201cUnidad Especial de Investigaci\u00f3n para el desmantelamiento de las organizaciones criminales responsables de homicidios y masacres o que atentan contra defensores\/as de derechos humanos, movimientos sociales o movimientos pol\u00edticos, incluyendo las organizaciones criminales que hayan sido denominadas como sucesoras del paramilitarismo y sus redes de apoyo\u2026\u201d.<\/p>\n<p style=\"text-align: justify;\"><strong>\u00bfCu\u00e1l fue el resultado de las mesas de trabajo?<\/strong><\/p>\n<p style=\"text-align: justify;\">La mesa No 1 desarroll\u00f3 la pregunta: <em>\u00bfC\u00f3mo se expresa y qu\u00e9 factores explican la permanencia de las estructuras sucesoras del paramilitarismo en los territorios?<\/em><\/p>\n<p style=\"text-align: justify;\">Tres puntos se desplegaron, las Expresiones del paramilitarismo, Qu\u00e9 es lo que hace que permanezca y Cu\u00e1les son los retos frente a este fen\u00f3meno. En el primer punto son seis factores los afectados por \u00e9ste, el pol\u00edtico, geogr\u00e1fico, militar, econ\u00f3mico, cultural y las relaciones institucionales. En el segundo, lo que permite la permanencia es la falta de una respuesta efectiva por aparte del Estado que busque desmantelar este tipo de organizaciones criminales; el apoyo de los grupos anti-restituci\u00f3n; la vigencia de los activos del paramilitarismo como el miedo y el terror; los nexos con estructuras internacionales de criminalidad y la pobreza. En el tercer punto que corresponde a los retos, se esperan respuestas m\u00e1s efectivas por parte de la academia frente a dicha problem\u00e1tica, que m\u00e1s all\u00e1 del diagn\u00f3stico se preocupe por la elaboraci\u00f3n de propuestas y evoluci\u00f3n que generen una salida a este fen\u00f3meno.<\/p>\n<p style=\"text-align: justify;\">La mesa No 2 trabaj\u00f3 en torno a la pregunta: <em>\u00bfC\u00f3mo deber\u00eda tratarse el problema de las estructuras sucesoras del paramilitarismo para su desmonte integral?<\/em><\/p>\n<p style=\"text-align: justify;\">La discusi\u00f3n se bas\u00f3 fundamentalmente en el punto 3.4 del acuerdo de la Habana, destacando las virtudes de \u00e9ste: la comisi\u00f3n de garant\u00edas de seguridad, una unidad de investigaci\u00f3n para el desmonte, Cuerpo \u00e9lite de polic\u00eda y una comisi\u00f3n de seguimiento de alto nivel; el reconocimiento latente de la existencia del paramilitarismo y que no se termin\u00f3 con la desmovilizaci\u00f3n de las AUC. Se deja en claro que el Estado no reconoce su papel en la conformaci\u00f3n o papel activo con \u00e9ste. Algunos de los retos planteados por la mesa son: Entender que hay que renunciar a la experticia tradicional e indagar en metodolog\u00edas que se centren en las comunidades. Fortalecer los mecanismos de resoluci\u00f3n de conflictos, como ruptura al control social establecido por las organizaciones criminal\/paramilitares. La unidad que se ha conformado, deber\u00eda atacar el m\u00e9todo paramilitar de control social y territorial que sigue existiendo en colaboraci\u00f3n arm\u00f3nica con las dem\u00e1s instituciones y que ejerza funciones de monitoreo de la situaci\u00f3n de estos grupos y de los casos relacionados, entre otros.<\/p>\n<p style=\"text-align: justify;\">Finalmente la mesa No 3 respondi\u00f3 a la pregunta: <em>\u00bfQu\u00e9 condiciones se deber\u00edan tener en cuenta para la construcci\u00f3n de un pacto pol\u00edtico nacional y territorial por la paz para sacar definitivamente las armas y la violencia de la pol\u00edtica?<\/em><\/p>\n<p style=\"text-align: justify;\">En \u00e9sta se lleg\u00f3 al consenso de que el pacto nacional debe tener un car\u00e1cter \u00e9tico, inclusivo y territorial con el fin de garantizar la eficacia del mismo. De esta manera, el pacto no puede olvidar que la sociedad colombiana ha estado inmersa en una cultura individualista, que genera las condiciones sociales para la creaci\u00f3n de fen\u00f3menos violentos como el del paramilitarismo y de sus redes de apoyo. Adicionalmente se resalta la importancia de la participaci\u00f3n ciudadana, generando conciencia sobre la importancia de la dignificaci\u00f3n y reivindicaci\u00f3n de la pol\u00edtica con el fin de que la poblaci\u00f3n se apropie y se incluya dentro del gran pacto pol\u00edtico. As\u00ed mismo, esta apropiaci\u00f3n llevar\u00eda al empoderamiento de las bases territoriales y a la materializaci\u00f3n del pacto en los territorios recogiendo las voluntades de los diversos sectores sociales.<\/p>\n<p style=\"text-align: justify;\">Entre los asistentes al evento se cont\u00f3 con, Aiden Salgado, Conafro. Camilo Vargas, MOE. Coronel Carlos Arturo Vel\u00e1squez, asesor-Memoria Hist\u00f3rica. David Fl\u00f3rez y Mar\u00eda Paz Gaviria de Marcha Patri\u00f3tica. Diego Ch\u00e1vez y Carolina Garz\u00f3n de Comisi\u00f3n Colombiana Juristas. Fernando Estrada, Defensor\u00eda del Pueblo. Juan Diego Restrepo, Verdad Abierta. Imelda Daza, Uni\u00f3n Patri\u00f3tica. Pedro Santana, Corporaci\u00f3n Sur. Alix Mar\u00eda Salazar y Daina Trujillo de Red nacional de mujeres excombatientes de la insurgencia. Carlos Gonz\u00e1lez, Oficina Alto Comisionado. Gustavo Carmona, Proceso Comunidades negros y Judi Caldas, Asesora de la Delegaci\u00f3n de paz de las FARC, entre otros.<\/p>\n<p style=\"text-align: justify;\"><em><strong>VER LA GALER\u00cdA FOTOGR\u00c1FICA DEL CONVERSATORIO \u25ba<span style=\"color: #ff0000;\"><a style=\"color: #ff0000;\" href=\"https:\/\/www.facebook.com\/NuevoArcoiris\/posts\/1162106533884029\" target=\"_blank\" rel=\"noopener noreferrer\">AQU\u00cd<\/a><\/span>\u25c4<\/strong><\/em><\/p>\n","protected":false},"excerpt":{"rendered":"<p>Este martes 25 de octubre se realiz\u00f3 el conversatorio \u201c\u00bfEs el pacto pol\u00edtico nacional y territorial una alternativa para impulsar el acuerdo de paz y eliminar para siempre las armas y la violencia de la pol\u00edtica?\u201d, convocado por la Corporaci\u00f3n Nuevo Arco Iris y el Instituto de Derechos Humanos y Construcci\u00f3n de Paz \u201cAlfredo V\u00e1zquez [&hellip;]<\/p>\n","protected":false},"author":51,"featured_media":20170,"comment_status":"closed","ping_status":"closed","sticky":false,"template":"","format":"standard","meta":{"_et_pb_use_builder":"","_et_pb_old_content":"","_et_gb_content_width":"","footnotes":""},"categories":[4,16,462,21,17,15,20,19,18],"tags":[],"class_list":["post-20168","post","type-post","status-publish","format-standard","has-post-thumbnail","hentry","category-a-profundidad","category-conflicto-armado","category-destacado","category-justicia","category-paz","category-politica","category-seguridad","category-tierras","category-victimas"],"_links":{"self":[{"href":"https:\/\/arcoiris.com.co\/v3\/wp-json\/wp\/v2\/posts\/20168","targetHints":{"allow":["GET"]}}],"collection":[{"href":"https:\/\/arcoiris.com.co\/v3\/wp-json\/wp\/v2\/posts"}],"about":[{"href":"https:\/\/arcoiris.com.co\/v3\/wp-json\/wp\/v2\/types\/post"}],"author":[{"embeddable":true,"href":"https:\/\/arcoiris.com.co\/v3\/wp-json\/wp\/v2\/users\/51"}],"replies":[{"embeddable":true,"href":"https:\/\/arcoiris.com.co\/v3\/wp-json\/wp\/v2\/comments?post=20168"}],"version-history":[{"count":0,"href":"https:\/\/arcoiris.com.co\/v3\/wp-json\/wp\/v2\/posts\/20168\/revisions"}],"wp:featuredmedia":[{"embeddable":true,"href":"https:\/\/arcoiris.com.co\/v3\/wp-json\/wp\/v2\/media\/20170"}],"wp:attachment":[{"href":"https:\/\/arcoiris.com.co\/v3\/wp-json\/wp\/v2\/media?parent=20168"}],"wp:term":[{"taxonomy":"category","embeddable":true,"href":"https:\/\/arcoiris.com.co\/v3\/wp-json\/wp\/v2\/categories?post=20168"},{"taxonomy":"post_tag","embeddable":true,"href":"https:\/\/arcoiris.com.co\/v3\/wp-json\/wp\/v2\/tags?post=20168"}],"curies":[{"name":"wp","href":"https:\/\/api.w.org\/{rel}","templated":true}]}}