{"id":20195,"date":"2016-10-28T15:55:21","date_gmt":"2016-10-28T20:55:21","guid":{"rendered":"https:\/\/arcoiris.com.co\/v3\/?p=20195"},"modified":"2019-08-26T15:07:21","modified_gmt":"2019-08-26T20:07:21","slug":"acabar-con-el-paramilitarismo-es-dar-via-libre-a-la-democracia-foro-el-reto-de-sacar-las-armas-de-la-politica","status":"publish","type":"post","link":"https:\/\/arcoiris.com.co\/v3\/2016\/10\/acabar-con-el-paramilitarismo-es-dar-via-libre-a-la-democracia-foro-el-reto-de-sacar-las-armas-de-la-politica\/","title":{"rendered":"\u00abAcabar con el paramilitarismo es dar v\u00eda libre a la democracia\u00bb -Foro: El reto de sacar las armas de la pol\u00edtica"},"content":{"rendered":"<div id=\"attachment_20196\" style=\"width: 630px\" class=\"wp-caption aligncenter\"><a href=\"https:\/\/arcoiris.com.co\/v3\/wp-content\/uploads\/2016\/10\/14876506_1163685650392784_9164768598706142576_o.jpg\"><img loading=\"lazy\" decoding=\"async\" aria-describedby=\"caption-attachment-20196\" class=\"size-large wp-image-20196\" src=\"https:\/\/arcoiris.com.co\/v3\/wp-content\/uploads\/2016\/10\/14876506_1163685650392784_9164768598706142576_o-640x427.jpg\" alt=\"Foto: Corporaci\u00f3n Nuevo Arco iris\/ Foro: El reto de sacar las armas de la pol\u00edtica\/ Octubre 27 de 2016\" width=\"620\" height=\"414\" srcset=\"https:\/\/arcoiris.com.co\/v3\/wp-content\/uploads\/2016\/10\/14876506_1163685650392784_9164768598706142576_o-640x427.jpg 640w, https:\/\/arcoiris.com.co\/v3\/wp-content\/uploads\/2016\/10\/14876506_1163685650392784_9164768598706142576_o-300x200.jpg 300w, https:\/\/arcoiris.com.co\/v3\/wp-content\/uploads\/2016\/10\/14876506_1163685650392784_9164768598706142576_o-768x512.jpg 768w, https:\/\/arcoiris.com.co\/v3\/wp-content\/uploads\/2016\/10\/14876506_1163685650392784_9164768598706142576_o.jpg 1250w\" sizes=\"(max-width: 620px) 100vw, 620px\" \/><\/a><p id=\"caption-attachment-20196\" class=\"wp-caption-text\">Foto: Corporaci\u00f3n Nuevo Arco iris\/ Foro: El reto de sacar las armas de la pol\u00edtica- segundo panel\/ Octubre 27 de 2016<\/p><\/div>\n<p style=\"text-align: justify;\">En el Foro convocado por la Corporaci\u00f3n Nuevo Arco Iris y el Instituto de Derechos Humanos y Construcci\u00f3n de Paz, \u201cAlfredo V\u00e1squez Carrizoza\u201d de la Pontificia Univerdad Javeriana, se abord\u00f3 el Pacto Pol\u00edtico Nacional y Territorial, y la eliminaci\u00f3n de las armas y la violencia de la pol\u00edtica en Colombia.<\/p>\n<p style=\"text-align: justify;\">El evento se realiz\u00f3 este jueves 27 de octubre y cont\u00f3 con la participaci\u00f3n de diferentes analistas, investigadores, instituciones y representantes sociales del pa\u00eds, bajo la premisa: \u201cEs el pacto pol\u00edtico nacional y territorial la alternativa para implementar el acuerdo de paz y eliminar las armas de la pol\u00edtica\u201d. Encuentro que expuso las conclusiones del <span style=\"color: #3366ff;\"><a style=\"color: #3366ff;\" href=\"https:\/\/arcoiris.com.co\/v3\/2016\/10\/el-reto-de-sacar-las-armas-de-la-politica-el-pacto-nacional-debe-tener-un-caracter-etico-inclusivo-y-territorial\/\" target=\"_blank\" rel=\"noopener noreferrer\"><em><strong>conversatorio de expertos, acad\u00e9micos y actores sociales y pol\u00edticos<\/strong><\/em><\/a><\/span> que se realiz\u00f3 este martes 25 de Octubre, bajo la misma premisa.<\/p>\n<p style=\"text-align: justify;\">El Foro tuvo tres momentos, el primero fue la intervenci\u00f3n de: Padre Luis Fernando M\u00fanera Congote, S.J., Decano de la Decano Facultad de Ciencias Pol\u00edticas y Relaciones Internacionales de la Universidad Javeriana. Alexandra Valencia, directora de la Unidad Especial de Investigaci\u00f3n para el Desmantelamiento de las Organizaciones Criminales de la Fiscal\u00eda General de la Naci\u00f3n. Fernando Hern\u00e1ndez Valencia, Director Ejecutivo de la Corporaci\u00f3n Nuevo Arco Iris y Manuel Ernesto Salamanca, Director del instituto de derechos humanos y construcci\u00f3n de paz, Alfredo V\u00e1squez Carrizoza.<\/p>\n<p style=\"text-align: justify;\">La directora de la Unidad Especial dijo\u00a0que es probable que exista una dificultad en el reconocimiento de las v\u00edctimas debido a la variedad de delitos que se pueden cometer contra ellos, anexando la caracterizaci\u00f3n a las v\u00edctimas de uno u otro factor, as\u00ed como pueden existir desconocimientos de actividades pol\u00edticas de liderazgo en movimientos sociales de los territorios de la periferia del pa\u00eds. En momentos actuales se puede entender \u201cque el defender los derechos humanos es una actividad riesgosa\u201d cuando deber\u00eda ser diferente el panorama para estos defensores. Con respecto a la creaci\u00f3n de la Unidad la directora expone que \u201ccuando se concibe la unidad se entiende que se debe implementar un espacio democr\u00e1tico en el que la disidencia no sea resuelta en t\u00e9rminos de eliminaci\u00f3n, es decir, el respeto a la vida debe ser fundamental y el respeto por la contradicci\u00f3n tambi\u00e9n\u201d. La Directora plante\u00f3 de igual forma que las bandas criminales \u201ctal vez no son sucesores del paramilitarismo sino m\u00e9todos paramilitares que adopta la sociedad\u00bb esto a que \u201cexisten sectores de la sociedad que aun aceptan el m\u00e9todo paramilitar como ordenador social\u201d.<\/p>\n<p style=\"text-align: justify;\">En un segundo momento se realiz\u00f3 el primer panel: <em>\u201cDiagn\u00f3stico y lucha del fen\u00f3meno sucesor del paramilitarismo en el territorio colombiano en el marco del punto 3.4 del Acuerdo de La Habana\u201d<\/em> en el que participaron, Imelda Daza \u2013 l\u00edder social de v\u00edctimas y l\u00edder de la Uni\u00f3n Patri\u00f3tica. Pedro Santana \u2013Soci\u00f3logo, investigador de la Corporaci\u00f3n Latinoamericana Sur. Samuel Rivera, Investigador Universidad Javeriana y, Carlos Gonz\u00e1lez Jaramillo, Asesor en la oficina del Alto comisionado para la paz. Como moderador: Manuel Ernesto Salamanca.<\/p>\n<p style=\"text-align: justify;\">Imelda Daza afirm\u00f3 que \u201ctoda la sociedad ha sido permeada por la cultura del paramilitarismo, en contra de la democracia\u201d y es ac\u00e1 en donde \u201cla Unidad Especial es una garant\u00eda de que podremos lograr hacer pol\u00edtica sin armas y aprender a vivir en paz\u201d. As\u00ed mismo habl\u00f3 de la tarea que tiene la Unidad Nacional de Protecci\u00f3n de funcionar de forma clara; es necesaria una evaluaci\u00f3n y revisi\u00f3n de m\u00e9todos y procedimientos empleados en dicha instituci\u00f3n en vista a que ha quedado descubierta\u00a0la corrupci\u00f3n que existe gracias a las sub contrataciones que hay. En torno al perd\u00f3n, la l\u00edder pol\u00edtica dice: \u00abYo quiero saber qui\u00e9nes son mis victimarios, no por venganza, sino para saber a qui\u00e9n perdono\u00bb, la participaci\u00f3n ciudadana es necesaria debido a que sin esto no puede haber ni, paz ni reconciliaci\u00f3n.<\/p>\n<p style=\"text-align: justify;\">Por otro lado Pedro Santana establece tres puntos de debate en los que se encuentra el fortalecimiento de la administraci\u00f3n de justicia: \u201cuno de los grandes problemas es la crisis del aparato judicial, no es posible construir una sociedad tolerante y democr\u00e1tica con niveles de impunidad en cr\u00edmenes de derechos humanos del 97 %, eso es imposible\u201d manifiesta. El soci\u00f3logo tambi\u00e9n menciona las masacres del pa\u00eds alegando que \u201cno se puede explicar masacres como Mapirip\u00e1n o la Operaci\u00f3n G\u00e9nesis sin la relaci\u00f3n entre los paramilitares y las Fuerzas Armadas\u201d.<\/p>\n<p style=\"text-align: justify;\">Carlos Gonz\u00e1lez Jaramillo expone las medidas de protecci\u00f3n colectivas que se deben implementar en las comunidades del pa\u00eds, que busquen generar condiciones de seguridad que permita la implementaci\u00f3n de los acuerdos, siguiendo a las conductas criminales, \u201cno a los que no est\u00e9n a favor de los acuerdos\u201d sino a los que practican dichas conductas (criminales).\u00a0De igual forma Samuel Rivera explica los retos y desaf\u00edos que hay en el Acuerdo, los esfuerzos que se hacen para mejorar el tema de seguridad humana y territorial, que se complementan entre s\u00ed, planteando \u00ablos mecanismos de resoluci\u00f3n de conflictos tienen gran potencial\u00bb y entendiendo que \u201cm\u00e1s que des-paramilitarizar hay que desmilitarizar la polic\u00eda \u2026 en Colombia no hay discusi\u00f3n entre lo militar\/policial\/sociedad civil\u00bb por lo tanto es \u201cnecesario un cambio \u00e9tico en el relacionamiento entre fuerza p\u00fablica y la sociedad.\u00bb<\/p>\n<p style=\"text-align: justify;\">Seguido en el tercer momento, se desarroll\u00f3 el segundo y \u00faltimo panel: <em>\u201cConstrucci\u00f3n del pacto pol\u00edtico nacional y territorial por la paz para sacar definitivamente las armas y la violencia de la pol\u00edtica\u201d<\/em>, en el que participaron, David Fl\u00f3rez, Abogado de la Universidad Nacional de Colombia, Vocero Nacional del Movimiento Marcha Patri\u00f3tica. Camilo Gonzales Posso, Presidente del Instituto de Estudios para el Desarrollo y la Paz (INDEPAZ). Antonio Sanguino, Concejal de Bogot\u00e1 por el Partido Verde y, el Cnel (R) Carlos Arturo Vel\u00e1squez, Asesor en Memoria Hist\u00f3rica Militar del Ej\u00e9rcito Nacional de Colombia y del Comando Estrat\u00e9gico de Transici\u00f3n del Comando General de las FFMM. Julio C\u00e9sar Arenas, Analista e Investigador de la Corporaci\u00f3n Nuevo Arco Iris. Como moderador: Mauricio Romero Vidal, Economista de la universidad de los Andes y profesor en la facultad de ciencias pol\u00edticas de la universidad Javeriana.<\/p>\n<p style=\"text-align: justify;\">Gonz\u00e1lez Posso plantea lo siguiente \u201cSi es el pacto nacional para el acuerdo y no se logra, y hay acuerdo \u00bfcu\u00e1les ser\u00edan las posibilidades del pacto pol\u00edtico de No violencia como est\u00e1 planteado?\u201d, a lo que sugiere que es muy dif\u00edcil que se logre ese pacto en los t\u00e9rminos actuales gracias a \u201cuna corriente central, el uribismo radical\u201d quienes dicen que \u201chay que construir un nuevo pacto pero sobre la base desmontar cuestiones esenciales del acuerdo final y sobre todo desmontar el sentido de la soluci\u00f3n negociada del conflicto armado interno para desarrollar una l\u00ednea m\u00e1s cercana al esquema de sometimiento y a los procedimientos que se han aplicado\u201d.<\/p>\n<p style=\"text-align: justify;\">Vel\u00e1zquez por su parte dice\u00a0que las FFMM le est\u00e1n apostando a todos los cambios necesarios en Colombia para lograrlos de ac\u00e1 al 2030, teniendo un compromiso m\u00e1s social con las comunidades, de igual manera dice lo necesario que es dar fin a la corrupci\u00f3n \u201cno podemos empezar a mostrar que queremos una paz si no atacamos la corrupci\u00f3n\u201d pero quienes tienen la responsabilidad de dar el primer paso son los \u201cdirigentes pol\u00edticos, empresarios, dirigentes de movimientos sociales, comandantes, l\u00edderes de instituciones del Estado que demuestren que act\u00faan contra este flagelo\u201d.<\/p>\n<p style=\"text-align: justify;\">David Fl\u00f3rez hizo \u00e9nfasis en la necesidad que hay de reconciliar la pol\u00edtica y la \u00e9tica debido a que \u201cen Colombia a\u00fan no hay consensos m\u00ednimos que sean respetados y promovidos por todas las corrientes pol\u00edticas\u201d. \u201cSe debe poner, en el campo de la pol\u00edtica, como un valor supremo el respeto a la vida, el respeto por la pluralidad y el respeto por la diferencia, va a ser muy dif\u00edcil construir un pacto pol\u00edtico en el que se saque las armas de la pol\u00edtica\u201d afirma, el problema en Colombia es que \u201cno importa matar a nadie, es decir, aqu\u00ed no tiene consecuencias legales\u2026 no tiene consecuencias pol\u00edticas\u2026 pero lo peor de todo es que no tiene un castigo social, no tiene un nivel de censura social matar a alguien o acabar con la vida de alguien, es decir, es absolutamente relativo el valor de la vida en Colombia y mucho m\u00e1s cuando est\u00e1 ligado al ejercicio de la pol\u00edtica\u201d.<\/p>\n<p style=\"text-align: justify;\">Por otro lado Julio C\u00e9sar Arenas plante\u00f3 la din\u00e1mica que ha tenido esta negociaci\u00f3n entre el Gobierno colombiano y las Farc, detallando que en al principio se inici\u00f3 en medio del mismo conflicto, permitiendo que por avances, hoy se llegue a un acuerdo con cese al fuego bilateral respetado y monitoreado, pero el negociar en medio del conflicto permiti\u00f3 que se reflejara la necesidad de crear el pacto pol\u00edtico para avanzar en este mismo acuerdo.<\/p>\n<p style=\"text-align: justify;\">Para finalizar el panel, Antonio Sanguino afirm\u00f3 que \u201cel pacto debe ser, no solo para sacar las armas de la pol\u00edtica sino tambi\u00e9n, para sacar las mafias y la criminalidad de la pol\u00edtica\u201d que han logrado la descentralizaci\u00f3n de los mismos partidos y movimientos, reclamando la autonom\u00eda territorial para seguirse apropiando del escenario del aparato, escenario y vida p\u00fablica de los departamentos, tal y como se refleja en el caso de la Guajira.<\/p>\n<p style=\"text-align: justify;\"><em><strong>VER LA GALER\u00cdA FOTOGR\u00c1FICA DEL CONVERSATORIO \u25ba<span style=\"color: #ff0000;\"><a style=\"color: #ff0000;\" href=\"https:\/\/www.facebook.com\/NuevoArcoiris\/posts\/1163686447059371\" target=\"_blank\" rel=\"noopener noreferrer\">AQU\u00cd<\/a><\/span>\u25c4<\/strong><\/em><\/p>\n","protected":false},"excerpt":{"rendered":"<p>En el Foro convocado por la Corporaci\u00f3n Nuevo Arco Iris y el Instituto de Derechos Humanos y Construcci\u00f3n de Paz, \u201cAlfredo V\u00e1squez Carrizoza\u201d de la Pontificia Univerdad Javeriana, se abord\u00f3 el Pacto Pol\u00edtico Nacional y Territorial, y la eliminaci\u00f3n de las armas y la violencia de la pol\u00edtica en Colombia. El evento se realiz\u00f3 este [&hellip;]<\/p>\n","protected":false},"author":51,"featured_media":20196,"comment_status":"closed","ping_status":"closed","sticky":false,"template":"","format":"standard","meta":{"_et_pb_use_builder":"","_et_pb_old_content":"","_et_gb_content_width":"","footnotes":""},"categories":[4,16,462,21,17,15,20,41,19,18],"tags":[],"class_list":["post-20195","post","type-post","status-publish","format-standard","has-post-thumbnail","hentry","category-a-profundidad","category-conflicto-armado","category-destacado","category-justicia","category-paz","category-politica","category-seguridad","category-territorio-y-desarrollo","category-tierras","category-victimas"],"_links":{"self":[{"href":"https:\/\/arcoiris.com.co\/v3\/wp-json\/wp\/v2\/posts\/20195","targetHints":{"allow":["GET"]}}],"collection":[{"href":"https:\/\/arcoiris.com.co\/v3\/wp-json\/wp\/v2\/posts"}],"about":[{"href":"https:\/\/arcoiris.com.co\/v3\/wp-json\/wp\/v2\/types\/post"}],"author":[{"embeddable":true,"href":"https:\/\/arcoiris.com.co\/v3\/wp-json\/wp\/v2\/users\/51"}],"replies":[{"embeddable":true,"href":"https:\/\/arcoiris.com.co\/v3\/wp-json\/wp\/v2\/comments?post=20195"}],"version-history":[{"count":0,"href":"https:\/\/arcoiris.com.co\/v3\/wp-json\/wp\/v2\/posts\/20195\/revisions"}],"wp:featuredmedia":[{"embeddable":true,"href":"https:\/\/arcoiris.com.co\/v3\/wp-json\/wp\/v2\/media\/20196"}],"wp:attachment":[{"href":"https:\/\/arcoiris.com.co\/v3\/wp-json\/wp\/v2\/media?parent=20195"}],"wp:term":[{"taxonomy":"category","embeddable":true,"href":"https:\/\/arcoiris.com.co\/v3\/wp-json\/wp\/v2\/categories?post=20195"},{"taxonomy":"post_tag","embeddable":true,"href":"https:\/\/arcoiris.com.co\/v3\/wp-json\/wp\/v2\/tags?post=20195"}],"curies":[{"name":"wp","href":"https:\/\/api.w.org\/{rel}","templated":true}]}}