{"id":20240,"date":"2016-11-04T14:46:51","date_gmt":"2016-11-04T19:46:51","guid":{"rendered":"https:\/\/arcoiris.com.co\/v3\/?p=20240"},"modified":"2019-08-26T15:07:14","modified_gmt":"2019-08-26T20:07:14","slug":"como-se-expresa-que-factores-hacen-parte-y-como-se-debe-abordar-el-fenomeno-paramilitar","status":"publish","type":"post","link":"https:\/\/arcoiris.com.co\/v3\/2016\/11\/como-se-expresa-que-factores-hacen-parte-y-como-se-debe-abordar-el-fenomeno-paramilitar\/","title":{"rendered":"\u00bfC\u00f3mo se expresa, qu\u00e9 factores hacen parte y c\u00f3mo se debe abordar el fen\u00f3meno paramilitar?"},"content":{"rendered":"<div id=\"attachment_20241\" style=\"width: 630px\" class=\"wp-caption aligncenter\"><a href=\"https:\/\/arcoiris.com.co\/v3\/wp-content\/uploads\/2016\/11\/Sin-t\u00edtulo.png\"><img loading=\"lazy\" decoding=\"async\" aria-describedby=\"caption-attachment-20241\" class=\"size-large wp-image-20241\" src=\"https:\/\/arcoiris.com.co\/v3\/wp-content\/uploads\/2016\/11\/Sin-t\u00edtulo-640x409.png\" alt=\"Foto: Corporaci\u00f3n Nuevo Arco iris\/ Foro regional: Los Retos de la PAZ\u2026.m\u00e1s all\u00e1 de los ACUERDOS\/ Septiembre de 2016\" width=\"620\" height=\"396\" srcset=\"https:\/\/arcoiris.com.co\/v3\/wp-content\/uploads\/2016\/11\/Sin-t\u00edtulo-640x409.png 640w, https:\/\/arcoiris.com.co\/v3\/wp-content\/uploads\/2016\/11\/Sin-t\u00edtulo-300x192.png 300w, https:\/\/arcoiris.com.co\/v3\/wp-content\/uploads\/2016\/11\/Sin-t\u00edtulo-768x490.png 768w, https:\/\/arcoiris.com.co\/v3\/wp-content\/uploads\/2016\/11\/Sin-t\u00edtulo.png 952w\" sizes=\"(max-width: 620px) 100vw, 620px\" \/><\/a><p id=\"caption-attachment-20241\" class=\"wp-caption-text\">Foto: Corporaci\u00f3n Nuevo Arco iris\/ Foro regional: Los Retos de la PAZ\u2026.m\u00e1s all\u00e1 de los ACUERDOS\/ Septiembre de 2016<\/p><\/div>\n<p style=\"text-align: justify;\">La Corporaci\u00f3n Nuevo Arco Iris y la Universidad de Antioquia, en miras de aportar a la construcci\u00f3n de escenarios de paz que precisa el pa\u00eds en este momento realiz\u00f3, el pasado 30 de septiembre en la ciudad de Medell\u00edn, el Foro regional: Los Retos de la PAZ\u2026 m\u00e1s all\u00e1 de los ACUERDOS.<\/p>\n<p style=\"text-align: justify;\">El objetivo principal fue propiciar espacios p\u00fablicos de reflexi\u00f3n y encuentro con la regi\u00f3n para analizar el contexto de pos acuerdo y los fen\u00f3menos de la violencia que puedan perturbar la construcci\u00f3n de la paz, como lo es el fen\u00f3meno paramilitar, y el buen desarrollo de los acuerdos pactados en la Habana Cuba.<\/p>\n<p style=\"text-align: justify;\">Se realiz\u00f3 una exposici\u00f3n fotogr\u00e1fica de Jes\u00fas Abad Colorado y se present\u00f3 la ponencia de Gustavo Gall\u00f3n, director de la Comisi\u00f3n Colombiana de Juristas y de la Comisi\u00f3n Nacional de Seguridad y Garant\u00edas que fue creada en el marco de los acuerdos en la Habana. Los participantes compartieron sus distintas experiencias y percepciones de las din\u00e1micas territoriales en cuanto al estado de los fen\u00f3menos de violencia, los factores que la alimentan en cada una de las subregiones, los factores que posibilitan su existencia y las alternativas y estrategias que deben ser implementadas para acabar definitivamente con el uso de la guerra para dirimir las diferencias pol\u00edticas en el pa\u00eds.<\/p>\n<p style=\"text-align: justify;\">Algunas de las tendencias identificadas en este encuentro fueron (seg\u00fan la relator\u00eda enviada) las siguientes:<\/p>\n<p style=\"text-align: justify;\"><span style=\"text-decoration: underline;\"><strong>\u00bfC\u00f3mo se expresa en la regi\u00f3n el paramilitarismo?<\/strong><\/span><\/p>\n<p style=\"text-align: justify;\">Por un lado est\u00e1 relacionado al control de toda la econom\u00eda ilegal en los territorios, cuyo principal eslab\u00f3n es el narcotr\u00e1fico y el microtr\u00e1fico que conlleva a toda una cadena de violencia, y por otro lado se afirma que una de las mayores expresiones de estos grupos en los territorios est\u00e1 \u00edntimamente acompa\u00f1ada con el control social y cultural que en los territorios ejercen estos grupos.<\/p>\n<blockquote><p>\u201cEl paramilitarismo gan\u00f3 y se instal\u00f3, es un modelo de una macroempresa ilegal. Hoy no es tan evidente la relaci\u00f3n militar entre una fuerza armada ilegal y una legal, pero es la consolidaci\u00f3n de un modelo con control y copamiento de los recursos ilegales, extorsi\u00f3n, vacunas y plazas de vicio, en San Luis han logrado instalar primero a los viciosos o el consumo y luego la plaza de vicio\u201d, \u201cLa presencia paramilitar en el Bajo Cauca, Nudo de Paramillo, Choc\u00f3 Salaqu\u00edn: es toda la ruta de sacada de hoja de coca hacia el exterior. Pero tambi\u00e9n tr\u00e1fico de personas, conexi\u00f3n con maras salvadore\u00f1as, con las mafias. El acuerdo de sustituci\u00f3n de cultivos il\u00edcitos aborda un problema que es internacional. La pol\u00edtica antidrogas ha sido un fracaso\u201d afirman los participantes.<\/p><\/blockquote>\n<p style=\"text-align: justify;\"><span style=\"text-decoration: underline;\"><strong>\u00bfQu\u00e9 factores explican la permanencia del paramilitarismo?<\/strong> <\/span><\/p>\n<p style=\"text-align: justify;\"><em>1. La econom\u00eda paramilitar en el actual contexto: <\/em><\/p>\n<blockquote><p>\u201cLa forma de operar es distinta anteriormente cuando eran ACCU, iban maltratando y masacrando a todo el mundo, gente que era inocente, ahora tienen otra estrategia dicen que van a ayudar al pueblo, pero est\u00e1n matando con unos intereses, \u00bfcu\u00e1les?, est\u00e1n apoyando a unos sectores empresariales que est\u00e1n en el sector y esa es la estrategia que est\u00e1n utilizando\u201d.<\/p><\/blockquote>\n<p style=\"text-align: justify;\">El manejo de toda la cadena de la econom\u00eda ilegal por parte de estos grupos en los destinos territorios, es una expresi\u00f3n clara de la existencia de \u00e9stos, no es solo una expresi\u00f3n, sino un factor de mucho peso en la permanencia y mutaci\u00f3n de estas estructuras criminales, cuya existencia se debe al manejo de dichas econom\u00edas ilegales antes descritas, que hoy se complementan y sirven a diversos intereses econ\u00f3micos, ya no solo del narcotr\u00e1fico, sino de empresas legales que se valen de sus servicios.<\/p>\n<p style=\"text-align: justify;\"><em>2. Debilidad de la justicia e ilegitimidad del Estado en los territorios:<\/em><\/p>\n<p style=\"text-align: justify;\">Es la connivencia que a\u00fan existe entre el estado y estos grupos. No solo desde las fuerzas armadas, sino adem\u00e1s en la forma en que han permeado las instituciones p\u00fablicas, la falta de eficacia de la justicia y la omisi\u00f3n de la fuerza p\u00fablica para combatir de manera efectiva al paramilitarismo, hace que el accionar de estos grupos se vaya legitimando en los territorios \u201ccomunidades mismas los han legitimado debido a la \u201cjusticia r\u00e1pida\u201d que suelen ejercer en contraposici\u00f3n a la falta de eficacia de las autoridades policiales y administrativas. Adicionalmente, la polic\u00eda no lleva a cabo una persecuci\u00f3n clara de quienes manejan estos negocios ilegales, por el contrario, participan en ellos, se benefician y los favorecen, esto es de amplio conocimiento para la poblaci\u00f3n, y profundiza parad\u00f3jicamente la legitimidad que le otorgan a la autoridad moral que los paramilitares ejercen en las comunidades\u201d Respuesta de uno de los l\u00edderes del Bajo Cauca<\/p>\n<p style=\"text-align: justify;\"><em>3. Falta de oportunidades socioecon\u00f3micas en los territorios:<\/em><\/p>\n<p style=\"text-align: justify;\">De acuerdo a la percepci\u00f3n de los diferentes grupos, el paramilitarismo ha generado pobreza en las regiones y ha permitido la acumulaci\u00f3n de riquezas para unos pocos. Es precisamente la falta de oportunidades, la que permite que en algunas ocasiones estos grupos se vean como una fuente de empleo para los j\u00f3venes quienes ingresan de distintas formas a sus accionar de diferentes formas.<\/p>\n<blockquote><p>\u201cPrecisamente ese modelo da el mismo germen para que el fen\u00f3meno contin\u00fae, ellos reclutan a los m\u00e1s pobres, en muchos casos no son chicos de la regi\u00f3n, son de las ciudades, son chicos sin oportunidades, la fuente primera es ese ejercicio: ac\u00e1 hay plata y comida y se van para all\u00e1, hay una permanencia puntual porque su financiaci\u00f3n no va desaparecer, sus formas de financiamiento siguen de la misma manera, otra forma son sus alianzas con el poder p\u00fablico y econ\u00f3mico\u201d L\u00edder social de la comuna trece de Medell\u00edn.<\/p><\/blockquote>\n<p style=\"text-align: justify;\"><span style=\"text-decoration: underline;\"><strong>\u00bfC\u00f3mo deber\u00eda tratarse el problema del paramilitarismo?<\/strong><\/span><\/p>\n<p style=\"text-align: justify;\">Son once propuestas que surgen del Foro, de las que sobresalen: dar un tratamiento integral a este fen\u00f3meno. Se recomienda que el Estado Colombiano recupere la legitimidad y el orden constitucional que ha venido perdiendo con el tiempo en los territorios. Que se reforme o ajuste el aparato de justicia con el \u00e1nimo de ganar credibilidad en la ciudadan\u00eda. Esta justicia debe ser r\u00e1pida y eficaz en contra de la impunidad, la corrupci\u00f3n y en los resultados de la lucha contra el paramilitarismo. Se plantea que se deben reorganizar las fuerzas armadas y toda su doctrina militar, con el prop\u00f3sito que se d\u00e9 un cambio en la relaci\u00f3n de las fuerzas armadas con la ciudan\u00eda, pero que deben ser implacables en la lucha contra el paramilitarismo, en el caso de que no decidan someterse a la justicia.<\/p>\n<p style=\"text-align: justify;\">En este evento participaron 70 l\u00edderes y lideresas de organizaciones campesinas, v\u00edctimas, de Derechos Humanos y procesos organizativos comunitarios y sociales de las distintas subregiones del departamento de Antioquia y Choc\u00f3.<\/p>\n","protected":false},"excerpt":{"rendered":"<p>La Corporaci\u00f3n Nuevo Arco Iris y la Universidad de Antioquia, en miras de aportar a la construcci\u00f3n de escenarios de paz que precisa el pa\u00eds en este momento realiz\u00f3, el pasado 30 de septiembre en la ciudad de Medell\u00edn, el Foro regional: Los Retos de la PAZ\u2026 m\u00e1s all\u00e1 de los ACUERDOS. El objetivo principal [&hellip;]<\/p>\n","protected":false},"author":51,"featured_media":20241,"comment_status":"closed","ping_status":"closed","sticky":false,"template":"","format":"standard","meta":{"_et_pb_use_builder":"","_et_pb_old_content":"","_et_gb_content_width":"","footnotes":""},"categories":[4,16,462,21,20,19,18],"tags":[],"class_list":["post-20240","post","type-post","status-publish","format-standard","has-post-thumbnail","hentry","category-a-profundidad","category-conflicto-armado","category-destacado","category-justicia","category-seguridad","category-tierras","category-victimas"],"_links":{"self":[{"href":"https:\/\/arcoiris.com.co\/v3\/wp-json\/wp\/v2\/posts\/20240","targetHints":{"allow":["GET"]}}],"collection":[{"href":"https:\/\/arcoiris.com.co\/v3\/wp-json\/wp\/v2\/posts"}],"about":[{"href":"https:\/\/arcoiris.com.co\/v3\/wp-json\/wp\/v2\/types\/post"}],"author":[{"embeddable":true,"href":"https:\/\/arcoiris.com.co\/v3\/wp-json\/wp\/v2\/users\/51"}],"replies":[{"embeddable":true,"href":"https:\/\/arcoiris.com.co\/v3\/wp-json\/wp\/v2\/comments?post=20240"}],"version-history":[{"count":0,"href":"https:\/\/arcoiris.com.co\/v3\/wp-json\/wp\/v2\/posts\/20240\/revisions"}],"wp:featuredmedia":[{"embeddable":true,"href":"https:\/\/arcoiris.com.co\/v3\/wp-json\/wp\/v2\/media\/20241"}],"wp:attachment":[{"href":"https:\/\/arcoiris.com.co\/v3\/wp-json\/wp\/v2\/media?parent=20240"}],"wp:term":[{"taxonomy":"category","embeddable":true,"href":"https:\/\/arcoiris.com.co\/v3\/wp-json\/wp\/v2\/categories?post=20240"},{"taxonomy":"post_tag","embeddable":true,"href":"https:\/\/arcoiris.com.co\/v3\/wp-json\/wp\/v2\/tags?post=20240"}],"curies":[{"name":"wp","href":"https:\/\/api.w.org\/{rel}","templated":true}]}}