{"id":20354,"date":"2016-11-25T15:54:09","date_gmt":"2016-11-25T20:54:09","guid":{"rendered":"https:\/\/arcoiris.com.co\/v3\/?p=20354"},"modified":"2019-08-26T15:07:01","modified_gmt":"2019-08-26T20:07:01","slug":"los-ajustes-al-acuerdo-en-el-desmonte-del-paramilitarismo","status":"publish","type":"post","link":"https:\/\/arcoiris.com.co\/v3\/2016\/11\/los-ajustes-al-acuerdo-en-el-desmonte-del-paramilitarismo\/","title":{"rendered":"Los ajustes al acuerdo en el desmonte del paramilitarismo"},"content":{"rendered":"<p style=\"text-align: justify;\"><a href=\"https:\/\/arcoiris.com.co\/v3\/wp-content\/uploads\/2016\/11\/hand-853188_1280_opt.jpg\"><img loading=\"lazy\" decoding=\"async\" class=\"aligncenter size-large wp-image-20355\" src=\"https:\/\/arcoiris.com.co\/v3\/wp-content\/uploads\/2016\/11\/hand-853188_1280_opt-640x358.jpg\" alt=\"hand-853188_1280_opt\" width=\"620\" height=\"347\" srcset=\"https:\/\/arcoiris.com.co\/v3\/wp-content\/uploads\/2016\/11\/hand-853188_1280_opt-640x358.jpg 640w, https:\/\/arcoiris.com.co\/v3\/wp-content\/uploads\/2016\/11\/hand-853188_1280_opt-300x168.jpg 300w, https:\/\/arcoiris.com.co\/v3\/wp-content\/uploads\/2016\/11\/hand-853188_1280_opt.jpg 750w\" sizes=\"(max-width: 620px) 100vw, 620px\" \/><\/a>Ajustes del acuerdo entre el Gobierno y las Farc EP en punto 3.4 sobre garant\u00edas de seguridad, espec\u00edficamente en lo referente a la lucha contra las organizaciones sucesoras del paramilitarismo.<\/p>\n<p style=\"text-align: justify;\">An\u00e1lisis de algunos cambios en el punto 3.4 del \u201cAcuerdo sobre garant\u00edas de seguridad y lucha contra las organizaciones y conductas criminales responsables de homicidios y masacres, que atentan contra defensores\/as de derechos humanos, movimientos sociales o movimientos pol\u00edticos o que amenacen o atenten contra las personas que participen en la implementaci\u00f3n de los acuerdos y la construcci\u00f3n de la paz, incluyendo las organizaciones criminales que hayan sido denominadas como sucesoras del paramilitarismo y sus redes de apoyo\u201d<\/p>\n<p style=\"text-align: justify;\">PUNTO UNO -Comisi\u00f3n Nacional de Garant\u00edas y de Seguridad- En el marco de la preocupante situaci\u00f3n de cr\u00edmenes a defensores de derechos humanos y dirigentes sociales de Marcha Patri\u00f3tica y Congreso de los Pueblos, entre otros en la \u00faltimas semanas, el punto de garant\u00edas puede convertirse en un instrumento eficaz para solucionar definitivamente este flagelo, que si no se enfrenta puede dar al traste con la futura reconciliaci\u00f3n de los colombianos.<\/p>\n<p style=\"text-align: justify;\">El acuerdo era generoso y realista en la participaci\u00f3n, tanto de las instituciones como de las organizaciones sociales y expertos en el tema, y garantizaba la presencia de dos representantes del futuro partido que surgiera del Acuerdo con las FARC-EP. Elemento clave para el seguimiento e incidencia de la construcci\u00f3n y aplicaci\u00f3n de las pol\u00edticas p\u00fablicas para la lucha contra la criminalidad, incluyendo las organizaciones sucesoras del paramilitarismo y sus redes de apoyo.<\/p>\n<p style=\"text-align: justify;\">Este componente lo resalto porque en los cambios efectuados al texto post plebiscito se suprime a estos dos representantes como integrantes plenos en la Comisi\u00f3n Nacional de Garant\u00edas, que elimina la posibilidad, como ya se mencion\u00f3 anteriormente, de la incidencia directa en el seguimiento y la construcci\u00f3n de pol\u00edticas, para garantizar la no repetici\u00f3n de hechos que tienen que ir en la ruta de la superaci\u00f3n y la prevenci\u00f3n de un genocidio ya anunciado por muchos dirigentes de Derechos Humanos, y comprobado en la pr\u00e1ctica con amenazas cumplidas mediante cr\u00edmenes impunes y atentados en zonas altamente militarizadas, cometidas por organizaciones como \u00c1guilas Negras, Gaitanistas y otras no identificadas, previendo que en el futuro ya no ser\u00eda solamente contra estos l\u00edderes sociales sino contra activistas afiliados o militantes de un partido legal que ser\u00e1 el surgido de los acuerdos, esto lo recalco porque Colombia no puede volver a padecer un extermino como el de la Uni\u00f3n Patri\u00f3tica.<\/p>\n<p style=\"text-align: justify;\">PUNTO DOS -Unidad Especial de Investigaci\u00f3n (UEI)- El cambio en este componente del Acuerdo es la p\u00e9rdida de la jerarqu\u00eda y parcialmente la autonom\u00eda de la UEI que pasa de coordinar sus actividades con Fiscal\u00eda a convertirse en una m\u00e1s, dentro de la estructura de \u00e9sta.<\/p>\n<p style=\"text-align: justify;\">La reducci\u00f3n de la permanencia del director(a) de la Unidad, quien ahora ejercer\u00e1 durante un periodo de cuatro y no de seis a\u00f1os, no es muy relevante ni determinante pero puede dar lugar a perder la continuidad en una l\u00ednea, tanto procedimental en lo investigativo como en lo sustancial, porque afectar\u00eda el conocimiento del fen\u00f3meno y el seguimiento de los casos particulares.<\/p>\n<p style=\"text-align: justify;\">La competencia y la forma de nombrar al director(a) de esta unidad cambi\u00f3 y qued\u00f3 para ser elegido (a) por el Fiscal, de una terna que presentar\u00e1 el Comit\u00e9 de Selecci\u00f3n de la Jurisdicci\u00f3n Especial de Paz (JEP). Preocupan dos aspectos:<\/p>\n<p style=\"text-align: justify;\">Primero: si este hecho va a reversar el nombramiento de la hoy directora de la Unidad Alexandra Valencia, experta magistrada del Tribunal de Justicia y Paz y una de la juristas m\u00e1s conocedoras del fen\u00f3meno paramilitar demostrado en su sentencia contra el jefe m\u00e1ximo de las AUC, Salvatore Mancuso en la que se demostr\u00f3 toda su experticia y conocimiento del fen\u00f3meno. Funcionaria que hoy ha iniciado la investigaci\u00f3n de los \u00faltimos casos por cr\u00edmenes contra dirigentes de la Marcha Patri\u00f3tica, como lo ocurrido en la vereda El Palo en el municipio de Caloto (Cauca) con el asesinato de Jhon Jairo Rodr\u00edguez Torres (1\/11\/16) y de Erley Monroy (18\/11\/2016) en San Vicente del Cagu\u00e1n (Caqueta).<\/p>\n<p style=\"text-align: justify;\">Segundo: Los tiempos requeridos para este proceso (elecci\u00f3n del director(a) del UEI), m\u00e1s aun cuando los casos de cr\u00edmenes se vienen presentado permanentemente, obligan a que esta selecci\u00f3n adquiera un car\u00e1cter de urgencia para que sea nombrado este funcionario (a) de la terna enviada al fiscal por el Comit\u00e9 de Selecci\u00f3n de la JEP.<\/p>\n<p style=\"text-align: justify;\">Es obvio que las investigaciones deben estar de acuerdo con los tipos penales existentes enmarcados dentro de la integralidad, el contexto y la multidimensionalidad con que se debe investigar este fen\u00f3meno tan complejo.<\/p>\n<p style=\"text-align: justify;\">PUNTO TRES -Sometimiento a la Justicia- Como parte decisiva de la lucha contra las organizaciones denominadas sucesoras del paramilitarismo, en el acuerdo se mantiene la posibilidad de legislar sobre el modelo de su sometimiento a la justicia sin que se les otorgue un reconocimiento pol\u00edtico, pero debe estudiarse a fondo la realidad de comunidades en territorios controlados por estas estructuras, puesto que el m\u00e9todo paramilitar ha mutado de ser organizaciones encabezadas por hacendados (Mancuso) a organizaciones con amplio espectro de financiadores, base social y antiguos mandos medios de insurgencias desmovilizadas.<\/p>\n<p style=\"text-align: justify;\">Finalmente resaltamos que este acuerdo representa un avance fundamental para la lucha contra dichas organizaciones que tanto da\u00f1o han causado y siguen causando a la democracia, al pluralismo y al libre ejercicio de la pol\u00edtica en Colombia; por tanto, se deben sumar esfuerzos y desarrollar toda la voluntad pol\u00edtica de todas las fuerzas vivas del pa\u00eds para sacar adelante el gran pacto pol\u00edtico desde las regiones para proscribir el uso de la violencia y sacar definitivamente el empleo de las armas en la pol\u00edtica.<\/p>\n<p style=\"text-align: justify;\">En general los ajustes promovidos por los promotores del NO que gan\u00f3 por estrecho margen en el plebiscito son regresivos como queda mostrado en las l\u00edneas anteriores. Todo ello con el argumento de preservar la institucionalidad sin tener en cuenta que esa institucionalidad ha fracasado en el desmonte de \u00e9stas organizaciones criminales.<\/p>\n<p style=\"text-align: justify;\">Henry Cuervo Castillo<br \/>\nInvestigador, Corporaci\u00f3n Nuevo Arco Iris<\/p>\n<p style=\"text-align: justify;\">Ver en <span style=\"color: #008080;\"><strong><em><a style=\"color: #008080;\" href=\"https:\/\/www.sur.org.co\/los-ajustes-al-acuerdo-en-el-desmonte-del-paramilitarismo\/\" target=\"_blank\" rel=\"noopener noreferrer\">Corporaci\u00f3n Latinoamericana Sur<\/a><\/em><\/strong><\/span><\/p>\n","protected":false},"excerpt":{"rendered":"<p>Ajustes del acuerdo entre el Gobierno y las Farc EP en punto 3.4 sobre garant\u00edas de seguridad, espec\u00edficamente en lo referente a la lucha contra las organizaciones sucesoras del paramilitarismo. An\u00e1lisis de algunos cambios en el punto 3.4 del \u201cAcuerdo sobre garant\u00edas de seguridad y lucha contra las organizaciones y conductas criminales responsables de homicidios [&hellip;]<\/p>\n","protected":false},"author":51,"featured_media":20355,"comment_status":"closed","ping_status":"closed","sticky":false,"template":"","format":"standard","meta":{"_et_pb_use_builder":"","_et_pb_old_content":"","_et_gb_content_width":"","footnotes":""},"categories":[16,21,14,20,41,19,18],"tags":[],"class_list":["post-20354","post","type-post","status-publish","format-standard","has-post-thumbnail","hentry","category-conflicto-armado","category-justicia","category-sala-de-medios","category-seguridad","category-territorio-y-desarrollo","category-tierras","category-victimas"],"_links":{"self":[{"href":"https:\/\/arcoiris.com.co\/v3\/wp-json\/wp\/v2\/posts\/20354","targetHints":{"allow":["GET"]}}],"collection":[{"href":"https:\/\/arcoiris.com.co\/v3\/wp-json\/wp\/v2\/posts"}],"about":[{"href":"https:\/\/arcoiris.com.co\/v3\/wp-json\/wp\/v2\/types\/post"}],"author":[{"embeddable":true,"href":"https:\/\/arcoiris.com.co\/v3\/wp-json\/wp\/v2\/users\/51"}],"replies":[{"embeddable":true,"href":"https:\/\/arcoiris.com.co\/v3\/wp-json\/wp\/v2\/comments?post=20354"}],"version-history":[{"count":0,"href":"https:\/\/arcoiris.com.co\/v3\/wp-json\/wp\/v2\/posts\/20354\/revisions"}],"wp:featuredmedia":[{"embeddable":true,"href":"https:\/\/arcoiris.com.co\/v3\/wp-json\/wp\/v2\/media\/20355"}],"wp:attachment":[{"href":"https:\/\/arcoiris.com.co\/v3\/wp-json\/wp\/v2\/media?parent=20354"}],"wp:term":[{"taxonomy":"category","embeddable":true,"href":"https:\/\/arcoiris.com.co\/v3\/wp-json\/wp\/v2\/categories?post=20354"},{"taxonomy":"post_tag","embeddable":true,"href":"https:\/\/arcoiris.com.co\/v3\/wp-json\/wp\/v2\/tags?post=20354"}],"curies":[{"name":"wp","href":"https:\/\/api.w.org\/{rel}","templated":true}]}}