{"id":20428,"date":"2016-12-07T17:02:23","date_gmt":"2016-12-07T22:02:23","guid":{"rendered":"https:\/\/arcoiris.com.co\/v3\/?p=20428"},"modified":"2019-08-26T15:06:53","modified_gmt":"2019-08-26T20:06:53","slug":"el-gran-conflicto-social-no-se-soluciona-con-los-procesos-de-paz","status":"publish","type":"post","link":"https:\/\/arcoiris.com.co\/v3\/2016\/12\/el-gran-conflicto-social-no-se-soluciona-con-los-procesos-de-paz\/","title":{"rendered":"El gran conflicto social no se soluciona con los procesos de paz"},"content":{"rendered":"<div id=\"attachment_20429\" style=\"width: 630px\" class=\"wp-caption aligncenter\"><a href=\"https:\/\/arcoiris.com.co\/v3\/wp-content\/uploads\/2016\/12\/IMG_2628.jpg\"><img loading=\"lazy\" decoding=\"async\" aria-describedby=\"caption-attachment-20429\" class=\"wp-image-20429 size-large\" src=\"https:\/\/arcoiris.com.co\/v3\/wp-content\/uploads\/2016\/12\/IMG_2628-640x426.jpg\" width=\"620\" height=\"413\" srcset=\"https:\/\/arcoiris.com.co\/v3\/wp-content\/uploads\/2016\/12\/IMG_2628-640x426.jpg 640w, https:\/\/arcoiris.com.co\/v3\/wp-content\/uploads\/2016\/12\/IMG_2628-300x200.jpg 300w, https:\/\/arcoiris.com.co\/v3\/wp-content\/uploads\/2016\/12\/IMG_2628-768x511.jpg 768w, https:\/\/arcoiris.com.co\/v3\/wp-content\/uploads\/2016\/12\/IMG_2628.jpg 1250w\" sizes=\"(max-width: 620px) 100vw, 620px\" \/><\/a><p id=\"caption-attachment-20429\" class=\"wp-caption-text\">Foto: Universidad de San Buenaventura\/Cartagena\/ Octubre 21 de 2016<\/p><\/div>\n<p style=\"text-align: justify;\">En los conversatorios y foros desarrollados, en el \u00faltimo trimestre del a\u00f1o, por la Corporaci\u00f3n Nuevo Arco Iris y distintas instituciones en el pa\u00eds, se intent\u00f3 abordar en su conjunto el punto 3.4 del acuerdo de La Habana, que crea \u201cel sistema integral para la implementaci\u00f3n de garant\u00edas de seguridad territorial y desmantelamiento de estructuras criminales sucesoras del paramilitarismo\u201d.<\/p>\n<p style=\"text-align: justify;\">Uno de los encuentros se llev\u00f3 a cabo en Cartagena el 21 de octubre en la Universidad de San Buenaventura. Este Foro se desarroll\u00f3 por medio de dos paneles, primero: Las caracter\u00edsticas del fen\u00f3meno paramilitar hoy, y segundo: Acuerdo para el desmonte del fen\u00f3meno paramilitar alcanzado entre el Gobierno Nacional y las FARC-EP en relaci\u00f3n a la seguridad de las comunidades y las organizaciones sociales y pol\u00edticas en los territorios.<\/p>\n<p style=\"text-align: justify;\">En la primera parte, C\u00e9sar Jer\u00e9z, l\u00edder del movimiento Zonas de Reserva Campesina afirm\u00f3 que el modelo de paramilitarismo de Estado se consolid\u00f3 durante los 8 a\u00f1os de presidencia de \u00c1lvaro Uribe, esa consolidaci\u00f3n es tambi\u00e9n la de un modelo de hacer pol\u00edtica con el uso de la violencia. Uribe es sin duda el jefe de ese modelo de crimen estatal que se usa de manera sistem\u00e1tica y planificada para generar beneficios, apropiaci\u00f3n de tierras, lavado de dinero, narcotr\u00e1fico, legitimaci\u00f3n de la corrupci\u00f3n como una gu\u00eda de sustentaci\u00f3n de poder econ\u00f3mico, pero finalmente de poder pol\u00edtico.<\/p>\n<p style=\"text-align: justify;\">As\u00ed mismo expres\u00f3 que el triunfo del No representa la crisis de la izquierda, una izquierda que no tiene un polo a tierra. \u00bfC\u00f3mo se hace para derrocar las mentiras y los mitos que surgieron en la campa\u00f1a del No?, \u201ceso no se hizo, porque no estamos ah\u00ed, donde esos mitos fueron inoculados, se reprodujeron y se multiplicaron generando miedo y terror en la gente\u201d, afirm\u00f3.<\/p>\n<p style=\"text-align: justify;\">Fabio Castellano Herrera- Ex personero de Cartagena- explic\u00f3 que la expresi\u00f3n paramilitar en lo que entendemos nosotros como grupos paramilitares es producto de una doctrina ideol\u00f3gica y pol\u00edtica, aplicada en todos los sitios en donde ha estado la guerra. Se le conoce como una doctrina de baja intensidad, es decir, cuando las fuerzas militares no pueden o no pod\u00edan provocar una serie de actuaciones debido al costo pol\u00edtico y social que implicaban ese tipo de acciones, muchas veces perversas, exist\u00edan unas agrupaciones que se encargaban de realizar este tipo de operaciones, y eran acompa\u00f1adas con una acci\u00f3n militar que especialmente iba casi siempre dirigida hacia la poblaci\u00f3n civil y se aplicaba entonces una estrategia de terror.<\/p>\n<p style=\"text-align: justify;\">Ese copamiento que hacen los sectores paramilitares lo vienen haciendo desde todo el marco de la institucionalidad, que van ganando a medida que se desplaza al enemigo, entonces \u201ccopan\u201d econ\u00f3micamente, socialmente y pol\u00edticamente.<\/p>\n<p style=\"text-align: justify;\">Al terminar esta primera parte Antonio Sanguino, Concejal de Bogot\u00e1 por el partido Verde, invit\u00f3 a realizar un despojo de miradas ideologizadas del fen\u00f3meno de violencia en la pol\u00edtica colombiana en el contexto actual, \u201cuna mirada des- ideologizada de lo que est\u00e1 ocurriendo en Colombia hoy, conducir\u00edan necesariamente a hacer una afirmaci\u00f3n: en Colombia no existe el paramilitarismo\u201d, afirm\u00f3.<\/p>\n<p style=\"text-align: justify;\">El Concejal explica que el pa\u00eds tuvo tres generaciones de paramilitarismo en los \u00faltimos treinta a\u00f1os:<\/p>\n<ul style=\"text-align: justify;\">\n<li>La primera generaci\u00f3n que era la que se hac\u00eda desde los cuarteles del ej\u00e9rcito y desde la fuerza militar, que era lo que se conoc\u00eda en el argot de la izquierda, como guerra sucia, era la acci\u00f3n contrainsurgente ilegal hecha desde los organismos de inteligencia del Estado.<\/li>\n<li>En la d\u00e9cada de los 80 hubo un paramilitarismo de segunda generaci\u00f3n, que correspond\u00edan a ej\u00e9rcitos irregulares copiando el modelo de organizaci\u00f3n militar de las guerrillas, ej\u00e9rcitos con anclaje territorial, que se constituyeron como resultado de una alianza entre narcotraficantes, sectores productivos del campo, particularmente bananeros y ganaderos, eran ej\u00e9rcitos que ten\u00edan una relativa autonom\u00eda en su funcionamiento y en su acci\u00f3n, pero segu\u00edan siendo organizaciones paramilitares cuya direcci\u00f3n segu\u00eda estando en los cuarteles.<\/li>\n<li>La tercera generaci\u00f3n es el paramilitarismo de los 90, que bajo la expresi\u00f3n de AUC, se conoci\u00f3 como el paramilitarismo dirigido por los hermanos Casta\u00f1o, ya era una organizaci\u00f3n armada extendida en todo el territorio nacional, era una organizaci\u00f3n contrainsurgente y ese paramilitarismo comenz\u00f3 a competirle al Ej\u00e9rcito.<\/li>\n<\/ul>\n<p style=\"text-align: justify;\">Para responder la afirmaci\u00f3n inicial, Sanguino manifiesta que \u201cLas Bacrim o esas estructuras criminales y delincuenciales de hoy, no son ej\u00e9rcitos contrainsurgentes, no todo fen\u00f3meno de captura violenta del aparato p\u00fablico puede ser calificado como insurgencia o como contrainsurgencia. \u00bfQu\u00e9 es lo que motiva la captura del aparato p\u00fablico en regiones en donde dominan estructuras como la de los Rastrojos o como las Autodefensas Gaitanistas?, fundamentalmente la captura de reg\u00edmenes, ellos no est\u00e1n persiguiendo a un oponente pol\u00edtico caracterizadamente de izquierda, ellos necesitan el aparato p\u00fablico para operaciones de lavado de activos, para capturar el presupuesto p\u00fablico, est\u00e1 despojado de un inter\u00e9s contrainsurgente\u201d.<\/p>\n<p style=\"text-align: justify;\">Por otro lado en el desarrollo del segundo panel Gustavo Gallardo, Abogado de prisioneros y prisioneras pol\u00edticas, presidente de la Corporaci\u00f3n Lazos de Dignidad, ha hecho parte del equipo jur\u00eddico, asesor de la mesa de La Habana, dice que se tiene la perspectiva de buscar una soluci\u00f3n estructural a la pol\u00edtica paramilitar de terror que fue y viene siendo implantada en el territorio colombiano a la luz de los di\u00e1logos de La Habana, \u201cporque el hecho que el acuerdo est\u00e9 firmado sobre el punto 3.4, no quiere decir que inmediatamente el fen\u00f3meno desaparecer\u00e1, por eso es importante que todos y todas en compa\u00f1\u00eda de la Comisi\u00f3n internacional nos enfoquemos en la implementaci\u00f3n de todos los acuerdos y en particular ese (3.4), que es de fundamental trascendencia para el pa\u00eds, toda vez que est\u00e1 directamente relacionada con la participaci\u00f3n pol\u00edtica\u201d.<\/p>\n<p style=\"text-align: justify;\">William Donado, Investigador y docente de la Universidad San Buenaventura cuestiona si se debe perdonar a quienes les han causado tanto da\u00f1o a las v\u00edctimas, esto partiendo de los resultados obtenidos el 2 de octubre que, como \u00e9l dice, \u201cdaba la connotaci\u00f3n a nivel internacional, es que el pa\u00eds no perdon\u00f3\u201d.<\/p>\n<p style=\"text-align: justify;\">Las preguntas que nos hacemos son, \u00bfperdonar requiere realmente una petici\u00f3n por parte del agresor?, \u00bfTiene la v\u00edctima que asentar la petici\u00f3n de perd\u00f3n del agresor?, \u00bfdebe ser el perd\u00f3n incondicional?, \u00bfqu\u00e9 se espera del ritual del perd\u00f3n?, \u00bfqu\u00e9 es el perd\u00f3n?, \u00bfa qui\u00e9n beneficia el perd\u00f3n?, \u00bfqu\u00e9 esperan las v\u00edctimas? Esperan verdad justicia y reparaci\u00f3n y garant\u00edas de no repetici\u00f3n, El perd\u00f3n es una decisi\u00f3n no un sentimiento.<\/p>\n<p style=\"text-align: justify;\">Finalmente Rafael Cabarcas, dirigente obrero y v\u00edctima del conflicto armado afirm\u00f3 que \u201cun elemento fundamental es el problema que jugaron las multinacionales dentro del paramilitarismo, y esa es la gran mentira que no se ha dicho al pa\u00eds, todas las multinacionales de la industria petrolera tienen que ver con la financiaci\u00f3n del paramilitarismo\u201d.<\/p>\n<p style=\"text-align: justify;\">Los acuerdos, se van a implementar, pero no se van a implementar s\u00f3lo por las FARC, aqu\u00ed se soluciona un problema de dejaci\u00f3n de armas, pero el gran conflicto social que est\u00e1 vigente en el pa\u00eds es el de salud, de educaci\u00f3n, el de vivienda, el de tierras, no lo solucionan ni el ELN, ni las FARC, somos nosotros los protagonistas del desarrollo y la transformaci\u00f3n de nuestro pa\u00eds.<\/p>\n","protected":false},"excerpt":{"rendered":"<p>En los conversatorios y foros desarrollados, en el \u00faltimo trimestre del a\u00f1o, por la Corporaci\u00f3n Nuevo Arco Iris y distintas instituciones en el pa\u00eds, se intent\u00f3 abordar en su conjunto el punto 3.4 del acuerdo de La Habana, que crea \u201cel sistema integral para la implementaci\u00f3n de garant\u00edas de seguridad territorial y desmantelamiento de estructuras [&hellip;]<\/p>\n","protected":false},"author":51,"featured_media":20429,"comment_status":"closed","ping_status":"closed","sticky":false,"template":"","format":"standard","meta":{"_et_pb_use_builder":"","_et_pb_old_content":"","_et_gb_content_width":"","footnotes":""},"categories":[4,16,462,17,20,41,19,18],"tags":[],"class_list":["post-20428","post","type-post","status-publish","format-standard","has-post-thumbnail","hentry","category-a-profundidad","category-conflicto-armado","category-destacado","category-paz","category-seguridad","category-territorio-y-desarrollo","category-tierras","category-victimas"],"_links":{"self":[{"href":"https:\/\/arcoiris.com.co\/v3\/wp-json\/wp\/v2\/posts\/20428","targetHints":{"allow":["GET"]}}],"collection":[{"href":"https:\/\/arcoiris.com.co\/v3\/wp-json\/wp\/v2\/posts"}],"about":[{"href":"https:\/\/arcoiris.com.co\/v3\/wp-json\/wp\/v2\/types\/post"}],"author":[{"embeddable":true,"href":"https:\/\/arcoiris.com.co\/v3\/wp-json\/wp\/v2\/users\/51"}],"replies":[{"embeddable":true,"href":"https:\/\/arcoiris.com.co\/v3\/wp-json\/wp\/v2\/comments?post=20428"}],"version-history":[{"count":0,"href":"https:\/\/arcoiris.com.co\/v3\/wp-json\/wp\/v2\/posts\/20428\/revisions"}],"wp:featuredmedia":[{"embeddable":true,"href":"https:\/\/arcoiris.com.co\/v3\/wp-json\/wp\/v2\/media\/20429"}],"wp:attachment":[{"href":"https:\/\/arcoiris.com.co\/v3\/wp-json\/wp\/v2\/media?parent=20428"}],"wp:term":[{"taxonomy":"category","embeddable":true,"href":"https:\/\/arcoiris.com.co\/v3\/wp-json\/wp\/v2\/categories?post=20428"},{"taxonomy":"post_tag","embeddable":true,"href":"https:\/\/arcoiris.com.co\/v3\/wp-json\/wp\/v2\/tags?post=20428"}],"curies":[{"name":"wp","href":"https:\/\/api.w.org\/{rel}","templated":true}]}}