{"id":20441,"date":"2016-12-09T16:34:06","date_gmt":"2016-12-09T21:34:06","guid":{"rendered":"https:\/\/arcoiris.com.co\/v3\/?p=20441"},"modified":"2019-08-26T15:06:51","modified_gmt":"2019-08-26T20:06:51","slug":"desarticular-el-paramilitarismo-es-el-camino-clave-para-dirigir-el-pais-a-una-paz-estable-y-duradera","status":"publish","type":"post","link":"https:\/\/arcoiris.com.co\/v3\/2016\/12\/desarticular-el-paramilitarismo-es-el-camino-clave-para-dirigir-el-pais-a-una-paz-estable-y-duradera\/","title":{"rendered":"Desarticular el paramilitarismo es el camino clave para dirigir el pa\u00eds a una paz estable y duradera"},"content":{"rendered":"<div id=\"attachment_20442\" style=\"width: 630px\" class=\"wp-caption aligncenter\"><a href=\"https:\/\/arcoiris.com.co\/v3\/wp-content\/uploads\/2016\/12\/Fotos-Universidad-Autonoma-de-Occidente-2.jpg\"><img loading=\"lazy\" decoding=\"async\" aria-describedby=\"caption-attachment-20442\" class=\"wp-image-20442 size-large\" src=\"https:\/\/arcoiris.com.co\/v3\/wp-content\/uploads\/2016\/12\/Fotos-Universidad-Autonoma-de-Occidente-2-640x428.jpg\" width=\"620\" height=\"415\" srcset=\"https:\/\/arcoiris.com.co\/v3\/wp-content\/uploads\/2016\/12\/Fotos-Universidad-Autonoma-de-Occidente-2-640x428.jpg 640w, https:\/\/arcoiris.com.co\/v3\/wp-content\/uploads\/2016\/12\/Fotos-Universidad-Autonoma-de-Occidente-2-300x201.jpg 300w, https:\/\/arcoiris.com.co\/v3\/wp-content\/uploads\/2016\/12\/Fotos-Universidad-Autonoma-de-Occidente-2-768x513.jpg 768w, https:\/\/arcoiris.com.co\/v3\/wp-content\/uploads\/2016\/12\/Fotos-Universidad-Autonoma-de-Occidente-2.jpg 1250w\" sizes=\"(max-width: 620px) 100vw, 620px\" \/><\/a><p id=\"caption-attachment-20442\" class=\"wp-caption-text\">Fotograf\u00eda: Universidad Aut\u00f3noma de Occidente<\/p><\/div>\n<p style=\"text-align: justify;\">Como ya se ha mencionado en publicaciones anteriores la Corporaci\u00f3n Nuevo Arco Iris junto con distintas instituciones, ha desarrollado cuatro conversatorios y cuatro foros en distintas ciudades del pa\u00eds abordando el punto 3.4 del acuerdo de La Habana, que crea \u201cel sistema integral para la implementaci\u00f3n de garant\u00edas de seguridad territorial y desmantelamiento de estructuras criminales sucesoras del paramilitarismo\u201d.<\/p>\n<p style=\"text-align: justify;\">Las conclusiones de los primeros tres foros ya est\u00e1n publicadas y son: <strong>Cartagena<\/strong> <span style=\"color: #339966;\"><a style=\"color: #339966;\" href=\"https:\/\/arcoiris.com.co\/v3\/2016\/12\/el-gran-conflicto-social-no-se-soluciona-con-los-procesos-de-paz\/\" target=\"_blank\" rel=\"noopener noreferrer\"><em>El gran conflicto social no se soluciona con los procesos de paz<\/em>.<\/a><\/span> <strong>Bogot\u00e1<\/strong> <em><span style=\"color: #339966;\"><a style=\"color: #339966;\" href=\"https:\/\/arcoiris.com.co\/v3\/2016\/10\/acabar-con-el-paramilitarismo-es-dar-via-libre-a-la-democracia-foro-el-reto-de-sacar-las-armas-de-la-politica\/\" target=\"_blank\" rel=\"noopener noreferrer\">\u201cAcabar con el paramilitarismo es dar v\u00eda libre a la democracia\u201d -Foro: El reto de sacar las armas de la pol\u00edtica<\/a><\/span><\/em> y <strong>Medell\u00edn<\/strong> <span style=\"color: #339966;\"><em><a style=\"color: #339966;\" href=\"https:\/\/arcoiris.com.co\/v3\/2016\/11\/como-se-expresa-que-factores-hacen-parte-y-como-se-debe-abordar-el-fenomeno-paramilitar\/\" target=\"_blank\" rel=\"noopener noreferrer\">\u00bfC\u00f3mo se expresa, qu\u00e9 factores hacen parte y c\u00f3mo se debe abordar el fen\u00f3meno paramilitar?<\/a><\/em><\/span> A continuaci\u00f3n est\u00e1 el resultado del evento realizado en Cali.<\/p>\n<p style=\"text-align: justify;\">Este encuentro se llev\u00f3 a cabo el mi\u00e9rcoles 8 de noviembre del a\u00f1o en curso, en la Universidad Aut\u00f3noma de Occidente bajo el nombre: EL DESMONTE DE LAS ORGANIZACIONES SUCESORAS DEL PARAMILITARISMO: RETOS Y PERSPECTIVAS. DISCUSI\u00d3N DEL PUNTO 3.4. DEL ACUERDO FINAL SOBRE LAS GARANTIAS DE SEGURIDAD Y LUCHA CONTRA ORGANIZACINES CRIMINALES.<\/p>\n<p style=\"text-align: justify;\">El foro cont\u00f3 con tres momentos:<\/p>\n<p style=\"text-align: justify;\">El primer panel busc\u00f3 plantear cu\u00e1les son las propuestas, cu\u00e1les las fortalezas y cu\u00e1les las amenazas que tienen \u201cLas caracter\u00edsticas del fen\u00f3meno paramilitar hoy\u201d. Este panel cont\u00f3 con la participaci\u00f3n de Carlos Medina Gallego, docente investigador de la Universidad Nacional de Colombia; Germ\u00e1n Ayala Osorio, polit\u00f3logo, profesor de la facultad de Humanidades de la Universidad Aut\u00f3noma de Occidente y mag\u00edster en Ciencias Sociales y Gerardo Barona Aguilar &#8211; L\u00edder social del norte del cauca.<\/p>\n<p style=\"text-align: justify;\">Algunas de las propuestas que se destacan de esta primera parte son que la desarticulaci\u00f3n del Paramilitarismo es la \u00fanica garant\u00eda de ir seguros hacia una paz estable y duradera para lo que es necesario des-paramilitarizar el Estado. Desmontar el fen\u00f3meno paramilitar. El Estado a trav\u00e9s de su institucionalidad debe ejercer una estricta vigilancia sobre los funcionarios p\u00fablicos de elecci\u00f3n popular y sobre sus pr\u00e1cticas de gobierno y hacer presi\u00f3n al gobierno para que responda y se desmonten esas estructuras paramilitares que est\u00e1n persiguiendo a la oposici\u00f3n en Colombia.<\/p>\n<p style=\"text-align: justify;\">Por otro lado en cuanto a las fortalezas, de este primer panel surge que es de suma importancia la b\u00fasqueda de las comunidades por organizarse y trabajar en la construcci\u00f3n de procesos que garanticen la participaci\u00f3n y la paz en sus territorios as\u00ed como el inconformismo de los ciudadanos por las decisiones de sus dirigentes, La participaci\u00f3n, movilidad y las denuncias, cabe resaltar que la comunidad est\u00e1 interesada en generar mecanismos de presi\u00f3n que obliguen al cumplimiento de esos acuerdos.<\/p>\n<p style=\"text-align: justify;\">Las amenazas que resultan de las caracter\u00edsticas del fen\u00f3meno, son la gran permeabilidad en todos los \u00e1mbitos. Los intereses particulares que llegan a manipular. La cantidad de instituciones y organizaciones involucradas en estos procesos corruptos. La adhesi\u00f3n del fen\u00f3meno paramilitar la cultura y a las propias normas de establecimiento.<\/p>\n<p style=\"text-align: justify;\">El segundo panel abord\u00f3 el \u201csistema integral para la implementaci\u00f3n de garant\u00edas de seguridad territorial\u201d y estuvo conformado por Rafael Navarro de Tumaco; Solanlly Vanegas- l\u00edder social de Buenaventura, Organizaci\u00f3n Antorcha Ciudadana; Giovanny Tovar, l\u00edder Social del municipio de Policarpa, Nari\u00f1o y l\u00edderes regionales, Pedro jurado y Luz Dary.<\/p>\n<p style=\"text-align: justify;\">Los temas desarrollados en este espacio fueron tres, la radiograf\u00eda del fen\u00f3meno paramilitar en Nari\u00f1o, la experiencia del corredor humanitario de buenaventura y el panorama de los l\u00edderes sociales en las regiones.<\/p>\n<p style=\"text-align: justify;\">Algunos de los argumentos que se expusieron son que el municipio de Sid\u00f3n en Nari\u00f1o ha sido un territorio dominado por grupos paramilitares y sucesores del paramilitarismo, los cuales se han disputado por el dominio y control territorial. La pol\u00edtica de doctrina de seguridad democr\u00e1tica es una pol\u00edtica contrainsurgente. Estos grupos, aunque se niegan de darles el estatus de grupos contrainsurgente, s\u00ed act\u00faan como tal y pueden ser una limitaci\u00f3n para la implementaci\u00f3n de los acuerdos. Tambi\u00e9n han surgido nuevos grupos que pueden nutrir estas estructuras sucesoras del paramilitarismo.<\/p>\n<p style=\"text-align: justify;\">Buenaventura por su posici\u00f3n geogr\u00e1fica ha estado sumergida en estos problemas paramilitares y de narcotr\u00e1fico ya que es uno de los principales puertos de Colombia y salida hacia el comercio internacional. Las tasas de homicidio y de desaparici\u00f3n forzada han venido aumentando en los \u00faltimos a\u00f1os. No hay inversi\u00f3n social en t\u00e9rminos de salud, educaci\u00f3n, entre otras pol\u00edticas de atenci\u00f3n que permitan el desarrollo rural. \u00bfEn manos de quien quedar\u00e1 la poblaci\u00f3n cuando se desmovilice las FARC? El estado no cumple con su funci\u00f3n de dar seguridad a la sociedad civil.<\/p>\n<p style=\"text-align: justify;\">Finalmente para el tercer y \u00faltimo panel, la discusi\u00f3n gir\u00f3 en torno al \u201cpacto nacional para sacar las armas y la violencia de la pol\u00edtica\u201d que tuvo como panelistas a Gustavo Gall\u00f3n, miembro de la Comisi\u00f3n Colombiana de Juristas, \u00c1lvaro Guzm\u00e1n Barney, Soci\u00f3logo, director del Centro Interdisciplinario de Estudios de la Regi\u00f3n Pac\u00edfica, CIER, de la Universidad Aut\u00f3noma de Occidente y Jair Hern\u00e1ndez, l\u00edder Social.<\/p>\n<p style=\"text-align: justify;\">Los temas que se abordaron en este espacio fueron: Violencia Pol\u00edtica en las ciudades, Comisi\u00f3n Nacional de Garant\u00edas y Seguridad y Reclutamiento de menores.<\/p>\n<p style=\"text-align: justify;\">\u00bfQu\u00e9 sucede en Cali con los delitos relacionados con la violencia? Desde el 2005 hasta 2012 la tasa es muy grande de 489 pasa a 1756 en 2012, en cuanto a robos, microtrafico, etc. En el punto de justicia y victimas tambi\u00e9n hay ausencia de una pol\u00edtica por parte del Gobierno Nacional. El pacto pol\u00edtico nacional es una necesidad apremiante para que haya una soluci\u00f3n pac\u00edfica del conflicto armado colombiano. Los grupos paramilitares contin\u00faan operando en el pa\u00eds y este es un hecho muy complejo.<\/p>\n<p style=\"text-align: justify;\">Para concluir la jornada se expusieron algunas medidas que se deben tomar para que Colombia deje atr\u00e1s este fen\u00f3meno paramilitar como el fortalecimiento de diferentes instancias de protecci\u00f3n, as\u00ed como el Pacto Pol\u00edtico Nacional. Este debe ser promovido entre todos los sectores sociales. Se debe conformar una fuerza social que pueda acompa\u00f1ar la voluntad de poner en pr\u00e1ctica los mecanismos del Acuerdo de La Habana.<\/p>\n<div id=\"attachment_20446\" style=\"width: 630px\" class=\"wp-caption aligncenter\"><a href=\"https:\/\/arcoiris.com.co\/v3\/wp-content\/uploads\/2016\/12\/Fotos-Universidad-Autonoma-de-Occidente-42-1.jpg\"><img loading=\"lazy\" decoding=\"async\" aria-describedby=\"caption-attachment-20446\" class=\"size-large wp-image-20446\" src=\"https:\/\/arcoiris.com.co\/v3\/wp-content\/uploads\/2016\/12\/Fotos-Universidad-Autonoma-de-Occidente-42-1-640x428.jpg\" alt=\"\" width=\"620\" height=\"415\" srcset=\"https:\/\/arcoiris.com.co\/v3\/wp-content\/uploads\/2016\/12\/Fotos-Universidad-Autonoma-de-Occidente-42-1-640x428.jpg 640w, https:\/\/arcoiris.com.co\/v3\/wp-content\/uploads\/2016\/12\/Fotos-Universidad-Autonoma-de-Occidente-42-1-300x201.jpg 300w, https:\/\/arcoiris.com.co\/v3\/wp-content\/uploads\/2016\/12\/Fotos-Universidad-Autonoma-de-Occidente-42-1-768x513.jpg 768w, https:\/\/arcoiris.com.co\/v3\/wp-content\/uploads\/2016\/12\/Fotos-Universidad-Autonoma-de-Occidente-42-1.jpg 1250w\" sizes=\"(max-width: 620px) 100vw, 620px\" \/><\/a><p id=\"caption-attachment-20446\" class=\"wp-caption-text\">Fotograf\u00eda: Universidad Aut\u00f3noma de Occidente<\/p><\/div>\n<div id=\"attachment_20448\" style=\"width: 630px\" class=\"wp-caption aligncenter\"><a href=\"https:\/\/arcoiris.com.co\/v3\/wp-content\/uploads\/2016\/12\/Fotos-Universidad-Autonoma-de-Occidente-46.jpg\"><img loading=\"lazy\" decoding=\"async\" aria-describedby=\"caption-attachment-20448\" class=\"size-large wp-image-20448\" src=\"https:\/\/arcoiris.com.co\/v3\/wp-content\/uploads\/2016\/12\/Fotos-Universidad-Autonoma-de-Occidente-46-640x428.jpg\" alt=\"\" width=\"620\" height=\"415\" srcset=\"https:\/\/arcoiris.com.co\/v3\/wp-content\/uploads\/2016\/12\/Fotos-Universidad-Autonoma-de-Occidente-46-640x428.jpg 640w, https:\/\/arcoiris.com.co\/v3\/wp-content\/uploads\/2016\/12\/Fotos-Universidad-Autonoma-de-Occidente-46-300x201.jpg 300w, https:\/\/arcoiris.com.co\/v3\/wp-content\/uploads\/2016\/12\/Fotos-Universidad-Autonoma-de-Occidente-46-768x513.jpg 768w, https:\/\/arcoiris.com.co\/v3\/wp-content\/uploads\/2016\/12\/Fotos-Universidad-Autonoma-de-Occidente-46.jpg 1250w\" sizes=\"(max-width: 620px) 100vw, 620px\" \/><\/a><p id=\"caption-attachment-20448\" class=\"wp-caption-text\">Fotograf\u00eda: Universidad Aut\u00f3noma de Occidente<\/p><\/div>\n<div id=\"attachment_20447\" style=\"width: 630px\" class=\"wp-caption aligncenter\"><a href=\"https:\/\/arcoiris.com.co\/v3\/wp-content\/uploads\/2016\/12\/Fotos-Universidad-Autonoma-de-Occidente-43.jpg\"><img loading=\"lazy\" decoding=\"async\" aria-describedby=\"caption-attachment-20447\" class=\"size-large wp-image-20447\" src=\"https:\/\/arcoiris.com.co\/v3\/wp-content\/uploads\/2016\/12\/Fotos-Universidad-Autonoma-de-Occidente-43-640x428.jpg\" alt=\"\" width=\"620\" height=\"415\" srcset=\"https:\/\/arcoiris.com.co\/v3\/wp-content\/uploads\/2016\/12\/Fotos-Universidad-Autonoma-de-Occidente-43-640x428.jpg 640w, https:\/\/arcoiris.com.co\/v3\/wp-content\/uploads\/2016\/12\/Fotos-Universidad-Autonoma-de-Occidente-43-300x201.jpg 300w, https:\/\/arcoiris.com.co\/v3\/wp-content\/uploads\/2016\/12\/Fotos-Universidad-Autonoma-de-Occidente-43-768x513.jpg 768w, https:\/\/arcoiris.com.co\/v3\/wp-content\/uploads\/2016\/12\/Fotos-Universidad-Autonoma-de-Occidente-43.jpg 1250w\" sizes=\"(max-width: 620px) 100vw, 620px\" \/><\/a><p id=\"caption-attachment-20447\" class=\"wp-caption-text\">Fotograf\u00eda: Universidad Aut\u00f3noma de Occidente<\/p><\/div>\n<div id=\"attachment_20445\" style=\"width: 630px\" class=\"wp-caption aligncenter\"><a href=\"https:\/\/arcoiris.com.co\/v3\/wp-content\/uploads\/2016\/12\/Fotos-Universidad-Autonoma-de-Occidente-40.jpg\"><img loading=\"lazy\" decoding=\"async\" aria-describedby=\"caption-attachment-20445\" class=\"size-large wp-image-20445\" src=\"https:\/\/arcoiris.com.co\/v3\/wp-content\/uploads\/2016\/12\/Fotos-Universidad-Autonoma-de-Occidente-40-640x428.jpg\" alt=\"\" width=\"620\" height=\"415\" srcset=\"https:\/\/arcoiris.com.co\/v3\/wp-content\/uploads\/2016\/12\/Fotos-Universidad-Autonoma-de-Occidente-40-640x428.jpg 640w, https:\/\/arcoiris.com.co\/v3\/wp-content\/uploads\/2016\/12\/Fotos-Universidad-Autonoma-de-Occidente-40-300x201.jpg 300w, https:\/\/arcoiris.com.co\/v3\/wp-content\/uploads\/2016\/12\/Fotos-Universidad-Autonoma-de-Occidente-40-768x513.jpg 768w, https:\/\/arcoiris.com.co\/v3\/wp-content\/uploads\/2016\/12\/Fotos-Universidad-Autonoma-de-Occidente-40.jpg 1250w\" sizes=\"(max-width: 620px) 100vw, 620px\" \/><\/a><p id=\"caption-attachment-20445\" class=\"wp-caption-text\">Fotograf\u00eda: Universidad Aut\u00f3noma de Occidente<\/p><\/div>\n<div id=\"attachment_20444\" style=\"width: 630px\" class=\"wp-caption aligncenter\"><a href=\"https:\/\/arcoiris.com.co\/v3\/wp-content\/uploads\/2016\/12\/Fotos-Universidad-Autonoma-de-Occidente-17.jpg\"><img loading=\"lazy\" decoding=\"async\" aria-describedby=\"caption-attachment-20444\" class=\"size-large wp-image-20444\" src=\"https:\/\/arcoiris.com.co\/v3\/wp-content\/uploads\/2016\/12\/Fotos-Universidad-Autonoma-de-Occidente-17-640x428.jpg\" alt=\"\" width=\"620\" height=\"415\" srcset=\"https:\/\/arcoiris.com.co\/v3\/wp-content\/uploads\/2016\/12\/Fotos-Universidad-Autonoma-de-Occidente-17-640x428.jpg 640w, https:\/\/arcoiris.com.co\/v3\/wp-content\/uploads\/2016\/12\/Fotos-Universidad-Autonoma-de-Occidente-17-300x201.jpg 300w, https:\/\/arcoiris.com.co\/v3\/wp-content\/uploads\/2016\/12\/Fotos-Universidad-Autonoma-de-Occidente-17-768x513.jpg 768w, https:\/\/arcoiris.com.co\/v3\/wp-content\/uploads\/2016\/12\/Fotos-Universidad-Autonoma-de-Occidente-17.jpg 1250w\" sizes=\"(max-width: 620px) 100vw, 620px\" \/><\/a><p id=\"caption-attachment-20444\" class=\"wp-caption-text\">Fotograf\u00eda: Universidad Aut\u00f3noma de Occidente<\/p><\/div>\n<div id=\"attachment_20443\" style=\"width: 630px\" class=\"wp-caption aligncenter\"><a href=\"https:\/\/arcoiris.com.co\/v3\/wp-content\/uploads\/2016\/12\/Fotos-Universidad-Autonoma-de-Occidente-15.jpg\"><img loading=\"lazy\" decoding=\"async\" aria-describedby=\"caption-attachment-20443\" class=\"size-large wp-image-20443\" src=\"https:\/\/arcoiris.com.co\/v3\/wp-content\/uploads\/2016\/12\/Fotos-Universidad-Autonoma-de-Occidente-15-640x428.jpg\" alt=\"\" width=\"620\" height=\"415\" srcset=\"https:\/\/arcoiris.com.co\/v3\/wp-content\/uploads\/2016\/12\/Fotos-Universidad-Autonoma-de-Occidente-15-640x428.jpg 640w, https:\/\/arcoiris.com.co\/v3\/wp-content\/uploads\/2016\/12\/Fotos-Universidad-Autonoma-de-Occidente-15-300x201.jpg 300w, https:\/\/arcoiris.com.co\/v3\/wp-content\/uploads\/2016\/12\/Fotos-Universidad-Autonoma-de-Occidente-15-768x513.jpg 768w, https:\/\/arcoiris.com.co\/v3\/wp-content\/uploads\/2016\/12\/Fotos-Universidad-Autonoma-de-Occidente-15.jpg 1250w\" sizes=\"(max-width: 620px) 100vw, 620px\" \/><\/a><p id=\"caption-attachment-20443\" class=\"wp-caption-text\">Fotograf\u00eda: Universidad Aut\u00f3noma de Occidente<\/p><\/div>\n","protected":false},"excerpt":{"rendered":"<p>Como ya se ha mencionado en publicaciones anteriores la Corporaci\u00f3n Nuevo Arco Iris junto con distintas instituciones, ha desarrollado cuatro conversatorios y cuatro foros en distintas ciudades del pa\u00eds abordando el punto 3.4 del acuerdo de La Habana, que crea \u201cel sistema integral para la implementaci\u00f3n de garant\u00edas de seguridad territorial y desmantelamiento de estructuras [&hellip;]<\/p>\n","protected":false},"author":51,"featured_media":20442,"comment_status":"closed","ping_status":"closed","sticky":false,"template":"","format":"standard","meta":{"_et_pb_use_builder":"","_et_pb_old_content":"","_et_gb_content_width":"","footnotes":""},"categories":[4,16,462,21,17,15,20,19,18],"tags":[],"class_list":["post-20441","post","type-post","status-publish","format-standard","has-post-thumbnail","hentry","category-a-profundidad","category-conflicto-armado","category-destacado","category-justicia","category-paz","category-politica","category-seguridad","category-tierras","category-victimas"],"_links":{"self":[{"href":"https:\/\/arcoiris.com.co\/v3\/wp-json\/wp\/v2\/posts\/20441","targetHints":{"allow":["GET"]}}],"collection":[{"href":"https:\/\/arcoiris.com.co\/v3\/wp-json\/wp\/v2\/posts"}],"about":[{"href":"https:\/\/arcoiris.com.co\/v3\/wp-json\/wp\/v2\/types\/post"}],"author":[{"embeddable":true,"href":"https:\/\/arcoiris.com.co\/v3\/wp-json\/wp\/v2\/users\/51"}],"replies":[{"embeddable":true,"href":"https:\/\/arcoiris.com.co\/v3\/wp-json\/wp\/v2\/comments?post=20441"}],"version-history":[{"count":0,"href":"https:\/\/arcoiris.com.co\/v3\/wp-json\/wp\/v2\/posts\/20441\/revisions"}],"wp:featuredmedia":[{"embeddable":true,"href":"https:\/\/arcoiris.com.co\/v3\/wp-json\/wp\/v2\/media\/20442"}],"wp:attachment":[{"href":"https:\/\/arcoiris.com.co\/v3\/wp-json\/wp\/v2\/media?parent=20441"}],"wp:term":[{"taxonomy":"category","embeddable":true,"href":"https:\/\/arcoiris.com.co\/v3\/wp-json\/wp\/v2\/categories?post=20441"},{"taxonomy":"post_tag","embeddable":true,"href":"https:\/\/arcoiris.com.co\/v3\/wp-json\/wp\/v2\/tags?post=20441"}],"curies":[{"name":"wp","href":"https:\/\/api.w.org\/{rel}","templated":true}]}}