{"id":20461,"date":"2016-12-12T15:29:27","date_gmt":"2016-12-12T20:29:27","guid":{"rendered":"https:\/\/arcoiris.com.co\/v3\/?p=20461"},"modified":"2019-08-26T15:06:50","modified_gmt":"2019-08-26T20:06:50","slug":"el-fenomeno-del-paramilitarismo-no-ha-desaparecido-en-colombia","status":"publish","type":"post","link":"https:\/\/arcoiris.com.co\/v3\/2016\/12\/el-fenomeno-del-paramilitarismo-no-ha-desaparecido-en-colombia\/","title":{"rendered":"El fen\u00f3meno del paramilitarismo no ha desaparecido en Colombia"},"content":{"rendered":"<div id=\"attachment_20462\" style=\"width: 610px\" class=\"wp-caption aligncenter\"><a href=\"https:\/\/arcoiris.com.co\/v3\/wp-content\/uploads\/2016\/12\/PARAMILITARISMO.png\"><img loading=\"lazy\" decoding=\"async\" aria-describedby=\"caption-attachment-20462\" class=\"wp-image-20462 size-full\" src=\"https:\/\/arcoiris.com.co\/v3\/wp-content\/uploads\/2016\/12\/PARAMILITARISMO.png\" width=\"600\" height=\"403\" srcset=\"https:\/\/arcoiris.com.co\/v3\/wp-content\/uploads\/2016\/12\/PARAMILITARISMO.png 600w, https:\/\/arcoiris.com.co\/v3\/wp-content\/uploads\/2016\/12\/PARAMILITARISMO-300x202.png 300w\" sizes=\"(max-width: 600px) 100vw, 600px\" \/><\/a><p id=\"caption-attachment-20462\" class=\"wp-caption-text\">Fotograf\u00eda: Universidad Aut\u00f3noma de Occidente<\/p><\/div>\n<p style=\"text-align: justify;\">La Corporaci\u00f3n Nuevo Arco Iris, en alianza con la facultad de Humanidades de la Aut\u00f3noma de Occidente y el Observatorio de Democracia y Participaci\u00f3n Ciudadana, de la Universidad del Valle, realizaron el foro: \u2018El desmonte de las organizaciones sucesoras del paramilitarismo: retos y perspectivas\u2019.<\/p>\n<p style=\"text-align: justify;\">El paramilitarismo no ha desaparecido del pa\u00eds\u201d, as\u00ed lo afirmaron los actores acad\u00e9micos, sociales y pol\u00edticos territoriales, quienes asistieron a este Foro, un espacio para reflexionar sobre la necesidad de construir un gran pacto Pol\u00edtico Nacional y Territorial por la Paz, para sacar definitivamente las armas y la violencia de la pol\u00edtica desde todos los sectores, condici\u00f3n esencial en el camino de la salida negociada al conflicto armado y la b\u00fasqueda de una paz completa y duradera.<\/p>\n<p style=\"text-align: justify;\">L\u00edderes y lideresas del campo y comunitarios, hicieron un llamado a trav\u00e9s de su discurso donde contaron la realidad que experimentan diariamente. Ellos aseguraron que el paramilitarismo no ha desaparecido en Colombia por muchos nombres que quieran darle. Hablaron de las muertes m\u00e1s recientes ocurridas en sus pueblos, de los cuerpos\u00a0desmembrados que siguen bajando por el r\u00edo y de las amenazas que no cesan, inclusive\u00a0hasta las puertas de sus casas.<\/p>\n<p style=\"text-align: justify;\">Carlos Medina, investigador de la Universidad Nacional advirti\u00f3 que \u201cel \u00fanico camino es la des-paramilitarizaci\u00f3n del Estado y establecer mecanismos de vigilancia y control en todas las instituciones\u201d.<\/p>\n<p style=\"text-align: justify;\">Por su parte, el decano de la facultad de Humanidades de la Universidad Aut\u00f3noma de Occidente, Jes\u00fas Alfonso Fl\u00f3rez L\u00f3pez, manifest\u00f3 que \u201cpara alcanzar la paz completa en Colombia, hay que abordar el paramilitarismo y el Estado, quien tiene que asumir su responsabilidad en una realidad que ha desangrado y a\u00fan desangra al pa\u00eds\u201d.<\/p>\n<p style=\"text-align: justify;\">Gustavo Gay\u00f3n, de la Comisi\u00f3n Colombiana de Juristas, reclam\u00f3 la implementaci\u00f3n de aquellas partes del Acuerdo de Paz de La Habana que no han sido cuestionados por los partidarios del NO. \u201cNuestra sociedad se ha acostumbrado a usar la violencia como si nada y hay que erradicarla del ejercicio de la pol\u00edtica\u201d.<\/p>\n<p><iframe loading=\"lazy\" src=\"https:\/\/www.youtube.com\/embed\/CN17dMrx-Gk\" width=\"560\" height=\"315\" frameborder=\"0\" allowfullscreen=\"allowfullscreen\"><\/iframe><\/p>\n<h5 style=\"text-align: justify;\">Expertos cuentan por qu\u00e9 el fen\u00f3meno del paramilitarismo sigue vigente en el pa\u00eds y cu\u00e1l deber\u00eda ser el papel del estado colombiano para erradicarlo. Esta discusi\u00f3n se dio en la Universidad Aut\u00f3noma de Occidente, en el marco del foro, \u2018El desmonte de las organizaciones sucesoras del paramilitarismo: retos y perspectivas\u2019.<\/h5>\n<p>Ver en<span style=\"color: #993300;\"><em><strong> <a style=\"color: #993300;\" href=\"http:\/\/www.uao.edu.co\/facultades\/humanidades-1\/boletin\/fenomeno-del-paramilitarismo-no-ha-desaparecido-colombia\/\" target=\"_blank\" rel=\"noopener noreferrer\">Universidad Aut\u00f3noma de Occidente\u00a0<\/a><\/strong><\/em><\/span><\/p>\n","protected":false},"excerpt":{"rendered":"<p>La Corporaci\u00f3n Nuevo Arco Iris, en alianza con la facultad de Humanidades de la Aut\u00f3noma de Occidente y el Observatorio de Democracia y Participaci\u00f3n Ciudadana, de la Universidad del Valle, realizaron el foro: \u2018El desmonte de las organizaciones sucesoras del paramilitarismo: retos y perspectivas\u2019. El paramilitarismo no ha desaparecido del pa\u00eds\u201d, as\u00ed lo afirmaron los [&hellip;]<\/p>\n","protected":false},"author":51,"featured_media":20462,"comment_status":"closed","ping_status":"closed","sticky":false,"template":"","format":"standard","meta":{"_et_pb_use_builder":"","_et_pb_old_content":"","_et_gb_content_width":"","footnotes":""},"categories":[16,17,14,20,41,19,18],"tags":[],"class_list":["post-20461","post","type-post","status-publish","format-standard","has-post-thumbnail","hentry","category-conflicto-armado","category-paz","category-sala-de-medios","category-seguridad","category-territorio-y-desarrollo","category-tierras","category-victimas"],"_links":{"self":[{"href":"https:\/\/arcoiris.com.co\/v3\/wp-json\/wp\/v2\/posts\/20461","targetHints":{"allow":["GET"]}}],"collection":[{"href":"https:\/\/arcoiris.com.co\/v3\/wp-json\/wp\/v2\/posts"}],"about":[{"href":"https:\/\/arcoiris.com.co\/v3\/wp-json\/wp\/v2\/types\/post"}],"author":[{"embeddable":true,"href":"https:\/\/arcoiris.com.co\/v3\/wp-json\/wp\/v2\/users\/51"}],"replies":[{"embeddable":true,"href":"https:\/\/arcoiris.com.co\/v3\/wp-json\/wp\/v2\/comments?post=20461"}],"version-history":[{"count":0,"href":"https:\/\/arcoiris.com.co\/v3\/wp-json\/wp\/v2\/posts\/20461\/revisions"}],"wp:featuredmedia":[{"embeddable":true,"href":"https:\/\/arcoiris.com.co\/v3\/wp-json\/wp\/v2\/media\/20462"}],"wp:attachment":[{"href":"https:\/\/arcoiris.com.co\/v3\/wp-json\/wp\/v2\/media?parent=20461"}],"wp:term":[{"taxonomy":"category","embeddable":true,"href":"https:\/\/arcoiris.com.co\/v3\/wp-json\/wp\/v2\/categories?post=20461"},{"taxonomy":"post_tag","embeddable":true,"href":"https:\/\/arcoiris.com.co\/v3\/wp-json\/wp\/v2\/tags?post=20461"}],"curies":[{"name":"wp","href":"https:\/\/api.w.org\/{rel}","templated":true}]}}