{"id":20483,"date":"2016-12-13T16:11:47","date_gmt":"2016-12-13T21:11:47","guid":{"rendered":"https:\/\/arcoiris.com.co\/v3\/?p=20483"},"modified":"2019-08-26T15:06:49","modified_gmt":"2019-08-26T20:06:49","slug":"asesinatos-a-lideres-sociales-continuan","status":"publish","type":"post","link":"https:\/\/arcoiris.com.co\/v3\/2016\/12\/asesinatos-a-lideres-sociales-continuan\/","title":{"rendered":"Asesinatos a l\u00edderes sociales contin\u00faan"},"content":{"rendered":"<p style=\"text-align: justify;\">Colombia registra dos asesinatos m\u00e1s a l\u00edderes sociales en lo corrido de la \u00faltima semana, Eder Mangones y Guillermo Velda\u00f1o.<\/p>\n<p style=\"text-align: justify;\">El pasado 2 de diciembre la Corporaci\u00f3n Nuevo Arco Iris public\u00f3 un art\u00edculo en el que se cuestiona si el \u201c<span style=\"color: #008080;\"><em><a style=\"color: #008080;\" href=\"https:\/\/arcoiris.com.co\/v3\/2016\/12\/el-estado-cumple-con-las-garantias-de-seguridad-a-lideres-sociales\/\" target=\"_blank\" rel=\"noopener noreferrer\">Estado cumple con las garant\u00edas de seguridad a l\u00edderes sociales<\/a><\/em><\/span>\u201d, teniendo como referencia los asesinatos a dirigentes y promotores de la paz en distintas regiones del pa\u00eds como Nari\u00f1o, Meta, Caquet\u00e1 y Cauca, entre otros. No s\u00f3lo han sido hechos que ponen fin a la vida de distintos activistas sino atentados, que aunque no han terminado en muertes s\u00ed han causado heridas graves. Hasta la fecha, sumando estos dos \u00faltimos cr\u00edmenes, va un total de 63 asesinatos a l\u00edderes.<\/p>\n<p style=\"text-align: justify;\">Por un lado La Comisi\u00f3n de Interlocuci\u00f3n del Sur de Bol\u00edvar, Centro y Sur del Cesar, se pronunci\u00f3 el mismo s\u00e1bado 10 de diciembre, d\u00eda Internacional de los Derechos Humanos y d\u00eda en el que se hizo entrega del PREMIO NOBEL DE PAZ al Presidente de Colombia, mencionando que \u201ca 15 d\u00edas de haberse realizado la Misi\u00f3n de verificaci\u00f3n de DDHH con el Gobierno Nacional, en el marco de la subcomisi\u00f3n de Derechos Humanos de la Cumbre Agraria Campesina \u00c9tnica y Popular, y a tan solo 5 d\u00edas de la reinstalaci\u00f3n de la Mesa de Interlocuci\u00f3n del Sur de Bol\u00edvar, Centro y Sur del Cesar, donde se denunci\u00f3 la grave situaci\u00f3n de violaci\u00f3n de DDHH y la presencia paramilitar con campamentos y corredores [\u2026] \u2013denuncian- el asesinato de Eder Mangones, un peque\u00f1o minero, l\u00edder social de muchos a\u00f1os en el corregimiento de Mina Seca, municipio de Tiquisio, y actualmente hac\u00eda parte de la junta de acci\u00f3n comunal\u201d, el asesinato se registr\u00f3 a las 7:50 a.m., en el sitio conocido como la quebrada de la Zorra del mismo municipio.<\/p>\n<p style=\"text-align: justify;\">Por otro lado este lunes 12 de diciembre se conoci\u00f3 la noticia en la que se detalla que a las 12 p.m. unos hombres en moto acabaron con la vida de Guillermo Velda\u00f1o quien estaba en su casa. Guillermo era el \u201cPresidente de la junta de acci\u00f3n comunal de la vereda Buenos Aires, miembro de Fensuagro, filial de Marcha Patri\u00f3tica y un reconocido defensor del derecho al agua y a la vida digna\u201d, as\u00ed lo registran medios de comunicaci\u00f3n.<\/p>\n<p style=\"text-align: justify;\">En el discurso ofrecido el fin de semana por el presidente Juan Manuel Santos en la ceremonia del Nobel de Paz, el mandatario hizo un balance de los casos de violencia del pa\u00eds y las afectaciones a las v\u00edctimas, \u201cY lo recibo (el premio)\u2013sobre todo\u2013 en nombre de las v\u00edctimas; de m\u00e1s de 8 millones de v\u00edctimas y desplazados cuyas vidas han sido devastadas por el conflicto armado, y m\u00e1s de 220 mil mujeres, hombres y ni\u00f1os que, para nuestra verg\u00fcenza, han sido asesinados en esta guerra\u201d, afirm\u00f3. Aun con este premio queda mucho que solucionar en el pa\u00eds en torno a la seguridad para la libre lucha por los derechos de todas y todos.<\/p>\n<p style=\"text-align: justify;\">Algunas de las exigencias que se hacen desde el Bol\u00edvar son:<\/p>\n<ul style=\"text-align: justify;\">\n<li style=\"text-align: justify;\">Las Garant\u00edas y protecci\u00f3n a la vida, integridad f\u00edsica y libertad de las comunidades habitantes del Sur de Bol\u00edvar, Centro y Sur del Cesar.<\/li>\n<li style=\"text-align: justify;\">Realizar una pronta Investigaci\u00f3n eficaz y sancionar a los responsables del asesinato de Eder Mangones, as\u00ed como tambi\u00e9n los otros asesinatos ocurridos en la zona.<\/li>\n<li style=\"text-align: justify;\">Revisar y realizar investigaci\u00f3n sobre el papel de la fuerza p\u00fablica en la regi\u00f3n.<\/li>\n<li style=\"text-align: justify;\">El desplazamiento inmediato de una comisi\u00f3n de verificaci\u00f3n conformada por autoridades del orden nacional, con la participaci\u00f3n de la Oficina del Alto Comisionado de las Naciones Unidas para los Derechos Humanos y la Defensor\u00eda del Pueblo Nacional como garantes, con el fin de acompa\u00f1ar a la comunidad, verificar los hechos de agresi\u00f3n a la misma, iniciar las investigaciones pertinentes y tomar medidas inmediatas de prevenci\u00f3n y protecci\u00f3n.<\/li>\n<li style=\"text-align: justify;\">La desarticulaci\u00f3n del paramilitarismo en esta regi\u00f3n del pa\u00eds e investigaci\u00f3n y sanci\u00f3n a quienes vienen ejerciendo amenazas y sembrando terror en esta regi\u00f3n.<\/li>\n<\/ul>\n<p style=\"text-align: justify;\">Firma: COMISI\u00d3N DE INTERLOCUCI\u00d3N DEL SUR DE BOL\u00cdVAR, CENTRO Y SUR DEL CESAR<\/p>\n<p style=\"text-align: justify;\">A continuaci\u00f3n ver\u00e1 un mapa con autor desconocido en el que se reflejan los l\u00edderes sociales asesinados en Colombia durante 2016. Un poco m\u00e1s del 13% corresponde a mujeres, el otro porcentaje a hombres.<\/p>\n<p><a href=\"https:\/\/arcoiris.com.co\/v3\/wp-content\/uploads\/2016\/12\/CyPbtFLXcAAdGYW.jpg\"><img loading=\"lazy\" decoding=\"async\" class=\"aligncenter size-full wp-image-20484\" src=\"https:\/\/arcoiris.com.co\/v3\/wp-content\/uploads\/2016\/12\/CyPbtFLXcAAdGYW.jpg\" alt=\"\" width=\"1135\" height=\"1200\" srcset=\"https:\/\/arcoiris.com.co\/v3\/wp-content\/uploads\/2016\/12\/CyPbtFLXcAAdGYW.jpg 804w, https:\/\/arcoiris.com.co\/v3\/wp-content\/uploads\/2016\/12\/CyPbtFLXcAAdGYW-284x300.jpg 284w, https:\/\/arcoiris.com.co\/v3\/wp-content\/uploads\/2016\/12\/CyPbtFLXcAAdGYW-768x812.jpg 768w, https:\/\/arcoiris.com.co\/v3\/wp-content\/uploads\/2016\/12\/CyPbtFLXcAAdGYW-605x640.jpg 605w\" sizes=\"(max-width: 1135px) 100vw, 1135px\" \/><\/a><\/p>\n","protected":false},"excerpt":{"rendered":"<p>Colombia registra dos asesinatos m\u00e1s a l\u00edderes sociales en lo corrido de la \u00faltima semana, Eder Mangones y Guillermo Velda\u00f1o. El pasado 2 de diciembre la Corporaci\u00f3n Nuevo Arco Iris public\u00f3 un art\u00edculo en el que se cuestiona si el \u201cEstado cumple con las garant\u00edas de seguridad a l\u00edderes sociales\u201d, teniendo como referencia los asesinatos [&hellip;]<\/p>\n","protected":false},"author":51,"featured_media":20484,"comment_status":"closed","ping_status":"closed","sticky":false,"template":"","format":"standard","meta":{"_et_pb_use_builder":"","_et_pb_old_content":"","_et_gb_content_width":"","footnotes":""},"categories":[16,462,21,29,3,20,19,18],"tags":[],"class_list":["post-20483","post","type-post","status-publish","format-standard","has-post-thumbnail","hentry","category-conflicto-armado","category-destacado","category-justicia","category-nacional","category-pais","category-seguridad","category-tierras","category-victimas"],"_links":{"self":[{"href":"https:\/\/arcoiris.com.co\/v3\/wp-json\/wp\/v2\/posts\/20483","targetHints":{"allow":["GET"]}}],"collection":[{"href":"https:\/\/arcoiris.com.co\/v3\/wp-json\/wp\/v2\/posts"}],"about":[{"href":"https:\/\/arcoiris.com.co\/v3\/wp-json\/wp\/v2\/types\/post"}],"author":[{"embeddable":true,"href":"https:\/\/arcoiris.com.co\/v3\/wp-json\/wp\/v2\/users\/51"}],"replies":[{"embeddable":true,"href":"https:\/\/arcoiris.com.co\/v3\/wp-json\/wp\/v2\/comments?post=20483"}],"version-history":[{"count":0,"href":"https:\/\/arcoiris.com.co\/v3\/wp-json\/wp\/v2\/posts\/20483\/revisions"}],"wp:featuredmedia":[{"embeddable":true,"href":"https:\/\/arcoiris.com.co\/v3\/wp-json\/wp\/v2\/media\/20484"}],"wp:attachment":[{"href":"https:\/\/arcoiris.com.co\/v3\/wp-json\/wp\/v2\/media?parent=20483"}],"wp:term":[{"taxonomy":"category","embeddable":true,"href":"https:\/\/arcoiris.com.co\/v3\/wp-json\/wp\/v2\/categories?post=20483"},{"taxonomy":"post_tag","embeddable":true,"href":"https:\/\/arcoiris.com.co\/v3\/wp-json\/wp\/v2\/tags?post=20483"}],"curies":[{"name":"wp","href":"https:\/\/api.w.org\/{rel}","templated":true}]}}