{"id":20512,"date":"2016-12-16T14:16:42","date_gmt":"2016-12-16T19:16:42","guid":{"rendered":"https:\/\/arcoiris.com.co\/v3\/?p=20512"},"modified":"2019-08-26T15:06:48","modified_gmt":"2019-08-26T20:06:48","slug":"no-acabar-con-el-paramilitarismo-es-dirigir-a-colombia-a-una-crisis-humanitaria","status":"publish","type":"post","link":"https:\/\/arcoiris.com.co\/v3\/2016\/12\/no-acabar-con-el-paramilitarismo-es-dirigir-a-colombia-a-una-crisis-humanitaria\/","title":{"rendered":"No acabar con el paramilitarismo es dirigir a Colombia a una crisis humanitaria"},"content":{"rendered":"<p style=\"text-align: justify;\"><a href=\"https:\/\/arcoiris.com.co\/v3\/wp-content\/uploads\/2016\/12\/jose.png\"><img loading=\"lazy\" decoding=\"async\" class=\"aligncenter size-large wp-image-20513\" src=\"https:\/\/arcoiris.com.co\/v3\/wp-content\/uploads\/2016\/12\/jose-640x454.png\" alt=\"\" width=\"620\" height=\"440\" srcset=\"https:\/\/arcoiris.com.co\/v3\/wp-content\/uploads\/2016\/12\/jose-640x454.png 640w, https:\/\/arcoiris.com.co\/v3\/wp-content\/uploads\/2016\/12\/jose-300x213.png 300w, https:\/\/arcoiris.com.co\/v3\/wp-content\/uploads\/2016\/12\/jose-768x544.png 768w, https:\/\/arcoiris.com.co\/v3\/wp-content\/uploads\/2016\/12\/jose.png 979w\" sizes=\"(max-width: 620px) 100vw, 620px\" \/><\/a><br \/>\nEste jueves 15 de diciembre la Corporaci\u00f3n Nuevo Arco Iris llev\u00f3 a cabo la rueda de prensa que tuvo como eje principal los resultados del an\u00e1lisis y la socializaci\u00f3n con expertos y actores sociales, del acuerdo de La Habana sobre: \u201cel sistema integral para la implementaci\u00f3n de garant\u00edas de seguridad territorial y desmantelamiento de estructuras criminales sucesoras del paramilitarismo\u201d del punto 3.4.<\/p>\n<p style=\"text-align: justify;\">El documento es el resultado de dos conversatorios y cuatro foros desarrollados en Cartagena, Cali, Medell\u00edn y Bogot\u00e1 respectivamente, en alianza con la Embajada de Noruega, el instituto Alfredo V\u00e1squez Carrizosa, la Pontificia Universidad Javeriana, la Universidad de Antioquia, la Universidad San Buenaventura de Cartagena, la Universidad Aut\u00f3noma de Occidente de Cali, El Observatorio de Democracia y Participaci\u00f3n Ciudadana y Marcha Patri\u00f3tica correspondientemente.<\/p>\n<p style=\"text-align: justify;\">Varios puntos se abordaron en este evento como lo es la ola de asesinatos a l\u00edderes y lideresas de varias regiones del pa\u00eds y la influencia del paramilitarismo, no s\u00f3lo en estos asesinatos sino en varios problemas que hay actualmente en Colombia y que, de no frenar a estos grupos armados ilegales y acabarlos, los problemas continuar\u00e1n as\u00ed como los cr\u00edmenes contra estos defensores de derechos humanos. (Ver <span style=\"color: #008000;\"><em><strong><a style=\"color: #008000;\" href=\"https:\/\/arcoiris.com.co\/v3\/2016\/12\/asesinatos-a-lideres-sociales-continuan\/\" target=\"_blank\" rel=\"noopener noreferrer\">Asesinatos a l\u00edderes sociales contin\u00faan<\/a><\/strong><\/em><\/span>)<\/p>\n<p style=\"text-align: justify;\">Algunos de los entrevistados durante esta jornada fueron David Fl\u00f3rez, Abogado de la Universidad Nacional de Colombia, Vocero Nacional del Movimiento Marcha Patri\u00f3tica; Pedro Valenzuela, docente de la Universidad Javeriana; Fernando Hern\u00e1ndez Valencia, Director Ejecutivo de la Corporaci\u00f3n Nuevo Arco Iris \u2013CNAI- y Julio C\u00e9sar Arenas, analista e Investigador de la CNAI.<\/p>\n<p style=\"text-align: justify;\">Entre las intervenciones se explica que las principales preocupaciones que se reflejan en el documento entregado a medios corresponden a que las din\u00e1micas de estructuras sucesores del paramilitarismo est\u00e1n actuando de manera sistem\u00e1tica en cr\u00edmenes contra dirigentes sociales, acciones que se producen especialmente en las zona donde estaban las Farc, insurgencia que al d\u00eda de hoy se han desplegado a las ZVTN. Estos asesinatos se registran con un patr\u00f3n aproximado entre 8 y 15 d\u00edas.<\/p>\n<p style=\"text-align: justify;\">Por otro lado se maneja la hip\u00f3tesis que, o son franquicias de estructuras paramilitares ya establecidas como los Urabe\u00f1os, las AGC, Clan \u00dasuga entre otras, o son grupos nuevos que se camuflan bajo esos nombres. Los asesinatos coinciden en un 90% con la poblaci\u00f3n en donde hubo voto mayoritario por el S\u00cd el 2 de octubre en el plebiscito, est\u00e1 claro que este proceso de asesinatos infunde terror y se aumentan si no hay medidas eficaces por parte del Gobierno, lo que conllevar\u00eda a una crisis humanitaria.<\/p>\n<p style=\"text-align: justify;\">\u00bfQu\u00e9 se pide al Estado?<\/p>\n<ol style=\"text-align: justify;\">\n<li>Implementar de forma inmediata el punto 3.4 de los acuerdos de La Habana en los que se hace referencia a la Comisi\u00f3n Nacional de Garant\u00edas de Seguridad.<\/li>\n<li>Permitir que contin\u00fae el funcionamiento de la Unidad Especial de Investigaci\u00f3n para el Desmantelamiento de las Organizaciones Criminales de la Fiscal\u00eda General de la Naci\u00f3n, que hasta hace unos d\u00edas estaba a cargo de la Doctora Alexandra Valencia.<\/li>\n<li>El Gobierno tiene que brindar y asegurar la protecci\u00f3n a las comunidades afectadas por este flagelo.<\/li>\n<\/ol>\n<p style=\"text-align: justify;\">Por otro lado se habla del estigma que se tiene contra los defensores afros, ind\u00edgenas, mujeres y de m\u00e1s que por defender los derechos de sus comunidades y de todos son tildados de insurgentes.<\/p>\n<p style=\"text-align: justify;\">A continuaci\u00f3n puede ver el documento completo sobre el an\u00e1lisis del sistema integral para la implementaci\u00f3n de garant\u00edas de seguridad territorial, mencionado anteriormente:<\/p>\n<p>https:\/\/issuu.com\/arcoiris.com.co\/docs\/an__lisis_y_socializaci__n_con_expe<\/p>\n<p style=\"text-align: justify;\">Una de las notas publicadas por los medios asistentes a la rueda de prensa es realizada por TeleSur titulada: Extrema derecha usa paramilitarismo para evitar cambios.<br \/>\n<iframe loading=\"lazy\" src=\"https:\/\/www.youtube.com\/embed\/HhkqjCLfWH0\" width=\"560\" height=\"315\" frameborder=\"0\" allowfullscreen=\"allowfullscreen\"><\/iframe><\/p>\n","protected":false},"excerpt":{"rendered":"<p>Este jueves 15 de diciembre la Corporaci\u00f3n Nuevo Arco Iris llev\u00f3 a cabo la rueda de prensa que tuvo como eje principal los resultados del an\u00e1lisis y la socializaci\u00f3n con expertos y actores sociales, del acuerdo de La Habana sobre: \u201cel sistema integral para la implementaci\u00f3n de garant\u00edas de seguridad territorial y desmantelamiento de estructuras [&hellip;]<\/p>\n","protected":false},"author":51,"featured_media":20513,"comment_status":"closed","ping_status":"closed","sticky":false,"template":"","format":"standard","meta":{"_et_pb_use_builder":"","_et_pb_old_content":"","_et_gb_content_width":"","footnotes":""},"categories":[4,16,462,21,17,15,20,19,18],"tags":[],"class_list":["post-20512","post","type-post","status-publish","format-standard","has-post-thumbnail","hentry","category-a-profundidad","category-conflicto-armado","category-destacado","category-justicia","category-paz","category-politica","category-seguridad","category-tierras","category-victimas"],"_links":{"self":[{"href":"https:\/\/arcoiris.com.co\/v3\/wp-json\/wp\/v2\/posts\/20512","targetHints":{"allow":["GET"]}}],"collection":[{"href":"https:\/\/arcoiris.com.co\/v3\/wp-json\/wp\/v2\/posts"}],"about":[{"href":"https:\/\/arcoiris.com.co\/v3\/wp-json\/wp\/v2\/types\/post"}],"author":[{"embeddable":true,"href":"https:\/\/arcoiris.com.co\/v3\/wp-json\/wp\/v2\/users\/51"}],"replies":[{"embeddable":true,"href":"https:\/\/arcoiris.com.co\/v3\/wp-json\/wp\/v2\/comments?post=20512"}],"version-history":[{"count":0,"href":"https:\/\/arcoiris.com.co\/v3\/wp-json\/wp\/v2\/posts\/20512\/revisions"}],"wp:featuredmedia":[{"embeddable":true,"href":"https:\/\/arcoiris.com.co\/v3\/wp-json\/wp\/v2\/media\/20513"}],"wp:attachment":[{"href":"https:\/\/arcoiris.com.co\/v3\/wp-json\/wp\/v2\/media?parent=20512"}],"wp:term":[{"taxonomy":"category","embeddable":true,"href":"https:\/\/arcoiris.com.co\/v3\/wp-json\/wp\/v2\/categories?post=20512"},{"taxonomy":"post_tag","embeddable":true,"href":"https:\/\/arcoiris.com.co\/v3\/wp-json\/wp\/v2\/tags?post=20512"}],"curies":[{"name":"wp","href":"https:\/\/api.w.org\/{rel}","templated":true}]}}