{"id":20605,"date":"2017-01-13T16:46:26","date_gmt":"2017-01-13T21:46:26","guid":{"rendered":"https:\/\/arcoiris.com.co\/v3\/?p=20605"},"modified":"2019-08-26T15:06:45","modified_gmt":"2019-08-26T20:06:45","slug":"hrw-dice-que-los-sucesores-de-paramilitarismo-son-reales","status":"publish","type":"post","link":"https:\/\/arcoiris.com.co\/v3\/2017\/01\/hrw-dice-que-los-sucesores-de-paramilitarismo-son-reales\/","title":{"rendered":"HRW dice que los sucesores de paramilitarismo son reales"},"content":{"rendered":"<div id=\"attachment_20606\" style=\"width: 570px\" class=\"wp-caption aligncenter\"><a href=\"https:\/\/arcoiris.com.co\/v3\/wp-content\/uploads\/2017\/01\/d78582390b50efc2ebfd55d186de2a2b.jpg\"><img loading=\"lazy\" decoding=\"async\" aria-describedby=\"caption-attachment-20606\" class=\"size-full wp-image-20606\" src=\"https:\/\/arcoiris.com.co\/v3\/wp-content\/uploads\/2017\/01\/d78582390b50efc2ebfd55d186de2a2b.jpg\" alt=\"\" width=\"560\" height=\"373\" srcset=\"https:\/\/arcoiris.com.co\/v3\/wp-content\/uploads\/2017\/01\/d78582390b50efc2ebfd55d186de2a2b.jpg 560w, https:\/\/arcoiris.com.co\/v3\/wp-content\/uploads\/2017\/01\/d78582390b50efc2ebfd55d186de2a2b-300x200.jpg 300w\" sizes=\"(max-width: 560px) 100vw, 560px\" \/><\/a><p id=\"caption-attachment-20606\" class=\"wp-caption-text\">Foto: Archivo El Espectador<\/p><\/div>\n<p style=\"text-align: justify;\">Violencia contra defensores de derechos.<\/p>\n<p style=\"text-align: justify;\">En su informe mundial para el a\u00f1o 2016, la ONG se\u00f1al\u00f3 que los presuntos herederos del poder paramilitar siguen cometiendo asesinatos, desapariciones y actos de violencia sexual.<\/p>\n<p style=\"text-align: justify;\">Human Rights Watch acaba de lanzar su informe mundial para el a\u00f1o 2016. En \u00e9l, condensa la situaci\u00f3n de los derechos humanos en el mundo y en diversos pa\u00edses. Entre ellos, como desde hace varios a\u00f1os, Colombia tiene un cap\u00edtulo aparte. El mensaje dela ONG es claro: si bien la firma de los Acuerdo de Paz con las Farc son una oportunidad invaluable para \u201cterminar con las violaciones de derechos humanos en el pa\u00eds\u201d, el camino que falta es largo.<\/p>\n<p style=\"text-align: justify;\">El informe hace \u00e9nfasis en los asesinatos de l\u00edderes sociales, campesinos e ind\u00edgenas que en los 12 d\u00edas del a\u00f1o presente, ya asciende a cuatro. En el documento, la organizaci\u00f3n consigna que solo a septiembre de 2016, la Onu hab\u00eda registrado 28 asesinatos de este tipo. Para diciembre, la cifra oficial alcanz\u00f3 los 58 homicidios, mientras que la Cumbre Agraria asegur\u00f3 que fueron 94 los l\u00edderes ca\u00eddos (Lea: <a href=\"http:\/\/colombia2020.elespectador.com\/pais\/lideres-sociales-sigue-la-zozobra\" target=\"_blank\" rel=\"noopener noreferrer\"><span style=\"color: #ff0000;\"><em><strong>Las cifras inciertas del n\u00famero de l\u00edderes asesinados en 2016<\/strong><\/em><\/span><\/a>).<\/p>\n<p style=\"text-align: justify;\">La Ong tambi\u00e9n se refiri\u00f3 a las amenazas a periodistas \u2013que seg\u00fan la Fundaci\u00f3n para la Libertad de Prensa (Flip) lleg\u00f3 a 91 casos para octubre\u2013 y a la situaci\u00f3n de los l\u00edderes sindicales: \u201cLa Escuela Nacional Sindical report\u00f3 18 asesinatos de sindicalistas ocurridos entre enero de 2015 y febrero de 2016, y el gobierno ha documentado m\u00e1s de 120 desde 2011\u201d, dice el informe.<\/p>\n<p style=\"text-align: justify;\">Human Rights Watch se\u00f1ala a qui\u00e9nes podr\u00edan estar detr\u00e1s de estos atentados de forma vaga, pues solo atina a decir que las amenazas de muerte y otros actos de violencia contra defensores de derechos humanos, sindicalistas, periodistas, l\u00edderes ind\u00edgenas y afrocolombianos, y otros activistas comunitarios, se dan por parte de \u201cguerrillas y grupos sucesores del paramilitarismo, entre otros\u201d. Eso s\u00ed, acara que \u201clos actores que cometen actos de violencia contra civiles casi nunca rinden cuestas por sus actos\u201d.<\/p>\n<p style=\"text-align: justify;\">Asimismo, puso el dedo en la llaga en el tema del paramilitarismo, que sostienen organizaciones sociales sigue existiendo, mientras que el Gobierno asegura que \u00e9ste ya fue eliminado. HRW dice que si bien hubo un proceso oficial de desmovilizaci\u00f3n, este \u201cpresent\u00f3 graves falencias, y tras \u00e9l numerosos miembros permanecieron activos y se reorganizaron conformando nuevos grupos\u201d.<\/p>\n<p style=\"text-align: justify;\">Pone como ejemplo de esta desmovilizaci\u00f3n fallida el caso de Buenaventura (Valle). All\u00ed, dice HRW, \u201clos grupos sucesores de paramilitares siguen cometiendo estos abusos\u201d, y se\u00f1ala que la ciudad portuaria \u201cpresenta uno de los \u00edndices m\u00e1s elevados de desplazamientos forzados de Colombia: 12.956 residentes debieron abandonar sus hogares en 2015, y 1.955 entre enero y octubre de 2016\u201d.<\/p>\n<p style=\"text-align: justify;\">Tambi\u00e9n habla de los avances \u201clentos, pero significativos\u201d, de la Ley de justicia y Paz. Hasta julio de 2016, dice el documento, solo 182 de los m\u00e1s de 30.000 paramilitares desmovilizados hab\u00edan sido condenados por los tribunales de Justicia y Paz. \u201cLas condenas alcanzan tan s\u00f3lo a una peque\u00f1a parte de los m\u00e1s de 4.000 postulados que reclaman los beneficios de la ley\u201d, concluye la organizaci\u00f3n.<\/p>\n<p style=\"text-align: justify;\">Ver en <a href=\"http:\/\/www.elespectador.com\/noticias\/judicial\/hrw-dice-los-sucesores-de-paramilitarismo-son-reales-articulo-674346\" target=\"_blank\" rel=\"noopener noreferrer\"><em><strong><span style=\"color: #ff0000;\">El Espectador<\/span><\/strong><\/em><\/a><\/p>\n","protected":false},"excerpt":{"rendered":"<p>Violencia contra defensores de derechos. En su informe mundial para el a\u00f1o 2016, la ONG se\u00f1al\u00f3 que los presuntos herederos del poder paramilitar siguen cometiendo asesinatos, desapariciones y actos de violencia sexual. Human Rights Watch acaba de lanzar su informe mundial para el a\u00f1o 2016. En \u00e9l, condensa la situaci\u00f3n de los derechos humanos en [&hellip;]<\/p>\n","protected":false},"author":51,"featured_media":20606,"comment_status":"closed","ping_status":"closed","sticky":false,"template":"","format":"standard","meta":{"_et_pb_use_builder":"","_et_pb_old_content":"","_et_gb_content_width":"","footnotes":""},"categories":[16,21,14,20,19,18],"tags":[],"class_list":["post-20605","post","type-post","status-publish","format-standard","has-post-thumbnail","hentry","category-conflicto-armado","category-justicia","category-sala-de-medios","category-seguridad","category-tierras","category-victimas"],"_links":{"self":[{"href":"https:\/\/arcoiris.com.co\/v3\/wp-json\/wp\/v2\/posts\/20605","targetHints":{"allow":["GET"]}}],"collection":[{"href":"https:\/\/arcoiris.com.co\/v3\/wp-json\/wp\/v2\/posts"}],"about":[{"href":"https:\/\/arcoiris.com.co\/v3\/wp-json\/wp\/v2\/types\/post"}],"author":[{"embeddable":true,"href":"https:\/\/arcoiris.com.co\/v3\/wp-json\/wp\/v2\/users\/51"}],"replies":[{"embeddable":true,"href":"https:\/\/arcoiris.com.co\/v3\/wp-json\/wp\/v2\/comments?post=20605"}],"version-history":[{"count":0,"href":"https:\/\/arcoiris.com.co\/v3\/wp-json\/wp\/v2\/posts\/20605\/revisions"}],"wp:featuredmedia":[{"embeddable":true,"href":"https:\/\/arcoiris.com.co\/v3\/wp-json\/wp\/v2\/media\/20606"}],"wp:attachment":[{"href":"https:\/\/arcoiris.com.co\/v3\/wp-json\/wp\/v2\/media?parent=20605"}],"wp:term":[{"taxonomy":"category","embeddable":true,"href":"https:\/\/arcoiris.com.co\/v3\/wp-json\/wp\/v2\/categories?post=20605"},{"taxonomy":"post_tag","embeddable":true,"href":"https:\/\/arcoiris.com.co\/v3\/wp-json\/wp\/v2\/tags?post=20605"}],"curies":[{"name":"wp","href":"https:\/\/api.w.org\/{rel}","templated":true}]}}