{"id":21473,"date":"2017-06-02T15:57:45","date_gmt":"2017-06-02T20:57:45","guid":{"rendered":"https:\/\/arcoiris.com.co\/v3\/?p=21473"},"modified":"2019-08-26T15:06:14","modified_gmt":"2019-08-26T20:06:14","slug":"arcanos-no-20-plan-de-desarrollo-bogota-zona-costanera-cordoba-y-glaciares-en-el-mundo","status":"publish","type":"post","link":"https:\/\/arcoiris.com.co\/v3\/2017\/06\/arcanos-no-20-plan-de-desarrollo-bogota-zona-costanera-cordoba-y-glaciares-en-el-mundo\/","title":{"rendered":"Arcanos N\u00ba 20\/ Plan de desarrollo Bogot\u00e1, Zona Costanera C\u00f3rdoba y Glaciares en el mundo"},"content":{"rendered":"<p style=\"text-align: justify;\"><a href=\"https:\/\/arcoiris.com.co\/v3\/wp-content\/uploads\/2017\/05\/PORTADA-1-2.jpg\"><img loading=\"lazy\" decoding=\"async\" class=\"aligncenter wp-image-21497 size-full\" src=\"https:\/\/arcoiris.com.co\/v3\/wp-content\/uploads\/2017\/05\/PORTADA-1-2.jpg\" alt=\"\" width=\"1020\" height=\"1320\" srcset=\"https:\/\/arcoiris.com.co\/v3\/wp-content\/uploads\/2017\/05\/PORTADA-1-2.jpg 657w, https:\/\/arcoiris.com.co\/v3\/wp-content\/uploads\/2017\/05\/PORTADA-1-2-232x300.jpg 232w, https:\/\/arcoiris.com.co\/v3\/wp-content\/uploads\/2017\/05\/PORTADA-1-2-768x994.jpg 768w, https:\/\/arcoiris.com.co\/v3\/wp-content\/uploads\/2017\/05\/PORTADA-1-2-495x640.jpg 495w\" sizes=\"(max-width: 1020px) 100vw, 1020px\" \/><\/a><br \/>\nLa Revista Arcanos ha sido, desde el nacimiento de la Corporaci\u00f3n Nuevo Arco Iris en 1996, un medio de comunicaci\u00f3n por excelencia para la divulgaci\u00f3n del trabajo de an\u00e1lisis, reflexi\u00f3n e investigaci\u00f3n relacionada con las problem\u00e1ticas sociales, pol\u00edticas y culturales del pa\u00eds.<\/p>\n<p style=\"text-align: justify;\">En este per\u00edodo, se avanza en su potenciamiento como espacio de socializaci\u00f3n del trabajo de los programas y proyectos corporativos, en el \u00e1nimo de visibilizar din\u00e1micas que cotidianamente se llevan a cabo de manera independiente, en ejercicios de plataforma o en alianza con otras entidades privadas o p\u00fablicas.<\/p>\n<p style=\"text-align: justify;\">Este primer suplemento especial de la Revista Arcanos, realizado desde el Programa Territorio, Paz y Desarrollo, contiene tres ejercicios acad\u00e9micos propios de la din\u00e1mica de la Corporaci\u00f3n Nuevo Arco Iris: En primer lugar, fruto del seguimiento mancomunado que se lleva a cabo desde la Plataforma por el Derecho a la Ciudad, con diversas ONG\u00b4s, Universidades y Unidades Legislativas del Congreso de la Rep\u00fablica, con respecto a la ejecuci\u00f3n del plan de desarrollo distrital 2016-2020, \u201cBogot\u00e1 Mejor Para Todos\u201d, se aborda la descripci\u00f3n y an\u00e1lisis de la gesti\u00f3n del Componente de Seguridad, Convivencia y Justicia, contenido en el Plan de Desarrollo Distrital. En segundo lugar, un Equipo Interdisciplinario presenta el contenido del Estudio de Caracter\u00edsticas Geogr\u00e1ficas y Contexto Econ\u00f3mico, Social, Cultural, Pol\u00edtico e Institucional de la Zona Costanera del Departamento de C\u00f3rdoba, como expresi\u00f3n del trabajo de investigaci\u00f3n territorial que se lleva a cabo desde el Programa. En tercer lugar, en un paneo internacional, el investigador ambiental Paul S\u00e1nchez Puche muestra que \u201cSe Derriten los Glaciares del Planeta\u201d y evidencia los cambios acelerados, provocados por la actividad antr\u00f3pica, que inciden en el calentamiento global.<\/p>\n<p style=\"text-align: justify;\">Los temas escogidos tienen elementos interesantes de actualidad y proyecci\u00f3n: El an\u00e1lisis del Componente de Seguridad del Plan de Desarrollo Distrital, adem\u00e1s de sus aspectos de gesti\u00f3n, metas y resultados, tiene mucho que ver con la reflexi\u00f3n acerca de los \u00e9nfasis y sentido de la concepci\u00f3n de seguridad de la actual Administraci\u00f3n Distrital. Es decir, Bogot\u00e1 no se puede aislar del contexto nacional y de la preparaci\u00f3n cultural y social para el postconflicto y la reconciliaci\u00f3n. Sin embargo, parece que la ruta metodol\u00f3gica y log\u00edstica escogida para la implementaci\u00f3n del componente de seguridad, contrasta con el discurso y la intencionalidad planteada en las formulaciones generales.<\/p>\n<p style=\"text-align: justify;\">De otro lado, la Zona Costanera del Departamento de C\u00f3rdoba es una conjunci\u00f3n de din\u00e1micas econ\u00f3micas, pol\u00edticas, sociales, culturales e institucionales. Su importancia geoestrat\u00e9gica, ambiental y econ\u00f3mica, est\u00e1 demostrada por la coexistencia de diversos escenarios que compiten en su pasado y futuro, por predominar: desde el escenario tendencial tur\u00edstico, de pesca y cr\u00eda del caim\u00e1n aguja en la Bah\u00eda de Cispat\u00e1, pasando por la incidencia de econom\u00edas ilegales, de la parapol\u00edtica, del aprovechamiento de los grupos paramilitares y de bacrim en las econom\u00edas ilegales, hasta lo relacionado con los intereses de construcci\u00f3n de puerto de graneles y\/o el aprovechamiento del potencial gas\u00edfero reci\u00e9n descubierto. Por fortuna, la iniciativa de Puerto no ha podido contar con la licencia ambiental de la CVS, pese a los flujos y reflujos en la presi\u00f3n de los grupos de inter\u00e9s, que contrastan con la vocaci\u00f3n socio-productiva de las comunidades y grupos \u00e9tnicos de la regi\u00f3n. As\u00ed mismo, se analiza la calidad del desarrollo socio-econ\u00f3mico y de la gesti\u00f3n p\u00fablica territorial, con sus restricciones y problemas, como una manera de avizorar el potencial y perspectivas de los municipios que conforman la regi\u00f3n, para trascender una \u00e9poca caracterizada por la fragilidad multidimensional en la construcci\u00f3n de territorio y la superaci\u00f3n de la violencia en sus diversas expresiones.<\/p>\n<p style=\"text-align: justify;\">Con respecto al derretimiento de los glaciares, el abordaje del an\u00e1lisis de la problem\u00e1tica inicia con una mirada internacional relacionada con el cambio clim\u00e1tico, los primeros estudios relacionados con el tema en Colombia, los fen\u00f3menos clim\u00e1ticos en diversos continentes y una muestra de estos sucesos en la Sierra Nevada, el Nevado del Cocuy y particularmente, en el Nevado del Tolima. Es de resaltar que el autor del art\u00edculo se ha esmerado en hacer un seguimiento espec\u00edfico a los cambios que afectan al Nevado del Tolima, en particular, a trav\u00e9s del ejercicio en terreno de su vocaci\u00f3n de escalador.<\/p>\n<p style=\"text-align: justify;\"><em>Albeiro Caro Fern\u00e1ndez<\/em><br \/>\n<em>Cordinador Programa Territorio, Paz y Desarrollo<\/em><\/p>\n<p style=\"text-align: justify;\">Ver la revista completa a continuaci\u00f3n:<\/p>\n<p><iframe loading=\"lazy\" style=\"width: 525px; height: 340px;\" src=\"\/\/e.issuu.com\/embed.html#3692087\/48915779\" width=\"300\" height=\"150\" frameborder=\"0\" allowfullscreen=\"allowfullscreen\"><\/iframe><\/p>\n","protected":false},"excerpt":{"rendered":"<p>La Revista Arcanos ha sido, desde el nacimiento de la Corporaci\u00f3n Nuevo Arco Iris en 1996, un medio de comunicaci\u00f3n por excelencia para la divulgaci\u00f3n del trabajo de an\u00e1lisis, reflexi\u00f3n e investigaci\u00f3n relacionada con las problem\u00e1ticas sociales, pol\u00edticas y culturales del pa\u00eds. En este per\u00edodo, se avanza en su potenciamiento como espacio de socializaci\u00f3n del [&hellip;]<\/p>\n","protected":false},"author":51,"featured_media":21497,"comment_status":"closed","ping_status":"closed","sticky":false,"template":"","format":"standard","meta":{"_et_pb_use_builder":"","_et_pb_old_content":"","_et_gb_content_width":"","footnotes":""},"categories":[4,44,16,462,21,17,15,20,41,19,18],"tags":[],"class_list":["post-21473","post","type-post","status-publish","format-standard","has-post-thumbnail","hentry","category-a-profundidad","category-arcanos","category-conflicto-armado","category-destacado","category-justicia","category-paz","category-politica","category-seguridad","category-territorio-y-desarrollo","category-tierras","category-victimas"],"_links":{"self":[{"href":"https:\/\/arcoiris.com.co\/v3\/wp-json\/wp\/v2\/posts\/21473","targetHints":{"allow":["GET"]}}],"collection":[{"href":"https:\/\/arcoiris.com.co\/v3\/wp-json\/wp\/v2\/posts"}],"about":[{"href":"https:\/\/arcoiris.com.co\/v3\/wp-json\/wp\/v2\/types\/post"}],"author":[{"embeddable":true,"href":"https:\/\/arcoiris.com.co\/v3\/wp-json\/wp\/v2\/users\/51"}],"replies":[{"embeddable":true,"href":"https:\/\/arcoiris.com.co\/v3\/wp-json\/wp\/v2\/comments?post=21473"}],"version-history":[{"count":0,"href":"https:\/\/arcoiris.com.co\/v3\/wp-json\/wp\/v2\/posts\/21473\/revisions"}],"wp:featuredmedia":[{"embeddable":true,"href":"https:\/\/arcoiris.com.co\/v3\/wp-json\/wp\/v2\/media\/21497"}],"wp:attachment":[{"href":"https:\/\/arcoiris.com.co\/v3\/wp-json\/wp\/v2\/media?parent=21473"}],"wp:term":[{"taxonomy":"category","embeddable":true,"href":"https:\/\/arcoiris.com.co\/v3\/wp-json\/wp\/v2\/categories?post=21473"},{"taxonomy":"post_tag","embeddable":true,"href":"https:\/\/arcoiris.com.co\/v3\/wp-json\/wp\/v2\/tags?post=21473"}],"curies":[{"name":"wp","href":"https:\/\/api.w.org\/{rel}","templated":true}]}}