{"id":21710,"date":"2017-06-23T14:31:44","date_gmt":"2017-06-23T19:31:44","guid":{"rendered":"https:\/\/arcoiris.com.co\/v3\/?p=21710"},"modified":"2019-08-26T15:06:12","modified_gmt":"2019-08-26T20:06:12","slug":"como-se-desmontan-las-estructuras-sucesoras-del-paramilitarismo","status":"publish","type":"post","link":"https:\/\/arcoiris.com.co\/v3\/2017\/06\/como-se-desmontan-las-estructuras-sucesoras-del-paramilitarismo\/","title":{"rendered":"\u00bfC\u00f3mo se desmontan las estructuras sucesoras del paramilitarismo?"},"content":{"rendered":"<p style=\"text-align: justify;\"><a href=\"https:\/\/arcoiris.com.co\/v3\/wp-content\/uploads\/2017\/06\/Sin-t\u00edtulo.png\"><img loading=\"lazy\" decoding=\"async\" class=\"aligncenter size-large wp-image-21711\" src=\"https:\/\/arcoiris.com.co\/v3\/wp-content\/uploads\/2017\/06\/Sin-t\u00edtulo-640x379.png\" alt=\"\" width=\"620\" height=\"367\" srcset=\"https:\/\/arcoiris.com.co\/v3\/wp-content\/uploads\/2017\/06\/Sin-t\u00edtulo-640x379.png 640w, https:\/\/arcoiris.com.co\/v3\/wp-content\/uploads\/2017\/06\/Sin-t\u00edtulo-300x178.png 300w, https:\/\/arcoiris.com.co\/v3\/wp-content\/uploads\/2017\/06\/Sin-t\u00edtulo-768x455.png 768w, https:\/\/arcoiris.com.co\/v3\/wp-content\/uploads\/2017\/06\/Sin-t\u00edtulo.png 898w\" sizes=\"(max-width: 620px) 100vw, 620px\" \/><\/a><br \/>\nEn pr\u00f3ximos d\u00edas la Corporaci\u00f3n Nuevo Arco Iris \u2013CNAI- publicar\u00e1 la edici\u00f3n N\u00ba 21 de la revista Arcanos. Este N\u00famero contar\u00e1 con el editorial de Henry Cuervo y Julio Arenas, Equipo del Observatorio del Conflicto Armado y el Post-Conflicto (OCAP) de la Organizaci\u00f3n.<\/p>\n<p style=\"text-align: justify;\">A continuaci\u00f3n encuentra una parte de esta editorial y al final puede leer el documento completo en el anexo.<\/p>\n<p style=\"text-align: center;\"><strong>LA ARQUITECTURA JURIDICA \u00a0PARA IMPLEMENTAR EL DESMONTE DE LAS ESTRUCTURAS SUCESORAS DEL PARAMILITARISMO, DECRETADA POR EL GOBIERNO NACIONAL EN CUMPLIMIENTO DEL PUNTO 3.4 DEL ACUERDO PAZ<\/strong><\/p>\n<p style=\"text-align: center;\"><em>\u00bfCon la expedici\u00f3n de los decretos-Ley \u00a0154, 895 y 898 de 2017, dentro de los 180 d\u00edas siguientes a la firma del acuerdo, se atacan por parte del estado las razones estructurales del m\u00e9todo paramilitar o son insuficientes para este fin?<\/em><\/p>\n<p style=\"text-align: justify;\">El an\u00e1lisis sobre c\u00f3mo definir y enfrentar el paramilitarismo como fen\u00f3meno, fue uno de los temas m\u00e1s \u00e1lgidos de debate entre el gobierno y las FARC, en la redacci\u00f3n del acuerdo final, de hecho los ciclos para construir un documento de consenso entre las partes, \u00a0tardo m\u00e1s de un a\u00f1o, en el que se emplearon a fondo las subcomisiones presididas por el general Oscar Naranjo en representaci\u00f3n del gobierno \u00a0Santos y el comandante Pablo Catatumbo por las FARC. Los temas de controversia fueron:<\/p>\n<ul style=\"text-align: justify;\">\n<li>El reconocimiento de la continuidad del fen\u00f3meno del paramilitarismo<\/li>\n<li>La eficiencia y eficacia de las pol\u00edticas de Estado para combatirlo en el pasado, presente y futuro<\/li>\n<li>Las garant\u00edas de su no repetici\u00f3n despu\u00e9s de firmados los acuerdos de paz<\/li>\n<li>El compromiso del estado de extinguir las causas estructurales de este m\u00e9todo criminal en la sociedad Colombiana.<\/li>\n<\/ul>\n<p style=\"text-align: justify;\">Hoy a seis (06) meses de refrendado el \u201cacuerdo final para la terminaci\u00f3n del conflicto y la construcci\u00f3n de una paz estable y duradera\u201d el presidente de la Rep\u00fablica \u00a0expidi\u00f3 los \u00a0Decretos-Ley presidenciales (898 y 895 de 2017), que se suman al decreto 154 de 2017, \u00a0 para dar cumplimiento a lo pactado en el punto 3.4 de dicho acuerdo, por medio de los cuales se reglamenta la \u00a0creaci\u00f3n a la \u201cComisi\u00f3n Nacional de Garant\u00edas de seguridad\u201d, \u00a0se crea la \u201cUnidad Especial para el desmantelamiento de las organizaciones criminales sucesoras del paramilitarismo y sus redes de apoyo\u201d y \u00a0el \u201csistema integral de seguridad para el ejercicio de la pol\u00edtica\u201d.<\/p>\n<p style=\"text-align: justify;\">Esta normatividad se debe configurar como la columna vertebral para solucionar de manera integral la persistencia del paramilitarismo en Colombia y conjurar el peligro que significa para la paz estable y duradera, la continuidad de la violencia pol\u00edtica de car\u00e1cter contrainsurgente contra los movimientos sociales, campesinos y populares que ejercen el leg\u00edtimo derecho a la protesta social y a la oposici\u00f3n pol\u00edtica.<\/p>\n<p style=\"text-align: justify;\">Sin dejar de reconocer el compromiso del presidente Juan Manuel Santos en implementar de la mejor manera el acuerdo de paz, se debe someter a examen el conjunto de la normatividad expedida, para diagnosticar sus alcances en la enorme responsabilidad de extinguir para siempre el fen\u00f3meno del paramilitarismo.<\/p>\n<p style=\"text-align: justify;\">Analicemos en primer lugar el decreto ley, 898\/2017 que da creaci\u00f3n a la \u201cUnidad Especial de Investigaci\u00f3n para el desmantelamiento de las organizaciones y conductas criminales responsables de homicidios y masacres, que atentan contra defensores\/as de derechos humanos, movimientos sociales o movimientos pol\u00edticos o que amenacen o atenten contra las personas que participan en la implementaci\u00f3n de los acuerdos y la consecuci\u00f3n de la paz, incluyendo las organizaciones criminales que hayan sido denominadas como sucesoras del paramilitarismo y sus redes de apoyo\u201d<\/p>\n<p style=\"text-align: justify;\">La creaci\u00f3n de esta instancia \u00a0al interior de la Fiscal\u00eda General de la Naci\u00f3n, debe producir un giro de 180 grados en el papel que este ente de investigaci\u00f3n y persecuci\u00f3n penal ha jugado en la lucha contra el paramilitarismo y sus redes de apoyo.<\/p>\n<p style=\"text-align: justify;\">\u201cDespu\u00e9s de m\u00e1s de diez a\u00f1os de expedida la Ley 975, llamada de Justicia y Paz, una de las principales cr\u00edticas de v\u00edctimas y expertos sigue siendo la incapacidad del aparato judicial para juzgar a militares, pol\u00edticos y empresarios, quienes, sin portar un brazalete de las Autodefensas Unidas de Colombia (Auc), colaboraron con su expansi\u00f3n y financiaron sus cr\u00edmenes\u201d. As\u00ed investigan a financiadores del paramilitarismo, Verdad Abierta.com, mayo 07 de 2016Desde a\u00f1os atr\u00e1s, la labor de la fiscal\u00eda General de la naci\u00f3n ha sido \u00a0fuertemente criticada por las organizaciones de derechos humanos, ante la falta de resultados para dar con los responsables e instigadores de masacres y cr\u00edmenes de activistas de izquierda, reclamantes de tierras y l\u00edderes populares, a lo que se suma los nexos, las relaciones y\/o v\u00ednculos \u00a0de algunos de sus agentes con estructuras ilegales de corte paramilitar. \u00a0Recordemos que desde la fiscal\u00eda de Juan Camilo Osorio, un n\u00famero importante de fiscales, investigadores y funcionarios de la fiscal\u00eda han sido procesados, condenados o implicados por sus nexos con grupos paramilitares o estructuras sucesoras de este tipo de criminalidad.<\/p>\n<p>Ver completa la editorial en:\u00a0<span style=\"color: #008000;\"><em><strong><a href=\"https:\/\/arcoiris.com.co\/v3\/wp-content\/uploads\/2017\/06\/LA-ARQUITECTURA-JURIDICA-PARA-IMPLEMENTAR-EL-DESMONTE-DE-LAS-ESTRUCTURAS-SUCESORAS-DEL-PARAMILITARISMO-DECRETADA-POR-EL-GOBIERNO-NACIONAL-EN-CUMPLIMIENTO-DEL-PUNTO-3.4-DEL-ACUERDO-PAZ.pdf\" target=\"_blank\" rel=\"noopener noreferrer\">LA ARQUITECTURA JURIDICA \u00a0PARA IMPLEMENTAR EL DESMONTE DE LAS ESTRUCTURAS SUCESORAS DEL PARAMILITARISMO, DECRETADA POR EL GOBIERNO NACIONAL EN CUMPLIMIENTO DEL PUNTO 3.4 DEL ACUERDO PAZ<\/a><\/strong><\/em><\/span><\/p>\n","protected":false},"excerpt":{"rendered":"<p>En pr\u00f3ximos d\u00edas la Corporaci\u00f3n Nuevo Arco Iris \u2013CNAI- publicar\u00e1 la edici\u00f3n N\u00ba 21 de la revista Arcanos. Este N\u00famero contar\u00e1 con el editorial de Henry Cuervo y Julio Arenas, Equipo del Observatorio del Conflicto Armado y el Post-Conflicto (OCAP) de la Organizaci\u00f3n. A continuaci\u00f3n encuentra una parte de esta editorial y al final puede [&hellip;]<\/p>\n","protected":false},"author":51,"featured_media":21711,"comment_status":"closed","ping_status":"closed","sticky":false,"template":"","format":"standard","meta":{"_et_pb_use_builder":"","_et_pb_old_content":"","_et_gb_content_width":"","footnotes":""},"categories":[4,16,462,31,21,17,15,20,18],"tags":[],"class_list":["post-21710","post","type-post","status-publish","format-standard","has-post-thumbnail","hentry","category-a-profundidad","category-conflicto-armado","category-destacado","category-documentos","category-justicia","category-paz","category-politica","category-seguridad","category-victimas"],"_links":{"self":[{"href":"https:\/\/arcoiris.com.co\/v3\/wp-json\/wp\/v2\/posts\/21710","targetHints":{"allow":["GET"]}}],"collection":[{"href":"https:\/\/arcoiris.com.co\/v3\/wp-json\/wp\/v2\/posts"}],"about":[{"href":"https:\/\/arcoiris.com.co\/v3\/wp-json\/wp\/v2\/types\/post"}],"author":[{"embeddable":true,"href":"https:\/\/arcoiris.com.co\/v3\/wp-json\/wp\/v2\/users\/51"}],"replies":[{"embeddable":true,"href":"https:\/\/arcoiris.com.co\/v3\/wp-json\/wp\/v2\/comments?post=21710"}],"version-history":[{"count":0,"href":"https:\/\/arcoiris.com.co\/v3\/wp-json\/wp\/v2\/posts\/21710\/revisions"}],"wp:featuredmedia":[{"embeddable":true,"href":"https:\/\/arcoiris.com.co\/v3\/wp-json\/wp\/v2\/media\/21711"}],"wp:attachment":[{"href":"https:\/\/arcoiris.com.co\/v3\/wp-json\/wp\/v2\/media?parent=21710"}],"wp:term":[{"taxonomy":"category","embeddable":true,"href":"https:\/\/arcoiris.com.co\/v3\/wp-json\/wp\/v2\/categories?post=21710"},{"taxonomy":"post_tag","embeddable":true,"href":"https:\/\/arcoiris.com.co\/v3\/wp-json\/wp\/v2\/tags?post=21710"}],"curies":[{"name":"wp","href":"https:\/\/api.w.org\/{rel}","templated":true}]}}