{"id":21888,"date":"2017-07-28T15:46:27","date_gmt":"2017-07-28T20:46:27","guid":{"rendered":"https:\/\/arcoiris.com.co\/v3\/?p=21888"},"modified":"2019-08-26T15:06:06","modified_gmt":"2019-08-26T20:06:06","slug":"arcanos-no-21-la-persistencia-del-paramilitarismo-principal-amenaza-para-la-paz-y-los-ddhh-en-colombia","status":"publish","type":"post","link":"https:\/\/arcoiris.com.co\/v3\/2017\/07\/arcanos-no-21-la-persistencia-del-paramilitarismo-principal-amenaza-para-la-paz-y-los-ddhh-en-colombia\/","title":{"rendered":"Arcanos N\u00ba 21\/ La persistencia del paramilitarismo, principal amenaza para la paz y los DDHH en Colombia"},"content":{"rendered":"<p style=\"text-align: justify;\"><a href=\"https:\/\/arcoiris.com.co\/v3\/wp-content\/uploads\/2017\/07\/portada-1.jpg\"><img loading=\"lazy\" decoding=\"async\" class=\"aligncenter wp-image-21889 size-full\" src=\"https:\/\/arcoiris.com.co\/v3\/wp-content\/uploads\/2017\/07\/portada-1.jpg\" alt=\"\" width=\"1020\" height=\"1320\" srcset=\"https:\/\/arcoiris.com.co\/v3\/wp-content\/uploads\/2017\/07\/portada-1.jpg 657w, https:\/\/arcoiris.com.co\/v3\/wp-content\/uploads\/2017\/07\/portada-1-232x300.jpg 232w, https:\/\/arcoiris.com.co\/v3\/wp-content\/uploads\/2017\/07\/portada-1-768x994.jpg 768w, https:\/\/arcoiris.com.co\/v3\/wp-content\/uploads\/2017\/07\/portada-1-495x640.jpg 495w\" sizes=\"(max-width: 1020px) 100vw, 1020px\" \/><\/a><br \/>\nLa Corporaci\u00f3n Nuevo Arco Iris \u2013CNAI- por medio de uno de sus programas, Observatorio del Conflicto Armado y el Post-Conflicto \u2013OCAP-, hace seguimiento a la confrontaci\u00f3n armada y a las acciones que propugnan por superarla, en direcci\u00f3n al logro de la paz con democracia y respeto por los derechos humanos en Colombia.<\/p>\n<p style=\"text-align: justify;\">El resultado de dicho seguimiento se ve reflejado en las publicaciones que se realizan de forma consecutiva y permanente en este portal web.<\/p>\n<p style=\"text-align: justify;\">En esta ocasi\u00f3n se presenta la \u00faltima edici\u00f3n de la revista Arcanos, la N\u00ba 21, que como ya se ha mencionado en anteriores ocasiones \u201cha sido, desde el nacimiento de la Corporaci\u00f3n Nuevo Arco Iris en 1996, un medio de comunicaci\u00f3n por excelencia para la divulgaci\u00f3n del trabajo de an\u00e1lisis, reflexi\u00f3n e investigaci\u00f3n relacionada con las problem\u00e1ticas sociales, pol\u00edticas y culturales del pa\u00eds\u201d. (Ver <a href=\"https:\/\/arcoiris.com.co\/v3\/2017\/06\/arcanos-no-20-plan-de-desarrollo-bogota-zona-costanera-cordoba-y-glaciares-en-el-mundo\/\" target=\"_blank\" rel=\"noopener noreferrer\"><span style=\"color: #008000;\"><em><strong>Arcanos N\u00ba 20\/ Plan de desarrollo Bogot\u00e1, Zona Costanera C\u00f3rdoba y Glaciares en el mundo<\/strong><\/em><\/span><\/a>).<\/p>\n<p style=\"text-align: justify;\">Arcanos N\u00ba 21 en espec\u00edfico cuenta con la participaci\u00f3n de Fernando Hern\u00e1ndez Valencia, Director Ejecutivo de la Corporaci\u00f3n; Henry Cuervo Castillo y Julio C\u00e9sar Arenas del equipo del OCAP; Albeiro Caro Fern\u00e1ndez, Coordinador Programa Territorio, Paz y Desarrollo y diferentes analistas, expertos, acad\u00e9micos y personalidades, que han hecho el mismo seguimiento que la CNAI a las din\u00e1micas, caracter\u00edsticas y actores que hacen parte del conflicto interno en Colombia, tales como Pedro Valenzuela, director del Departamento de Ciencia Pol\u00edtica de la Universidad Javeriana; Camilo Gonz\u00e1lez Posso, presidente del Instituto de Estudios para el Desarrollo y la Paz \u2013INDEPAZ-; Carlos Medina Gallego, profesor de la Universidad Nacional y especialista en conflicto armado; Pedro Santana Rodr\u00edguez, Investigador de la Corporaci\u00f3n Latinoamericana Sur y Director de la Revista Sur; Germ\u00e1n Ayala Osorio, Universidad Aut\u00f3noma de Occidente y el Movimiento Pol\u00edtico y Social Marcha Patri\u00f3tica.<\/p>\n<p style=\"text-align: justify;\">Esta revista es el producto de diferentes reuniones, encuentros, foros, entre otros, que congregaron a representantes de distintas entidades para hablar del fen\u00f3meno paramilitar como principal obst\u00e1culo en la construcci\u00f3n de una paz estable y duradera:<\/p>\n<ul style=\"text-align: justify;\">\n<li><a href=\"https:\/\/arcoiris.com.co\/v3\/2016\/02\/expertos-se-reunieron-para-hablar-del-paramilitarismo-como-principal-obstaculo-para-fortalecer-la-paz\/\" target=\"_blank\" rel=\"noopener noreferrer\"><span style=\"color: #008000;\"><em><strong>Expertos se reunieron para hablar del Paramilitarismo como principal obst\u00e1culo para fortalecer la paz.<\/strong><\/em><\/span><\/a><\/li>\n<li><a href=\"https:\/\/arcoiris.com.co\/v3\/2016\/02\/el-paramilitarismo-como-principal-obstaculo-para-la-consolidacion-de-la-paz-y-la-democracia-en-colombia\/\" target=\"_blank\" rel=\"noopener noreferrer\"><span style=\"color: #008000;\"><em><strong>El paramilitarismo como principal obst\u00e1culo para la consolidaci\u00f3n de la paz y la democracia en Colombia.<\/strong><\/em><\/span><\/a><\/li>\n<li><a href=\"https:\/\/arcoiris.com.co\/v3\/2016\/02\/pronunciamiento-publico-de-academicos-sobre-el-paramilitarismo\/\" target=\"_blank\" rel=\"noopener noreferrer\"><span style=\"color: #008000;\"><em><strong>Pronunciamiento p\u00fablico de acad\u00e9micos sobre el Paramilitarismo.<\/strong><\/em><\/span><\/a><\/li>\n<li><a href=\"https:\/\/arcoiris.com.co\/v3\/2016\/04\/presidente-santos-es-urgente-el-desmonte-del-paramilitarismo\/\" target=\"_blank\" rel=\"noopener noreferrer\"><span style=\"color: #008000;\"><em><strong>Presidente Santos es urgente el desmonte del paramilitarismo.<\/strong><\/em><\/span><\/a><\/li>\n<li><a href=\"https:\/\/arcoiris.com.co\/v3\/2016\/04\/el-tal-neoparamilitarismo-si-existe\/\" target=\"_blank\" rel=\"noopener noreferrer\"><span style=\"color: #008000;\"><em><strong>El tal Neoparamilitar\u00edsmo s\u00ed existe.<\/strong><\/em><\/span><\/a><\/li>\n<li><a href=\"https:\/\/arcoiris.com.co\/v3\/2016\/10\/acabar-con-el-paramilitarismo-es-dar-via-libre-a-la-democracia-foro-el-reto-de-sacar-las-armas-de-la-politica\/\" target=\"_blank\" rel=\"noopener noreferrer\"><span style=\"color: #008000;\"><em><strong>\u201cAcabar con el paramilitarismo es dar v\u00eda libre a la democracia\u201d -Foro: El reto de sacar las armas de la pol\u00edtica.<\/strong><\/em><\/span><\/a><\/li>\n<li><a href=\"https:\/\/arcoiris.com.co\/v3\/2016\/11\/foro-el-desmonte-de-las-organizaciones-sucesoras-del-paramilitarismo\/\" target=\"_blank\" rel=\"noopener noreferrer\"><span style=\"color: #008000;\"><em><strong>Foro: el desmonte de las organizaciones sucesoras del paramilitarismo.<\/strong><\/em><\/span><\/a><\/li>\n<li><a href=\"https:\/\/arcoiris.com.co\/v3\/2016\/11\/los-ajustes-al-acuerdo-en-el-desmonte-del-paramilitarismo\/\" target=\"_blank\" rel=\"noopener noreferrer\"><span style=\"color: #008000;\"><em><strong>Los ajustes al acuerdo en el desmonte del paramilitarismo.<\/strong><\/em><\/span><\/a><\/li>\n<li><a href=\"https:\/\/arcoiris.com.co\/v3\/2016\/12\/desarticular-el-paramilitarismo-es-el-camino-clave-para-dirigir-el-pais-a-una-paz-estable-y-duradera\/\" target=\"_blank\" rel=\"noopener noreferrer\"><span style=\"color: #008000;\"><em><strong>Desarticular el paramilitarismo es el camino clave para dirigir el pa\u00eds a una paz estable y duradera.<\/strong><\/em><\/span><\/a><\/li>\n<li><a href=\"https:\/\/arcoiris.com.co\/v3\/2016\/12\/el-fenomeno-del-paramilitarismo-no-ha-desaparecido-en-colombia\/\" target=\"_blank\" rel=\"noopener noreferrer\"><span style=\"color: #008000;\"><em><strong>El fen\u00f3meno del paramilitarismo no ha desaparecido en Colombia.<\/strong><\/em><\/span><\/a><\/li>\n<li><a href=\"https:\/\/arcoiris.com.co\/v3\/2016\/12\/no-acabar-con-el-paramilitarismo-es-dirigir-a-colombia-a-una-crisis-humanitaria\/\" target=\"_blank\" rel=\"noopener noreferrer\"><span style=\"color: #008000;\"><em><strong>No acabar con el paramilitarismo es dirigir a Colombia a una crisis humanitaria.<\/strong><\/em><\/span><\/a><\/li>\n<li><a href=\"https:\/\/arcoiris.com.co\/v3\/2017\/01\/hrw-dice-que-los-sucesores-de-paramilitarismo-son-reales\/\" target=\"_blank\" rel=\"noopener noreferrer\"><span style=\"color: #008000;\"><em><strong>HRW dice que los sucesores de paramilitarismo son reales.<\/strong><\/em><\/span><\/a><\/li>\n<li><a href=\"https:\/\/arcoiris.com.co\/v3\/2017\/02\/la-amenaza-del-narcoparamilitarismo\/\" target=\"_blank\" rel=\"noopener noreferrer\"><span style=\"color: #008000;\"><em><strong>La amenaza del narcoparamilitarismo.<\/strong><\/em><\/span><\/a><\/li>\n<\/ul>\n<p style=\"text-align: justify;\">Con base en lo anterior hace un mes se public\u00f3 en nuestro portal web \u201c<a href=\"https:\/\/arcoiris.com.co\/v3\/2017\/06\/como-se-desmontan-las-estructuras-sucesoras-del-paramilitarismo\/\" target=\"_blank\" rel=\"noopener noreferrer\"><span style=\"color: #008000;\"><em><strong>\u00bfC\u00f3mo se desmontan las estructuras sucesoras del paramilitarismo?<\/strong><\/em><\/span><\/a>\u201d, que corresponde a la editorial de esta \u00faltima edici\u00f3n, a cargo de Henry Cuervo y Julio Arenas, en la que se hace inducci\u00f3n a lo que corresponde \u201cLa arquitectura jur\u00eddica para implementar el desmonte de las estructuras sucesoras del paramilitarismo, decretada por el gobierno nacional en cumplimiento del punto 3.4 del acuerdo paz\u201d y en la que se plantea el interrogante: \u00bfCon la expedici\u00f3n de los decretos-Ley 154, 895 y 898 de 2017, dentro de los 180 d\u00edas siguientes a la firma del acuerdo, se atacan por parte del estado las razones estructurales del m\u00e9todo paramilitar o son insuficientes para este fin?. Se expone que el an\u00e1lisis sobre c\u00f3mo definir y enfrentar el paramilitarismo como fen\u00f3meno, fue uno de los temas m\u00e1s \u00e1lgidos de debate entre el gobierno y las FARC, en la redacci\u00f3n del acuerdo final, de hecho los ciclos para construir un documento de consenso entre las partes, tardo m\u00e1s de un a\u00f1o, en el que se emplearon a fondo las subcomisiones presididas por el general Oscar Naranjo en representaci\u00f3n del gobierno Santos y el comandante Pablo Catatumbo por las FARC; planteando una serie de \u201ctemas de controversia\u201d, temas que encontrar\u00e1 a continuaci\u00f3n desarrollados de forma espec\u00edfica.<\/p>\n<p style=\"text-align: justify;\">Ver la revista completa a continuaci\u00f3n:<\/p>\n<div data-configid=\"3692087\/51709211\" style=\"width:525px; height:340px;\" class=\"issuuembed\"><\/div>\n<p><script type=\"text\/javascript\" src=\"\/\/e.issuu.com\/embed.js\" async=\"true\"><\/script><\/p>\n","protected":false},"excerpt":{"rendered":"<p>La Corporaci\u00f3n Nuevo Arco Iris \u2013CNAI- por medio de uno de sus programas, Observatorio del Conflicto Armado y el Post-Conflicto \u2013OCAP-, hace seguimiento a la confrontaci\u00f3n armada y a las acciones que propugnan por superarla, en direcci\u00f3n al logro de la paz con democracia y respeto por los derechos humanos en Colombia. El resultado de [&hellip;]<\/p>\n","protected":false},"author":51,"featured_media":21889,"comment_status":"closed","ping_status":"closed","sticky":false,"template":"","format":"standard","meta":{"_et_pb_use_builder":"","_et_pb_old_content":"","_et_gb_content_width":"","footnotes":""},"categories":[4,44,16,462,21,17,15,20,41,19,18],"tags":[],"class_list":["post-21888","post","type-post","status-publish","format-standard","has-post-thumbnail","hentry","category-a-profundidad","category-arcanos","category-conflicto-armado","category-destacado","category-justicia","category-paz","category-politica","category-seguridad","category-territorio-y-desarrollo","category-tierras","category-victimas"],"_links":{"self":[{"href":"https:\/\/arcoiris.com.co\/v3\/wp-json\/wp\/v2\/posts\/21888","targetHints":{"allow":["GET"]}}],"collection":[{"href":"https:\/\/arcoiris.com.co\/v3\/wp-json\/wp\/v2\/posts"}],"about":[{"href":"https:\/\/arcoiris.com.co\/v3\/wp-json\/wp\/v2\/types\/post"}],"author":[{"embeddable":true,"href":"https:\/\/arcoiris.com.co\/v3\/wp-json\/wp\/v2\/users\/51"}],"replies":[{"embeddable":true,"href":"https:\/\/arcoiris.com.co\/v3\/wp-json\/wp\/v2\/comments?post=21888"}],"version-history":[{"count":0,"href":"https:\/\/arcoiris.com.co\/v3\/wp-json\/wp\/v2\/posts\/21888\/revisions"}],"wp:featuredmedia":[{"embeddable":true,"href":"https:\/\/arcoiris.com.co\/v3\/wp-json\/wp\/v2\/media\/21889"}],"wp:attachment":[{"href":"https:\/\/arcoiris.com.co\/v3\/wp-json\/wp\/v2\/media?parent=21888"}],"wp:term":[{"taxonomy":"category","embeddable":true,"href":"https:\/\/arcoiris.com.co\/v3\/wp-json\/wp\/v2\/categories?post=21888"},{"taxonomy":"post_tag","embeddable":true,"href":"https:\/\/arcoiris.com.co\/v3\/wp-json\/wp\/v2\/tags?post=21888"}],"curies":[{"name":"wp","href":"https:\/\/api.w.org\/{rel}","templated":true}]}}