{"id":21919,"date":"2017-07-31T16:43:49","date_gmt":"2017-07-31T21:43:49","guid":{"rendered":"https:\/\/arcoiris.com.co\/v3\/?p=21919"},"modified":"2019-08-26T15:06:06","modified_gmt":"2019-08-26T20:06:06","slug":"resultado-de-encuesta-lanzamiento-de-programas-de-desarrollo-con-enfoque-territorial-pdet","status":"publish","type":"post","link":"https:\/\/arcoiris.com.co\/v3\/2017\/07\/resultado-de-encuesta-lanzamiento-de-programas-de-desarrollo-con-enfoque-territorial-pdet\/","title":{"rendered":"Resultado de Encuesta: Lanzamiento de Programas de Desarrollo con Enfoque Territorial \u2013PDET-"},"content":{"rendered":"<p style=\"text-align: justify;\">La \u00faltima semana del mes de julio el Gobierno nacional lanz\u00f3 los PDET que corresponden a la figura que \u00abfue creada en el primer punto del Acuerdo de Paz con las FARC y busca que las comunidades construyan junto a las administraciones locales y nacionales una hoja de ruta para mejorar sus condiciones de vida.<\/p>\n<p style=\"text-align: justify;\">\u00abEstos Planes de Desarrollo con Enfoque Territorial se convierten en un instrumento esencial porque la gente tambi\u00e9n dice: \u201cbueno, se silenciaron los fusiles y ahora tambi\u00e9n qu\u00e9 pasa, c\u00f3mo nos va a cambiar la vida, en qu\u00e9 nos va a beneficiar esa paz, porque no es solo una negociaci\u00f3n con la guerrilla\u00bb. Todo lo que estamos haciendo es para todas las comunidades, para que ustedes tengan un mejor futuro\u00bb, dijo el mandatario. (Ver <a href=\"https:\/\/www.radionacional.co\/noticia\/planes-de-desarrollo-enfoque-territorial\/gobierno-lanza-oficialmente-los-programas-de\" target=\"_blank\" rel=\"noopener noreferrer\"><span style=\"color: #ff6600;\"><em><strong>Gobierno lanza oficialmente los Programas de Desarrollo con Enfoque Territorial<\/strong><\/em><\/span><\/a>)<\/p>\n<p style=\"text-align: justify;\">El evento de lanzamiento se llev\u00f3 a cabo en\u00a0Morelia, Caquet\u00e1, en que el presidente Juan Manuel Santos afirm\u00f3 que \u00ab<em>se escogieron 170 municipios que cubren 11.000 veredas y en el proceso van a participar m\u00e1s de 250.000 personas en 5000 reuniones, y varias de ellas ya se han comenzado a realizar. Adem\u00e1s, habr\u00e1 alrededor de 250 resguardos ind\u00edgenas y 300 consejos comunitarios que van a ser instancias de discusi\u00f3n sobre los proyectos a realizar<\/em>\u00ab.<\/p>\n<p style=\"text-align: justify;\">Revista Semana realiz\u00f3 un balance general de los puntos clave de estos programas y los retos que hay.<\/p>\n<p style=\"text-align: justify;\"><strong>Puntos clave<\/strong>:<\/p>\n<ol style=\"text-align: justify;\">\n<li>La participaci\u00f3n. Por primera vez los campesinos de las veredas definir\u00e1n el tipo de desarrollo para sus regiones en asambleas.<\/li>\n<li>La coincidencia con la apertura democr\u00e1tica. Las 16 zonas de PDET coinciden con las 16 circunscripciones especiales de paz que est\u00e1n haciendo tr\u00e1mite en el Congreso.<\/li>\n<li>Son de largo plazo. Los PDET est\u00e1n dise\u00f1ados para diez a\u00f1os.<\/li>\n<li>La integralidad. Estos programas forman parte de la reforma rural integral que se aplicar\u00e1 en todo el pa\u00eds y que implica que todas las instituciones nacionales, regionales y locales se integren en un solo esfuerzo.<\/li>\n<li>El enfoque territorial de reconciliaci\u00f3n. Estos programas no ser\u00e1n homog\u00e9neos porque los territorios no lo son. Es probable que cada regi\u00f3n adopte prioridades y esquemas de acuerdo con su realidad, bien porque haya por ejemplo comunidades \u00e9tnicas o presencia de grandes industrias, seg\u00fan el caso.<\/li>\n<\/ol>\n<p style=\"text-align: justify;\"><strong>Retos<\/strong>:<\/p>\n<ol style=\"text-align: justify;\">\n<li>La din\u00e1mica pol\u00edtica. Los PDET se lanzan en plena campa\u00f1a electoral y en plena disputa por las curules especiales.<\/li>\n<li>La falta de plata. La reforma rural integral pactada en La Habana abarcar\u00e1 a todo el pa\u00eds y necesitar\u00e1 5 billones de pesos anuales por los pr\u00f3ximos 20 a\u00f1os. Una parte de estos recursos deber\u00eda ir para los PDET.<\/li>\n<li>El acecho de los ilegales. En algunas regiones estos programas empezar\u00e1n cuesta arriba en materia de seguridad.<\/li>\n<li>La lentitud y complejidad del Estado. Aunque en una d\u00e9cada se puede avanzar, esto solo ser\u00e1 posible si el Estado act\u00faa eficientemente. Como se vio en el proceso para construir los campamentos para la dejaci\u00f3n de armas de las Farc, eso no siempre es as\u00ed.<\/li>\n<li>El cambio de gobierno. En los meses que quedan del gobierno se dise\u00f1ar\u00e1n los PDET en una compleja operaci\u00f3n que involucrar\u00e1 a 11.000 veredas, 305 consejos comunitarios afro, 452 resguardos ind\u00edgenas y 6 zonas de reserva campesina&#8230; Sin embargo, en t\u00e9rminos pr\u00e1cticos, al gobierno de Santos le alcanzar\u00e1 el tiempo solo para dejar medianamente dise\u00f1ados los PDET, pero su ejecuci\u00f3n y financiamiento van a depender del pr\u00f3ximo gobierno.<\/li>\n<\/ol>\n<p style=\"text-align: justify;\">El portal plantea lo siguiente: <em>\u201c\u2026 el gobierno lanza los Programas de Desarrollo con Enfoque Territorial, que deben sacar de la marginalidad a los campesinos de 170 municipios en las pr\u00f3ximas dos d\u00e9cadas. \u00bfMisi\u00f3n posible?\u201d<\/em> (Ver <a href=\"http:\/\/www.semana.com\/nacion\/articulo\/gobierno-lanza-programas-de-desarrollo-con-enfoque-territorial\/533356\" target=\"_blank\" rel=\"noopener noreferrer\"><span style=\"color: #ff0000;\"><em><strong>Colombia y el reto de ir por los territorios olvidados<\/strong><\/em><\/span><\/a>)<\/p>\n<p style=\"text-align: justify;\">Con base en ello se realiz\u00f3 la encuesta semanal obteniendo los siguientes resultados:<\/p>\n<p style=\"text-align: justify;\">[poll id=\u00bb103&#8243;]\n<p style=\"text-align: justify;\">Los invitamos a seguir participando de la encuesta virtual que cambia cada lunes y que la encuentran en la parte superior del lateral izquierdo.<\/p>\n<p style=\"text-align: justify;\">Gracias por votar.<\/p>\n","protected":false},"excerpt":{"rendered":"<p>La \u00faltima semana del mes de julio el Gobierno nacional lanz\u00f3 los PDET que corresponden a la figura que \u00abfue creada en el primer punto del Acuerdo de Paz con las FARC y busca que las comunidades construyan junto a las administraciones locales y nacionales una hoja de ruta para mejorar sus condiciones de vida. [&hellip;]<\/p>\n","protected":false},"author":51,"featured_media":0,"comment_status":"closed","ping_status":"closed","sticky":false,"template":"","format":"standard","meta":{"_et_pb_use_builder":"","_et_pb_old_content":"","_et_gb_content_width":"","footnotes":""},"categories":[462,626,3,17,28,41,19],"tags":[],"class_list":["post-21919","post","type-post","status-publish","format-standard","hentry","category-destacado","category-encuesta-semanal","category-pais","category-paz","category-regiones","category-territorio-y-desarrollo","category-tierras"],"_links":{"self":[{"href":"https:\/\/arcoiris.com.co\/v3\/wp-json\/wp\/v2\/posts\/21919","targetHints":{"allow":["GET"]}}],"collection":[{"href":"https:\/\/arcoiris.com.co\/v3\/wp-json\/wp\/v2\/posts"}],"about":[{"href":"https:\/\/arcoiris.com.co\/v3\/wp-json\/wp\/v2\/types\/post"}],"author":[{"embeddable":true,"href":"https:\/\/arcoiris.com.co\/v3\/wp-json\/wp\/v2\/users\/51"}],"replies":[{"embeddable":true,"href":"https:\/\/arcoiris.com.co\/v3\/wp-json\/wp\/v2\/comments?post=21919"}],"version-history":[{"count":0,"href":"https:\/\/arcoiris.com.co\/v3\/wp-json\/wp\/v2\/posts\/21919\/revisions"}],"wp:attachment":[{"href":"https:\/\/arcoiris.com.co\/v3\/wp-json\/wp\/v2\/media?parent=21919"}],"wp:term":[{"taxonomy":"category","embeddable":true,"href":"https:\/\/arcoiris.com.co\/v3\/wp-json\/wp\/v2\/categories?post=21919"},{"taxonomy":"post_tag","embeddable":true,"href":"https:\/\/arcoiris.com.co\/v3\/wp-json\/wp\/v2\/tags?post=21919"}],"curies":[{"name":"wp","href":"https:\/\/api.w.org\/{rel}","templated":true}]}}