{"id":21933,"date":"2017-08-03T16:45:02","date_gmt":"2017-08-03T21:45:02","guid":{"rendered":"https:\/\/arcoiris.com.co\/v3\/?p=21933"},"modified":"2019-08-26T15:06:06","modified_gmt":"2019-08-26T20:06:06","slug":"resguardo-indigena-del-sande-protege-su-territorio-de-la-exploracion-minera","status":"publish","type":"post","link":"https:\/\/arcoiris.com.co\/v3\/2017\/08\/resguardo-indigena-del-sande-protege-su-territorio-de-la-exploracion-minera\/","title":{"rendered":"Resguardo Ind\u00edgena del Sande protege su territorio de la exploraci\u00f3n minera"},"content":{"rendered":"<p style=\"text-align: justify;\"><a href=\"https:\/\/arcoiris.com.co\/v3\/wp-content\/uploads\/2016\/02\/11891054_1688423044728130_4008938593074284263_n.jpg\"><img loading=\"lazy\" decoding=\"async\" class=\"aligncenter size-full wp-image-18621\" src=\"https:\/\/arcoiris.com.co\/v3\/wp-content\/uploads\/2016\/02\/11891054_1688423044728130_4008938593074284263_n.jpg\" alt=\"\" width=\"385\" height=\"355\" srcset=\"https:\/\/arcoiris.com.co\/v3\/wp-content\/uploads\/2016\/02\/11891054_1688423044728130_4008938593074284263_n.jpg 385w, https:\/\/arcoiris.com.co\/v3\/wp-content\/uploads\/2016\/02\/11891054_1688423044728130_4008938593074284263_n-300x277.jpg 300w\" sizes=\"(max-width: 385px) 100vw, 385px\" \/><\/a><br \/>\nEn los \u00faltimos d\u00edas del mes de julio la Asociaci\u00f3n de Autoridades Tradicionales y Cabildos Ind\u00edgenas AW\u00c1 emiti\u00f3 un comunicado en el que manifiestan su \u201capoyo al resguardo ind\u00edgena del Sande\u201d manifestando de igual forma que \u201cla autonom\u00eda de los pueblos ind\u00edgenas se respeta\u201d.<\/p>\n<p style=\"text-align: justify;\">Dicho comunicado es emitido luego de que algunas personas \u201cadelantaran exploraciones mineras dentro del territorio ancestral\u201d, personas que la misma comunidad califica como ambiciosas de dinero y codiciosas.<\/p>\n<p style=\"text-align: justify;\">El comunicado dice:<\/p>\n<p style=\"text-align: justify;\"><em>La unidad ind\u00edgena del Pueblo Aw\u00e1 &#8211; UNIPA exalta la labor realizada en el marco de la Autonom\u00eda de los pueblo ind\u00edgenas al resguardo del Sande, ubicado entre los municipios de Santa Cruz de Guachavez y el municipio de Ricaurte &#8211; Nari\u00f1o, quienes en compa\u00f1\u00eda de autoridades y guardia ind\u00edgena evitaron que personas ajenas a las tradiciones propias, adelantaran exploraciones mineras dentro del territorio ancestral.<\/em><\/p>\n<p style=\"text-align: justify;\"><em>La tan anhelada paz por la que el pueblo Colombia clama y que muchas veces se ve tan cercana y lejana a la vez, se ve empa\u00f1ada por este tipo de acciones que personas ambiciosas de dinero realizan, la miner\u00eda legal e ilegal a gran escala se est\u00e1 convirtiendo en un inconveniente de proporciones may\u00fasculas para los pueblos Ind\u00edgenas, la codicia con que llegan a explotar nuestros recursos naturales sin ninguna autorizaci\u00f3n ni concertaci\u00f3n, est\u00e1 destruyendo el territorio que nuestros ancestros nos dejaron para que lo protejamos, es por eso que el llamado a todas las autoridades ind\u00edgenas es de defender el territorio de quienes quieren destruirlo.<\/em><\/p>\n<p style=\"text-align: justify;\"><em>Actos de defensa territorial como las que adelant\u00f3 el Resguardo Ind\u00edgena del Sande hace que nos sentamos orgullosos de ser ind\u00edgenas y de pensar que todas las actividades en nombre de nuestra autonom\u00eda vale la pena levantamos un grito de solidaridad y les recordamos que cuentan con nuestro apoyo frente a cualquier decisi\u00f3n que tomen en pro de la defensa del territorio ancestral Aw\u00e1.<\/em><\/p>\n<p style=\"text-align: justify;\"><em>Hacemos un llamado al Gobierno Nacional y sus entidades que promueven la explotaci\u00f3n de recursos naturales, a todas las empresas mineras legales e ilegales, adem\u00e1s de terceros que piensen extraer recursos naturales dentro de nuestro territorio, que desistan de esas ideas, desde hace ya m\u00e1s de dos d\u00e9cadas que venimos caminando en aras de defender la Unidad, el territorio, la cultura y nuestra autonom\u00eda.<\/em><\/p>\n<p style=\"text-align: center;\"><em>ASOCIACI\u00d3N DE AUTORIDADES TRADICIONALES Y CABILDOS IND\u00cdGENAS AW\u00c1<\/em><\/p>\n","protected":false},"excerpt":{"rendered":"<p>En los \u00faltimos d\u00edas del mes de julio la Asociaci\u00f3n de Autoridades Tradicionales y Cabildos Ind\u00edgenas AW\u00c1 emiti\u00f3 un comunicado en el que manifiestan su \u201capoyo al resguardo ind\u00edgena del Sande\u201d manifestando de igual forma que \u201cla autonom\u00eda de los pueblos ind\u00edgenas se respeta\u201d. Dicho comunicado es emitido luego de que algunas personas \u201cadelantaran exploraciones [&hellip;]<\/p>\n","protected":false},"author":51,"featured_media":18621,"comment_status":"closed","ping_status":"closed","sticky":false,"template":"","format":"standard","meta":{"_et_pb_use_builder":"","_et_pb_old_content":"","_et_gb_content_width":"","footnotes":""},"categories":[462,21,3,28,19,18],"tags":[],"class_list":["post-21933","post","type-post","status-publish","format-standard","has-post-thumbnail","hentry","category-destacado","category-justicia","category-pais","category-regiones","category-tierras","category-victimas"],"_links":{"self":[{"href":"https:\/\/arcoiris.com.co\/v3\/wp-json\/wp\/v2\/posts\/21933","targetHints":{"allow":["GET"]}}],"collection":[{"href":"https:\/\/arcoiris.com.co\/v3\/wp-json\/wp\/v2\/posts"}],"about":[{"href":"https:\/\/arcoiris.com.co\/v3\/wp-json\/wp\/v2\/types\/post"}],"author":[{"embeddable":true,"href":"https:\/\/arcoiris.com.co\/v3\/wp-json\/wp\/v2\/users\/51"}],"replies":[{"embeddable":true,"href":"https:\/\/arcoiris.com.co\/v3\/wp-json\/wp\/v2\/comments?post=21933"}],"version-history":[{"count":0,"href":"https:\/\/arcoiris.com.co\/v3\/wp-json\/wp\/v2\/posts\/21933\/revisions"}],"wp:featuredmedia":[{"embeddable":true,"href":"https:\/\/arcoiris.com.co\/v3\/wp-json\/wp\/v2\/media\/18621"}],"wp:attachment":[{"href":"https:\/\/arcoiris.com.co\/v3\/wp-json\/wp\/v2\/media?parent=21933"}],"wp:term":[{"taxonomy":"category","embeddable":true,"href":"https:\/\/arcoiris.com.co\/v3\/wp-json\/wp\/v2\/categories?post=21933"},{"taxonomy":"post_tag","embeddable":true,"href":"https:\/\/arcoiris.com.co\/v3\/wp-json\/wp\/v2\/tags?post=21933"}],"curies":[{"name":"wp","href":"https:\/\/api.w.org\/{rel}","templated":true}]}}