{"id":21938,"date":"2017-08-04T15:23:36","date_gmt":"2017-08-04T20:23:36","guid":{"rendered":"https:\/\/arcoiris.com.co\/v3\/?p=21938"},"modified":"2019-08-26T15:06:05","modified_gmt":"2019-08-26T20:06:05","slug":"justicia-comunitaria","status":"publish","type":"post","link":"https:\/\/arcoiris.com.co\/v3\/2017\/08\/justicia-comunitaria\/","title":{"rendered":"Justicia Comunitaria"},"content":{"rendered":"<div id=\"attachment_21939\" style=\"width: 710px\" class=\"wp-caption aligncenter\"><a href=\"https:\/\/arcoiris.com.co\/v3\/wp-content\/uploads\/2017\/08\/AgenciaUN_0419_1_14.jpg\"><img loading=\"lazy\" decoding=\"async\" aria-describedby=\"caption-attachment-21939\" class=\"size-full wp-image-21939\" src=\"https:\/\/arcoiris.com.co\/v3\/wp-content\/uploads\/2017\/08\/AgenciaUN_0419_1_14.jpg\" alt=\"\" width=\"700\" height=\"465\" srcset=\"https:\/\/arcoiris.com.co\/v3\/wp-content\/uploads\/2017\/08\/AgenciaUN_0419_1_14.jpg 700w, https:\/\/arcoiris.com.co\/v3\/wp-content\/uploads\/2017\/08\/AgenciaUN_0419_1_14-300x199.jpg 300w, https:\/\/arcoiris.com.co\/v3\/wp-content\/uploads\/2017\/08\/AgenciaUN_0419_1_14-640x425.jpg 640w\" sizes=\"(max-width: 700px) 100vw, 700px\" \/><\/a><p id=\"caption-attachment-21939\" class=\"wp-caption-text\">Foto: V\u00edctor Manuel Holgu\u00edn\/Unimedios\/El programa de justicia comunitaria pretende reunir a diferentes actores sociales, para reformular estrategias claves para la b\u00fasqueda de la paz, la convivencia y la seguridad en Bogot\u00e1.<\/p><\/div>\n<p style=\"text-align: justify;\">Desde antes de que se diera la crisis conflicto armado en Colombia, las comunidades alejadas y olvidadas del Estado, no pod\u00edan acceder a la justicia. Por esta raz\u00f3n, instauraron diferentes mecanismos de justicia alternativos de soluci\u00f3n de conflictos que se plantean en la actualidad frente al sistema tradicional de impartir justicia. Por medio de este sistema, los l\u00edderes sociales de las comunidades realizan de mediadores en los conflictos como una herramienta que restablece la comunicaci\u00f3n entre quienes se han distanciado por conflictos. (L\u00f3pez, Santamar\u00eda, Ardila, Torres, Ruiz, San\u00edn, Jaramillo, Rold\u00e1n, Ceballos, Correa, 2000, Justicia Comunitaria y Jueves de Paz LAS T\u00c9CNICAS DE LA PACIENCIA, Medell\u00edn, Colombia, Corporaci\u00f3n Regi\u00f3n)<\/p>\n<p style=\"text-align: justify;\">\u201cLos fusiles no son la forma de buscar justicia\u201d afirma Gerardo Sarmiento, miembro de la Alta Consejer\u00eda para el Postconflicto (ACP) quien manifiesta que las juntas de acci\u00f3n comunal son un mecanismo que se est\u00e1 reglamentando y es all\u00ed donde aparece el comit\u00e9 de conciliaci\u00f3n y convivencia que hace parte del desarrollo comunitario para la soluci\u00f3n de conflictos.<\/p>\n<p style=\"text-align: justify;\">Cabe agregar que los conflictos pueden ser mediados y solucionados de una manera amplia, por eso es importante fortalecer los jueces de paz. Pero en el caso de delitos graves, como el hurto, la comunidad no puede mediar, debe pasar por la justicia ordinaria. Por eso es importante que el Estado genere confianza, para que las comunidades crean en los mecanismos de justicia.<\/p>\n<p style=\"text-align: justify;\"><a href=\"http:\/\/www.elespectador.com\/noticias\/judicial\/victimarios-y-victimas-le-apuestan-resolver-conflictos-articulo-546437\" target=\"_blank\" rel=\"noopener noreferrer\"><span style=\"color: #ff0000;\"><em><strong>Victimarios y v\u00edctimas le apuestan a resolver conflictos<\/strong><\/em><\/span><\/a><\/p>\n<p style=\"text-align: justify;\">Hilda Molano, coordinadora t\u00e9cnica de la coalici\u00f3n contra la vinculaci\u00f3n de ni\u00f1as, ni\u00f1os y j\u00f3venes al conflicto armado (Coalico) explica que la justicia comunitaria es una herramienta que puede facilitar para la resoluci\u00f3n pac\u00edfica de conflictos, teniendo en cuenta las caracter\u00edsticas propias de cada comunidad, para generar sus propias soluciones o acudir a las instituciones.<\/p>\n<p style=\"text-align: justify;\">Por medio de la justicia comunitaria, se puede llegar de forma oportuna y r\u00e1pida a solucionar conflictos, lo que le permite a la comunidad superar y aprender de sus problemas. Estos sistemas de justicia, son un ejercicio de independencia de las comunidades, que promueve la resoluci\u00f3n de conflictos de forma pac\u00edfica.<\/p>\n<p style=\"text-align: justify;\"><a href=\"http:\/\/agenciadenoticias.unal.edu.co\/detalle\/article\/justicia-comunitaria-como-herramienta-de-tejido-social.html\" target=\"_blank\" rel=\"noopener noreferrer\"><span style=\"color: #808080;\"><em><strong>Justicia comunitaria como herramienta de tejido social<\/strong><\/em><\/span><\/a><\/p>\n<p style=\"text-align: justify;\">\u201cLas juntas de acci\u00f3n comunal son Alcald\u00edas peque\u00f1as\u201d reafirma Jos\u00e9 P\u00e1ez coordinador de Bol\u00edvar, el cual manifiesta que la justicia comunitaria ha estado liderada por organizaciones campesinas que promueven la resoluci\u00f3n de conflictos, procesos de construcci\u00f3n de paz para fomentar el di\u00e1logo y los derechos humanos.<\/p>\n<p style=\"text-align: justify;\">Las juntas de acci\u00f3n comunal hacen tr\u00e1mites de soluci\u00f3n de conflictos, pero necesitan el respaldo del Gobierno, porque han estado captados por varios a\u00f1os por grupos armados, por lo tanto el Estado debe garantizar justicia, seguridad y el cumplimiento de los derechos la sociedad.<\/p>\n<p style=\"text-align: justify;\">Patricia Mej\u00eda, coordinadora territorial del Cauca, resalta el trabajo con las juntas de acci\u00f3n comunal, pues a trav\u00e9s de sus comit\u00e9s de conciliaci\u00f3n y convivencia han manejado los conflictos de la sociedad y las organizaciones. A pesar de que hay dificultades para acceder a la justicia, por la poca presencia del Estado y la tramitolog\u00eda, hay disposici\u00f3n de la comunidad para acceder a los mecanismos de justicia.<\/p>\n<p style=\"text-align: justify;\">Redacci\u00f3n:<br \/>\n<a href=\"http:\/\/www.justapaz.org\/index.php\/es-es\/multimedia\/noticias\/noticias-3\/519-justicia-comunitaria\" target=\"_blank\" rel=\"noopener noreferrer\"><span style=\"color: #008000;\"><em><strong>Michelle Silva C.<\/strong><\/em><\/span><\/a><br \/>\n<a href=\"http:\/\/www.justapaz.org\/index.php\/es-es\/multimedia\/noticias\/noticias-3\/519-justicia-comunitaria\" target=\"_blank\" rel=\"noopener noreferrer\"><span style=\"color: #008000;\"><em><strong>Comunicaciones Justapaz<\/strong><\/em><\/span><\/a><\/p>\n<p style=\"text-align: justify;\">***<br \/>\nEste y todos los programas son re-transmitidos en Caucasia, Facatativ\u00e1, Pasto, Cali, Bogot\u00e1, Puerto Wilches y en los departamentos de Boyac\u00e1, Magdalena, Caldas, Sucre, Choc\u00f3, Antioquia, Cundinamarca, Bol\u00edvar y Caquet\u00e1.<\/p>\n<p style=\"text-align: justify;\">Para conocer todos los pronunciamientos, escuche el programa completo a continuaci\u00f3n. Para participar en cada transmisi\u00f3n, puede hacerlo por medio de las redes sociales. La cuenta oficial en Twitter del programa es @SintonizateCP y las cuentas aliadas al programa son @NuevoARC, @justapaz_col, @Redprodepaz, @UniminutoRadio, @fablp76 y @EscenarioUSTA, tambi\u00e9n puede escribir al correo electr\u00f3nico programasintonizate@gmail.com.<\/p>\n<p style=\"text-align: justify;\">Recuerde sintonizarnos todos los mi\u00e9rcoles de 9:00 A.M a 10:00 A.M en vivo por\u00a0\u00a0<a href=\"http:\/\/escenario.usta.edu.co\/index.php\/nuestros-programas\/100-programas\/220-sintonizate-con-la-paz\" target=\"_blank\" rel=\"noopener noreferrer\"><em><strong>Escenario Radio<\/strong><\/em><\/a><\/p>\n<p style=\"text-align: justify;\"><iframe loading=\"lazy\" src=\"https:\/\/w.soundcloud.com\/player\/?url=https%3A\/\/api.soundcloud.com\/tracks\/334936654&amp;color=ff5500&amp;auto_play=false&amp;hide_related=false&amp;show_comments=true&amp;show_user=true&amp;show_reposts=false\" width=\"100%\" height=\"166\" frameborder=\"no\" scrolling=\"no\"><\/iframe><\/p>\n","protected":false},"excerpt":{"rendered":"<p>Desde antes de que se diera la crisis conflicto armado en Colombia, las comunidades alejadas y olvidadas del Estado, no pod\u00edan acceder a la justicia. Por esta raz\u00f3n, instauraron diferentes mecanismos de justicia alternativos de soluci\u00f3n de conflictos que se plantean en la actualidad frente al sistema tradicional de impartir justicia. Por medio de este [&hellip;]<\/p>\n","protected":false},"author":51,"featured_media":21939,"comment_status":"closed","ping_status":"closed","sticky":false,"template":"","format":"standard","meta":{"_et_pb_use_builder":"","_et_pb_old_content":"","_et_gb_content_width":"","footnotes":""},"categories":[6,462,21,3,15,28,20,465,41,18],"tags":[],"class_list":["post-21938","post","type-post","status-publish","format-standard","has-post-thumbnail","hentry","category-archivo-audiovisual","category-destacado","category-justicia","category-pais","category-politica","category-regiones","category-seguridad","category-sintonizate-con-la-paz","category-territorio-y-desarrollo","category-victimas"],"_links":{"self":[{"href":"https:\/\/arcoiris.com.co\/v3\/wp-json\/wp\/v2\/posts\/21938","targetHints":{"allow":["GET"]}}],"collection":[{"href":"https:\/\/arcoiris.com.co\/v3\/wp-json\/wp\/v2\/posts"}],"about":[{"href":"https:\/\/arcoiris.com.co\/v3\/wp-json\/wp\/v2\/types\/post"}],"author":[{"embeddable":true,"href":"https:\/\/arcoiris.com.co\/v3\/wp-json\/wp\/v2\/users\/51"}],"replies":[{"embeddable":true,"href":"https:\/\/arcoiris.com.co\/v3\/wp-json\/wp\/v2\/comments?post=21938"}],"version-history":[{"count":0,"href":"https:\/\/arcoiris.com.co\/v3\/wp-json\/wp\/v2\/posts\/21938\/revisions"}],"wp:featuredmedia":[{"embeddable":true,"href":"https:\/\/arcoiris.com.co\/v3\/wp-json\/wp\/v2\/media\/21939"}],"wp:attachment":[{"href":"https:\/\/arcoiris.com.co\/v3\/wp-json\/wp\/v2\/media?parent=21938"}],"wp:term":[{"taxonomy":"category","embeddable":true,"href":"https:\/\/arcoiris.com.co\/v3\/wp-json\/wp\/v2\/categories?post=21938"},{"taxonomy":"post_tag","embeddable":true,"href":"https:\/\/arcoiris.com.co\/v3\/wp-json\/wp\/v2\/tags?post=21938"}],"curies":[{"name":"wp","href":"https:\/\/api.w.org\/{rel}","templated":true}]}}