{"id":21950,"date":"2017-08-04T15:59:38","date_gmt":"2017-08-04T20:59:38","guid":{"rendered":"https:\/\/arcoiris.com.co\/v3\/?p=21950"},"modified":"2019-08-26T15:06:05","modified_gmt":"2019-08-26T20:06:05","slug":"cahucopana-se-solidariza-con-los-mineros-urbanos-del-nordeste-antioqueno","status":"publish","type":"post","link":"https:\/\/arcoiris.com.co\/v3\/2017\/08\/cahucopana-se-solidariza-con-los-mineros-urbanos-del-nordeste-antioqueno\/","title":{"rendered":"Cahucopana se solidariza con los mineros urbanos del Nordeste Antioque\u00f1o"},"content":{"rendered":"<p style=\"text-align: justify;\"><a href=\"https:\/\/arcoiris.com.co\/v3\/wp-content\/uploads\/2017\/08\/banercahuco.jpg\"><img loading=\"lazy\" decoding=\"async\" class=\"aligncenter size-full wp-image-21951\" src=\"https:\/\/arcoiris.com.co\/v3\/wp-content\/uploads\/2017\/08\/banercahuco.jpg\" alt=\"\" width=\"759\" height=\"146\" srcset=\"https:\/\/arcoiris.com.co\/v3\/wp-content\/uploads\/2017\/08\/banercahuco.jpg 759w, https:\/\/arcoiris.com.co\/v3\/wp-content\/uploads\/2017\/08\/banercahuco-300x58.jpg 300w, https:\/\/arcoiris.com.co\/v3\/wp-content\/uploads\/2017\/08\/banercahuco-640x123.jpg 640w\" sizes=\"(max-width: 759px) 100vw, 759px\" \/><\/a><br \/>\n\u00abDesde el pasado 21 de julio, doce mil personas entre los que se encuentran campesinos,\u00a0mineros, ind\u00edgenas y familias que subsisten de la extracci\u00f3n minera de la regi\u00f3n, dieron\u00a0inicio a un paro convocado por la Mesa Minera de car\u00e1cter indefinido y pac\u00edfico, con el\u00a0objetivo de exigir garant\u00edas y condiciones a los peque\u00f1os mineros que, ante los permisos\u00a0ya otorgados, con t\u00edtulos mineros a la multinacional, han sido advertidos que en pr\u00f3ximos\u00a0meses, bajo amparos administrativos, ser\u00e1n cerradas las minas y entables de los dos\u00a0municipios que no tengan los permisos para trabajar\u00bb.<\/p>\n<p style=\"text-align: justify;\">Dicha informaci\u00f3n es emitida por medio de un comunicado, este mi\u00e9rcoles 2 de octubre, en el que\u00a0la Corporaci\u00f3n Acci\u00f3n Humanitaria por la Convivencia y la Paz del Nordeste Antioque\u00f1o -Cahucopana-, que acompa\u00f1a las comunidades mineras y campesinas de los municipios de Remedios y Segovia, \u201crechaza enf\u00e1ticamente el tratamiento dado por la fuerza p\u00fablica a los manifestantes que llevan 12 d\u00edas en cese de actividades en dichos municipios y se solidariza con las justas reivindicaciones de los mineros urbanos organizados en la Mesa Minera\u201d.<\/p>\n<p style=\"text-align: justify;\">La Corporaci\u00f3n hace un breve recuento de los casos en que la fuerza p\u00fablica ha llevado a cabo actividades que atentan contra la comunidad, \u201cen el mes de marzo del presente a\u00f1o, la fuerza p\u00fablica realiz\u00f3 una serie de operativos en las veredas Lejan\u00edas y Ojos Claros, jurisdicci\u00f3n del municipio de Remedios, con la supuesta excusa de querer desmantelar las finanzas de los grupos insurgentes, acciones que dejaron como resultado varias detenciones arbitrarias, la quema de tres retroexcavadoras y quince dragas, adem\u00e1s de una serie de allanamientos de viviendas sin orden judicial y m\u00e1s de un centenar de familias sin sustento econ\u00f3mico. Estos hechos conllevaron a que la comunidad se declarara en un plant\u00f3n permanente, donde, como Corporaci\u00f3n insistimos en la construcci\u00f3n de una ruta, una pol\u00edtica p\u00fablica para la formalizaci\u00f3n de la explotaci\u00f3n de peque\u00f1a miner\u00eda que se practica en la regi\u00f3n, solicitudes que a la fecha no han tenido ninguna soluci\u00f3n por parte de las autoridades departamentales ni municipales\u201d, se menciona en el comunicado.<\/p>\n<p style=\"text-align: justify;\">Cabe resaltar que\u00a0el Gobernador de Antioquia Luis P\u00e9rez inform\u00f3, el d\u00eda martes 1 de agosto, \u00abde la movilizaci\u00f3n de\u00a0500 hombres entre polic\u00edas y Ej\u00e9rcito, cuatro unidades del Escuadr\u00f3n M\u00f3vil Anti Disturbios \u2013 ESMAD, 240 uniformados de prevenci\u00f3n, toques de queda, en medio de se\u00f1alamientos a los dirigentes de la protesta y la vinculaci\u00f3n de la misma a actores armados ilegales\u00bb, motivo por el que \u00ablas comunidades de las zonas rurales de las veredas: Rancho Quemado, de la vereda el Carmen, Carrizal, Altos de Manilas y Mina Nueva de la vereda Panam\u00e1 Nueve del municipio de Remedios y los ind\u00edgenas del Resguardo Tagual la P\u00f3 (Segovia) se solidarizaron manifestando su vinculaci\u00f3n al paro por decisi\u00f3n aut\u00f3noma\u00bb.<\/p>\n<p style=\"text-align: justify;\">El documento expone que \u00abla informaci\u00f3n de la Mesa Minera confirma que se gener\u00f3 por parte de la fuerza p\u00fablica un exceso de la fuerza ya que en medio de la manifestaci\u00f3n hubo uso de armas de fuego; denuncian la infracci\u00f3n al Derecho Internacional Humanitario por parte de los agentes del ESMAD quienes se metieron de manera arbitraria en el Hospital San Juan de Dios en Segovia, desde donde lanzaban gases lacrim\u00f3genos y hac\u00edan disparos hacia los manifestantes; as\u00ed mismo la violaci\u00f3n a los derechos humanos, entre ellos los de los ni\u00f1os que quedaron atrapados en medio de gases lacrim\u00f3genos en el colegio Ignacio Yepes Yepes de Remedios\u00bb.<\/p>\n<p style=\"text-align: justify;\">Por todo lo anterior\u00a0Cahucopana\u00a0hace un llamado al di\u00e1logo y la concertaci\u00f3n entre las autoridades departamentales y municipales, los manifestantes y representantes de la empresa para llegar a acuerdos respetando los derechos laborales de los mineros y los derechos humanos de las comunidades; adem\u00e1s de ello, exigen el respeto por parte de la fuerza p\u00fablica frente al uso desmedido dado a los manifestantes, recordando su deber de mantener el orden sin violar los derechos humanos ni infringir el Derecho Internacional Humanitario.<\/p>\n<p style=\"text-align: justify;\">CAHUCOPANA, convoca a la comunidad nacional e Internacional, a las organizaciones defensoras de Derechos Humanos y a la comunidad en general, para estar atentos, acompa\u00f1ar y denunciar de manera permanente y oportuna, los graves atropellos de que est\u00e1n siendo objeto las comunidades mineras de Remedios y Segovia.<\/p>\n<p style=\"text-align: justify;\">Ver\u00a0<span style=\"color: #008000;\"><em><strong><a href=\"https:\/\/arcoiris.com.co\/v3\/wp-content\/uploads\/2017\/08\/Comunicado-p\u00fablico-Paro-minero-en-Segovia.pdf\" target=\"_blank\" rel=\"noopener noreferrer\">Comunicado p\u00fablico &#8211; Paro minero en Segovia<\/a><\/strong><\/em><\/span><\/p>\n<p>Le puede interesar\u00a0<a href=\"http:\/\/www.ipc.org.co\/agenciadeprensa\/index.php\/2017\/08\/04\/desde-medellin-apoyaron-paro-minero-en-segovia-y-remedios\/\" target=\"_blank\" rel=\"noopener noreferrer\"><span style=\"color: #008000;\"><em><strong>Desde Medell\u00edn apoyaron paro minero en Segovia y Remedios<\/strong><\/em><\/span><\/a><\/p>\n","protected":false},"excerpt":{"rendered":"<p>\u00abDesde el pasado 21 de julio, doce mil personas entre los que se encuentran campesinos,\u00a0mineros, ind\u00edgenas y familias que subsisten de la extracci\u00f3n minera de la regi\u00f3n, dieron\u00a0inicio a un paro convocado por la Mesa Minera de car\u00e1cter indefinido y pac\u00edfico, con el\u00a0objetivo de exigir garant\u00edas y condiciones a los peque\u00f1os mineros que, ante los [&hellip;]<\/p>\n","protected":false},"author":51,"featured_media":21951,"comment_status":"closed","ping_status":"closed","sticky":false,"template":"","format":"standard","meta":{"_et_pb_use_builder":"","_et_pb_old_content":"","_et_gb_content_width":"","footnotes":""},"categories":[16,21,3,28,20,41,19,18],"tags":[],"class_list":["post-21950","post","type-post","status-publish","format-standard","has-post-thumbnail","hentry","category-conflicto-armado","category-justicia","category-pais","category-regiones","category-seguridad","category-territorio-y-desarrollo","category-tierras","category-victimas"],"_links":{"self":[{"href":"https:\/\/arcoiris.com.co\/v3\/wp-json\/wp\/v2\/posts\/21950","targetHints":{"allow":["GET"]}}],"collection":[{"href":"https:\/\/arcoiris.com.co\/v3\/wp-json\/wp\/v2\/posts"}],"about":[{"href":"https:\/\/arcoiris.com.co\/v3\/wp-json\/wp\/v2\/types\/post"}],"author":[{"embeddable":true,"href":"https:\/\/arcoiris.com.co\/v3\/wp-json\/wp\/v2\/users\/51"}],"replies":[{"embeddable":true,"href":"https:\/\/arcoiris.com.co\/v3\/wp-json\/wp\/v2\/comments?post=21950"}],"version-history":[{"count":0,"href":"https:\/\/arcoiris.com.co\/v3\/wp-json\/wp\/v2\/posts\/21950\/revisions"}],"wp:featuredmedia":[{"embeddable":true,"href":"https:\/\/arcoiris.com.co\/v3\/wp-json\/wp\/v2\/media\/21951"}],"wp:attachment":[{"href":"https:\/\/arcoiris.com.co\/v3\/wp-json\/wp\/v2\/media?parent=21950"}],"wp:term":[{"taxonomy":"category","embeddable":true,"href":"https:\/\/arcoiris.com.co\/v3\/wp-json\/wp\/v2\/categories?post=21950"},{"taxonomy":"post_tag","embeddable":true,"href":"https:\/\/arcoiris.com.co\/v3\/wp-json\/wp\/v2\/tags?post=21950"}],"curies":[{"name":"wp","href":"https:\/\/api.w.org\/{rel}","templated":true}]}}