{"id":22014,"date":"2017-08-15T15:59:45","date_gmt":"2017-08-15T20:59:45","guid":{"rendered":"https:\/\/arcoiris.com.co\/v3\/?p=22014"},"modified":"2019-08-26T15:06:03","modified_gmt":"2019-08-26T20:06:03","slug":"registro-de-23-miembros-de-farc-y-familiares-asesinados-en-los-ultimos-4-meses","status":"publish","type":"post","link":"https:\/\/arcoiris.com.co\/v3\/2017\/08\/registro-de-23-miembros-de-farc-y-familiares-asesinados-en-los-ultimos-4-meses\/","title":{"rendered":"Registro de 23 miembros de Farc y familiares asesinados en los \u00faltimos 4 meses"},"content":{"rendered":"<p style=\"text-align: justify;\"><a href=\"https:\/\/arcoiris.com.co\/v3\/wp-content\/uploads\/2017\/08\/mapa-radiografia.jpg\"><img loading=\"lazy\" decoding=\"async\" class=\"aligncenter size-full wp-image-22015\" src=\"https:\/\/arcoiris.com.co\/v3\/wp-content\/uploads\/2017\/08\/mapa-radiografia.jpg\" alt=\"\" width=\"700\" height=\"1001\" srcset=\"https:\/\/arcoiris.com.co\/v3\/wp-content\/uploads\/2017\/08\/mapa-radiografia.jpg 594w, https:\/\/arcoiris.com.co\/v3\/wp-content\/uploads\/2017\/08\/mapa-radiografia-210x300.jpg 210w, https:\/\/arcoiris.com.co\/v3\/wp-content\/uploads\/2017\/08\/mapa-radiografia-448x640.jpg 448w\" sizes=\"(max-width: 700px) 100vw, 700px\" \/><\/a><br \/>\nLa <a href=\"https:\/\/acpacauca.com\/2017\/08\/14\/radiografia-integrantes-de-las-farc-y-familiares-asesinados-en-lo-corrido-del-2017\/\" target=\"_blank\" rel=\"noopener noreferrer\"><span style=\"color: #ff6600;\"><em><strong>Agencia de Comunicaciones Prensa Alternativa Cauca (ACPA Cauca)<\/strong><\/em><\/span><\/a> public\u00f3 en su portal web, este lunes 14 de agosto, una radiograf\u00eda de integrantes de las FARC y familiares asesinados en lo corrido del 2017.<\/p>\n<p style=\"text-align: justify;\">Para presentar dicha radiograf\u00eda la Agencia de comunicaciones tuvo como referencia los datos registrados, por Comisi\u00f3n Nacional de Derechos Humanos del Movimiento Pol\u00edtico y Social Marcha Patri\u00f3tica e INDEPAZ, desde el mes de abril hasta la fecha.<\/p>\n<p style=\"text-align: justify;\">Exponen en la publicaci\u00f3n que \u201cla situaci\u00f3n en materia de seguridad para los integrantes de las FARC y sus familiares es tan cr\u00edtica como la del conjunto del movimiento social y popular colombiano: Ya son 22 integrantes de las FARC y sus familiares asesinados durante este a\u00f1o\u201d, as\u00ed mismo cuestionan que \u201csi no se protege la vida, fracasa la paz. \u00bfY las garant\u00edas d\u00f3nde est\u00e1n?\u201d<\/p>\n<p style=\"text-align: justify;\">La imagen refleja como presuntos responsables a los Paramilitares de 10 casos de los 22, al ELN de 1 caso y a autores desconocidos de 11 asesinatos. As\u00ed mismo se dividen a las v\u00edctimas entre Familiares e Integrantes. Once Familiares, once integrantes.<\/p>\n<p style=\"text-align: justify;\">Los departamentos en los que se han registrado las muertes son: Choc\u00f3, Valle del Cauca, Cauca, Nari\u00f1o, Putumayo, Caquet\u00e1, Meta, Tolima, Antioquia y Norte de Santander.<\/p>\n<p style=\"text-align: justify;\">Cabe resaltar que en esta radiograf\u00eda no alcanza a entrar Jes\u00fas Ad\u00e1n Mazo, alias \u2018Andr\u00e9s Molina\u2019, quien era comandante de las milicias del Frente 18 de las FARC, asesinado este lunes en horas de la ma\u00f1ana mientras dorm\u00eda en una vivienda en la que llevaba apenas dos noches, \u201cEl hombre, m\u00e1s conocido como \u2018Andr\u00e9s Molina\u2019, estaba durmiendo en una vivienda del lugar a la que, seg\u00fan voceros del movimiento Marcha Patri\u00f3tica en Antioquia, se hab\u00eda trasladado hacia apenas dos noches, luego de abandonar el lugar donde resid\u00eda habitualmente tras ser informado de que iban a atentar contra su vida.<\/p>\n<p style=\"text-align: justify;\">De acuerdo con el relato de los hechos, los agresores tumbaron la puerta de la vivienda, sacaron a Mazo a la calle y le dispararon en tres ocasiones\u201d. (Ver <a href=\"http:\/\/www.ipc.org.co\/agenciadeprensa\/index.php\/2017\/08\/14\/asesinado-exjefe-de-milicias-de-las-farc-en-santa-lucia-ituango\/\" target=\"_blank\" rel=\"noopener noreferrer\"><span style=\"color: #008000;\"><em><strong>Asesinado exjefe de milicias de las FARC en Santa Luc\u00eda, Ituango<\/strong><\/em><\/span><\/a>)<\/p>\n<p>Ahora bien, \u00bfcu\u00e1les son las garant\u00edas de las que habla el Gobierno o mejor a\u00fan, \u00e9ste cumple dichas garant\u00edas?<\/p>\n","protected":false},"excerpt":{"rendered":"<p>La Agencia de Comunicaciones Prensa Alternativa Cauca (ACPA Cauca) public\u00f3 en su portal web, este lunes 14 de agosto, una radiograf\u00eda de integrantes de las FARC y familiares asesinados en lo corrido del 2017. Para presentar dicha radiograf\u00eda la Agencia de comunicaciones tuvo como referencia los datos registrados, por Comisi\u00f3n Nacional de Derechos Humanos del [&hellip;]<\/p>\n","protected":false},"author":51,"featured_media":22015,"comment_status":"closed","ping_status":"closed","sticky":false,"template":"","format":"standard","meta":{"_et_pb_use_builder":"","_et_pb_old_content":"","_et_gb_content_width":"","footnotes":""},"categories":[16,462,21,3,28,20,18],"tags":[],"class_list":["post-22014","post","type-post","status-publish","format-standard","has-post-thumbnail","hentry","category-conflicto-armado","category-destacado","category-justicia","category-pais","category-regiones","category-seguridad","category-victimas"],"_links":{"self":[{"href":"https:\/\/arcoiris.com.co\/v3\/wp-json\/wp\/v2\/posts\/22014","targetHints":{"allow":["GET"]}}],"collection":[{"href":"https:\/\/arcoiris.com.co\/v3\/wp-json\/wp\/v2\/posts"}],"about":[{"href":"https:\/\/arcoiris.com.co\/v3\/wp-json\/wp\/v2\/types\/post"}],"author":[{"embeddable":true,"href":"https:\/\/arcoiris.com.co\/v3\/wp-json\/wp\/v2\/users\/51"}],"replies":[{"embeddable":true,"href":"https:\/\/arcoiris.com.co\/v3\/wp-json\/wp\/v2\/comments?post=22014"}],"version-history":[{"count":0,"href":"https:\/\/arcoiris.com.co\/v3\/wp-json\/wp\/v2\/posts\/22014\/revisions"}],"wp:featuredmedia":[{"embeddable":true,"href":"https:\/\/arcoiris.com.co\/v3\/wp-json\/wp\/v2\/media\/22015"}],"wp:attachment":[{"href":"https:\/\/arcoiris.com.co\/v3\/wp-json\/wp\/v2\/media?parent=22014"}],"wp:term":[{"taxonomy":"category","embeddable":true,"href":"https:\/\/arcoiris.com.co\/v3\/wp-json\/wp\/v2\/categories?post=22014"},{"taxonomy":"post_tag","embeddable":true,"href":"https:\/\/arcoiris.com.co\/v3\/wp-json\/wp\/v2\/tags?post=22014"}],"curies":[{"name":"wp","href":"https:\/\/api.w.org\/{rel}","templated":true}]}}