{"id":22048,"date":"2017-08-23T15:30:03","date_gmt":"2017-08-23T20:30:03","guid":{"rendered":"https:\/\/arcoiris.com.co\/v3\/?p=22048"},"modified":"2019-08-26T15:06:03","modified_gmt":"2019-08-26T20:06:03","slug":"miguel-garces-prettel","status":"publish","type":"post","link":"https:\/\/arcoiris.com.co\/v3\/2017\/08\/miguel-garces-prettel\/","title":{"rendered":"Miguel Garc\u00e9s Prettel"},"content":{"rendered":"<p style=\"text-align: justify;\"><a href=\"https:\/\/arcoiris.com.co\/v3\/wp-content\/uploads\/2016\/12\/foto-ramiro.jpg\"><img loading=\"lazy\" decoding=\"async\" class=\"alignleft wp-image-20420\" src=\"https:\/\/arcoiris.com.co\/v3\/wp-content\/uploads\/2016\/12\/foto-ramiro.jpg\" alt=\"\" width=\"134\" height=\"179\" \/><\/a>Luego de presentar su tesis doctoral el 26 de julio en la Universidad del Norte de Barranquilla, el monteriano Miguel Garc\u00e9s Prettel se convirti\u00f3 en el primer colombiano en recibir el t\u00edtulo de doctor en Comunicaci\u00f3n sin haber tenido que salir del pa\u00eds.<\/p>\n<p style=\"text-align: justify;\">Migue, como le decimos sus amigos, sustent\u00f3 y defendi\u00f3 su tesis \u00abModelando la autonom\u00eda period\u00edstica en contextos de violencia directa y estructural (\u2026)\u201d, con la que el jurado le dio la m\u00e1xima distinci\u00f3n: <em>Summa Cum Laude<\/em>, que es algo as\u00ed como much\u00edsimo m\u00e1s que un cinco aclamado.<\/p>\n<p style=\"text-align: justify;\">Obtiene as\u00ed un reconocimiento especial que lo incorpora y compromete a\u00fan m\u00e1s no solo al mundo acad\u00e9mico sino tambi\u00e9n cient\u00edfico, con propiedad y con todo lo que ser doctor significa en un planeta cargado de incertidumbre y en un pa\u00eds en el que apenas empezamos a aprender a dialogar; sin embargo, quienes lo conocemos de cerca sabemos que esa aureola y estatus especial no le quitar\u00e1 nada de su modestia y humildad, ni mucho menos a su brillante don de ser humano.<\/p>\n<p style=\"text-align: justify;\">Desde que lo conoc\u00ed, como catedr\u00e1tico hace unos doce a\u00f1os en la Universidad del Sin\u00fa, a donde llegaba con su actitud discreta y mesurada, ya se evidenciaba en \u00e9l su arrasadora vocaci\u00f3n de investigador, y percib\u00ed que sus investigaciones estaban, como siguen estando, elaboradas en forma sistem\u00e1tica con temas de nuestra costa Caribe, con la sustancia de un investigador que se mueve y estremece por el diario acontecer de lo que le sucede a los periodistas, al an\u00e1lisis de medios de comunicaci\u00f3n, y a la comunicaci\u00f3n que se da en la sociedad. Conociendo como conozco a Migue estoy seguro que no ha esperado que se enfr\u00ede la celebraci\u00f3n de su grado para salir a investigar con su sentido cr\u00edtico y reflexivo y, ahora, con sus a\u00fan m\u00e1s amplios conocimientos.<\/p>\n<p style=\"text-align: justify;\">Migue, a sus 42 a\u00f1os, es un hombre discreto, de pocas palabras, que lo hacen ver como un investigador t\u00edmido, se puede decir que solo habla para decir cosas interesantes, detr\u00e1s del cual hay un mundo por explorar, un universo por indagar, porque para \u00e9l no hay una forma m\u00e1s adecuada de abordar un tema que desde la investigaci\u00f3n. Y no es investigador de los que se encierra en un laboratorio a resolver f\u00f3rmulas complejas, es de los que valora lo descubierto, mira hacia atr\u00e1s en las investigaciones, pero sobre todo sale a la calle a investigar, habla con las comunidades, aplica el m\u00e9todo y los instrumentos m\u00e1s adecuados y al final nos entrega sus investigaciones frescas, limpias.<\/p>\n<p style=\"text-align: justify;\">No quiero finalizar sin precisar que el Migue y yo estamos unidos por un poderoso lazo de amistad muy a pesar de que vemos el mudo desde dos perspectivas distintas y distantes, \u00e9l desde la Fe cristiana, que lo ha llevado a decirme en un mensaje personal \u201cHe pedido a Dios que me ayude a nunca perder de vista lo esencial a no perderme en la peque\u00f1ez y banalidad de los egos\u201d. Y yo que desde el agnosticismo, o ate\u00edsmos si se quiere, que le deseo las mejores energ\u00edas; pero ello no nos ha impedido ni nos impedir\u00e1 \u2013 como lo he comentado con \u00e9l mismo \u2013 ser buenos y grandes amigos.<\/p>\n<p style=\"text-align: justify;\">Migue, sabe c\u00f3mo le agradece la Asociaci\u00f3n de Comunicadores Sociales y Periodistas de C\u00f3rdoba (ACPC) el habernos ilustrado sobre su investigaci\u00f3n acerca de la situaci\u00f3n laboral de los periodistas de la Costa Atl\u00e1ntica. Y sabe c\u00f3mo le agradecemos su fraterna y gremial amistad. Y debe saber que esta ligera nota de agradecimiento no pretende cosa distinta que felicitarlo merecidamente, al igual que a su esposa e hijas, por su doctorado; y no ser\u00eda menos sincero, sino le agradeci\u00e9ramos lo que ha hecho por el gremio de periodistas de la Costa Caribe en forma desinteresada. Desde hoy y como doctor en Comunicaciones habr\u00e1 siempre un sitio en nuestro gremio para el Doctor Miguel Garc\u00e9s Prettel.<\/p>\n<p style=\"text-align: justify;\"><em>Autor: Ramiro Guzm\u00e1n Arteaga<br \/>\nComunicador Social-Periodista, Mg en Educaci\u00f3n<\/em><\/p>\n","protected":false},"excerpt":{"rendered":"<p>Luego de presentar su tesis doctoral el 26 de julio en la Universidad del Norte de Barranquilla, el monteriano Miguel Garc\u00e9s Prettel se convirti\u00f3 en el primer colombiano en recibir el t\u00edtulo de doctor en Comunicaci\u00f3n sin haber tenido que salir del pa\u00eds. Migue, como le decimos sus amigos, sustent\u00f3 y defendi\u00f3 su tesis \u00abModelando [&hellip;]<\/p>\n","protected":false},"author":51,"featured_media":20420,"comment_status":"closed","ping_status":"closed","sticky":false,"template":"","format":"standard","meta":{"_et_pb_use_builder":"","_et_pb_old_content":"","_et_gb_content_width":"","footnotes":""},"categories":[32,5,16,20,18],"tags":[],"class_list":["post-22048","post","type-post","status-publish","format-standard","has-post-thumbnail","hentry","category-columnistas","category-comunidad","category-conflicto-armado","category-seguridad","category-victimas"],"_links":{"self":[{"href":"https:\/\/arcoiris.com.co\/v3\/wp-json\/wp\/v2\/posts\/22048","targetHints":{"allow":["GET"]}}],"collection":[{"href":"https:\/\/arcoiris.com.co\/v3\/wp-json\/wp\/v2\/posts"}],"about":[{"href":"https:\/\/arcoiris.com.co\/v3\/wp-json\/wp\/v2\/types\/post"}],"author":[{"embeddable":true,"href":"https:\/\/arcoiris.com.co\/v3\/wp-json\/wp\/v2\/users\/51"}],"replies":[{"embeddable":true,"href":"https:\/\/arcoiris.com.co\/v3\/wp-json\/wp\/v2\/comments?post=22048"}],"version-history":[{"count":0,"href":"https:\/\/arcoiris.com.co\/v3\/wp-json\/wp\/v2\/posts\/22048\/revisions"}],"wp:featuredmedia":[{"embeddable":true,"href":"https:\/\/arcoiris.com.co\/v3\/wp-json\/wp\/v2\/media\/20420"}],"wp:attachment":[{"href":"https:\/\/arcoiris.com.co\/v3\/wp-json\/wp\/v2\/media?parent=22048"}],"wp:term":[{"taxonomy":"category","embeddable":true,"href":"https:\/\/arcoiris.com.co\/v3\/wp-json\/wp\/v2\/categories?post=22048"},{"taxonomy":"post_tag","embeddable":true,"href":"https:\/\/arcoiris.com.co\/v3\/wp-json\/wp\/v2\/tags?post=22048"}],"curies":[{"name":"wp","href":"https:\/\/api.w.org\/{rel}","templated":true}]}}