{"id":22090,"date":"2017-08-28T16:21:50","date_gmt":"2017-08-28T21:21:50","guid":{"rendered":"https:\/\/arcoiris.com.co\/v3\/?p=22090"},"modified":"2019-08-26T15:06:01","modified_gmt":"2019-08-26T20:06:01","slug":"ironias-de-la-politica","status":"publish","type":"post","link":"https:\/\/arcoiris.com.co\/v3\/2017\/08\/ironias-de-la-politica\/","title":{"rendered":"Iron\u00edas de la pol\u00edtica"},"content":{"rendered":"<p style=\"text-align: justify;\"><a href=\"https:\/\/arcoiris.com.co\/v3\/wp-content\/uploads\/2015\/10\/FOTO-MEDIOS.jpg\"><img loading=\"lazy\" decoding=\"async\" class=\"alignleft wp-image-20467\" src=\"https:\/\/arcoiris.com.co\/v3\/wp-content\/uploads\/2015\/10\/FOTO-MEDIOS.jpg\" alt=\"\" width=\"149\" height=\"198\" \/><\/a>Mi compadre Fabio Yesid Castellano Herrera, est\u00e1 enredado en los hilos develados de la politiquer\u00eda, colocando en entredicho su transparencia, por dem\u00e1s sobresaliente, esa que empez\u00f3 en la segunda mitad de la d\u00e9cada de los 90 cuando apenas era un \u201cpich\u00f3n\u201d de abogado, reci\u00e9n egresado de la universidad de Cartagena, rumores que motivan el presente art\u00edculo.<\/p>\n<p style=\"text-align: justify;\">Su historia pol\u00edtica se inicia cuando fue nombrado Director de Damarena, -hoy Establecimiento P\u00fablico Ambiental de Cartagena, EPA-, para luego ser elegido Personero Distrital del Corralito de Piedra, m\u00e1s tarde nombrado Secretario de Gobierno Distrital y en su c\u00faspide, nombrado Procurador Delegado de la Moral P\u00fablica a Nivel Nacional, en el a\u00f1o 2010, cargo de alto turmequ\u00e9, a mi juicio equiparable a un magistrado de las altas cortes o un concejal de Bogot\u00e1 D. C.<\/p>\n<p style=\"text-align: justify;\">Carrera pol\u00edtica iniciada en los noventa con el grupo \u201cMadera\u201d; movimiento pol\u00edtico barrial del sur de Cartagena, San Fernando, Mar\u00eda Cano, Nelson M\u00e1ndela y otros barrios populares, cuyo prop\u00f3sito era dar madera y batazo limpio a los corruptos. Ir\u00f3nicamente termin\u00f3 siendo el fort\u00edn politiquero de un ex concejal de cuyo nombre no quiero acordarme, como dijera Cervantes, menos mal logr\u00f3 retirarse mucho antes de que el comej\u00e9n de la corrupci\u00f3n se comiera la Madera.<\/p>\n<p style=\"text-align: justify;\">Siguiendo su carrera en el entramado mundo de la pol\u00edtica, termin\u00f3 militando en el movimiento del ex concejal y ex senador Javier C\u00e1ceres Leal, -quien le ayud\u00f3 en su ascenso pol\u00edtico; de su mano fue asesor de la Comisi\u00f3n Primera del Senado y Procurador Delegado para la Moralidad P\u00fablica, eso s\u00ed, respaldado por su excelente hoja de vida profesional, su experiencia en el sector p\u00fablico y por supuesto su proba conducta, siendo calificado como uno de los mejores procuradores delegados, datos que pueden constatar con la Procuradur\u00eda Nacional.<\/p>\n<p style=\"text-align: justify;\">Importante resaltar que el esc\u00e1ndalo de corrupci\u00f3n del otrora Presidente del Congreso de la Rep\u00fablica en representaci\u00f3n del partido Cambio Radical, no salpico para nada al Procurador de la Moral, quien inteligentemente, acorde a sus principios, y a su \u00e9tica pol\u00edtica, decide dar un paso al lado, separ\u00e1ndose para siempre de quien fuera su padrino pol\u00edtico, asumiendo los costos positivos y negativos de ese tipo de decisiones.<\/p>\n<p style=\"text-align: justify;\">Sin tacharlo de inc\u00f3lume, es de anotar que sali\u00f3 de esa correr\u00eda pol\u00edtica sin cargos en su contra, se\u00f1alamientos, demandas ni contra demandas, lo que le permite seguir en el juego pol\u00edtico con la cabeza en alto. Por lo que da su paso al partido Alianza Verde donde milita hoy, aspirando a la Alcald\u00eda de Cartagena en la pasada coyuntura con el respaldo de su nuevo partido que le dio el aval, luego de pasar todos los filtros protocolarios anti corrupci\u00f3n, en cabeza de la afamada senadora Claudia L\u00f3pez. Durante su campa\u00f1a tampoco fueron acotados actos punibles a su conducta pol\u00edtica, personal o familiar.<\/p>\n<p style=\"text-align: justify;\">En su art\u00edculo \u201cHombre de Familia\u201d, del 06 de Noviembre de 2010 en la revista Semana, el periodista Daniel Coronel menciona a Fabio, como cuota de C\u00e1ceres, lo que no es ninguna novedad, pero en ning\u00fan momento all\u00ed ni despu\u00e9s, ni Coronel, ni otro periodista, ni alg\u00fan medio conocido, ni siquiera durante la campa\u00f1a a la Alcald\u00eda de Cartagena, como estrategia de desprestigio ha publicado nada en su contra, ni ha sido acusado como un funcionario que desfalc\u00f3 el erario p\u00fablico.<\/p>\n<p style=\"text-align: justify;\">Su narrativa pol\u00edtica tiene como paralelo la familia; hijo, hermano, padre, amigo, esposo, deportista, farandulero y mi compadre por supuesto. Due\u00f1o de un curr\u00edculo cultural vern\u00e1culo, como corresponde al hombre caribe\u00f1o, identidad moruna y sello Caribe, que conjuga al hombre con su contexto, la tierra, su m\u00fasica, gastronom\u00eda marina, modismos y costumbrismos con el que nace y se cr\u00edan los de la orilla del mar.<\/p>\n<p style=\"text-align: justify;\">Pienso que la construcci\u00f3n deontol\u00f3gica de tu vida profesional y familiar, son tu mejor carta de transparencia, en este mundo donde los santos roban y los mojigatos son ladrones y depravados, razones que inspiran esta l\u00edneas de respaldo al ser humano que he visto sudar cada pelda\u00f1o de su vida, enfrentando las dificultades de cada circunstancia sin desfallecer, incluido el bello arcanos del bautizo de Tony, mi ahijado, que obviamente no es motivo de estas l\u00edneas.<\/p>\n<p style=\"text-align: justify;\">Por lo que conozco y s\u00e9, tus bienes econ\u00f3micos y tu poder pol\u00edtico, no son los de una persona que tiene las manos untadas de sangre, componendas y desafueros contra el erario p\u00fablico, el capital privado y la vida humana, si hay informaci\u00f3n oculta por parte de alguien sobre el doctor Castellanos, este es el momento de hacerla p\u00fablica o calle para siempre, pues como bien dicen los Hermanos Zuletas \u201cno se deben limpiar las u\u00f1as con la honradez ajena\u201d.<\/p>\n<p style=\"text-align: justify;\">Como cada crisis trae su oportunidad, vale la pena que la Alianza Verde replantee su af\u00e1n protag\u00f3nico, su deseo de crecimiento improvisado en Cartagena y Bol\u00edvar, replanteando su quehacer nacional y local, desde la perspectiva de unificar criterios regionales que estimulen su fortalecimiento, en cabeza de liderazgos probos que, se sumaron al partido con base a sus principios.<\/p>\n<p style=\"text-align: justify;\">La luz de la decencia alumbra las buenas conductas y se apaga frente a la corrupci\u00f3n, por lo que esperamos que la claridad jur\u00eddica que prima en nuestro Estado de Derecho, reivindique el buen nombre de Fabio Yesid, puesto que no podemos olvidar que los chismes, m\u00e1s que malos entendidos, son una estrategia politiquera para desprestigiar los contrincantes, dejando en el imaginario colectivo lo primero que se escucha, sin que muchas veces se logre aclarar con suficiencia lo perversamente difundido, por lo que no basta con que los que te conocemos, creamos en tu hidalgu\u00eda, es necesario que el partido, llegado el momento, se pronuncie con contundencia y claridad frente a los hechos.<\/p>\n<p style=\"text-align: justify;\">Por: Luis E. S\u00e1nchez Puche<br \/>\nSoci\u00f3logo.<br \/>\nCorporaci\u00f3n Nuevo Arco Iris<\/p>\n","protected":false},"excerpt":{"rendered":"<p>Mi compadre Fabio Yesid Castellano Herrera, est\u00e1 enredado en los hilos develados de la politiquer\u00eda, colocando en entredicho su transparencia, por dem\u00e1s sobresaliente, esa que empez\u00f3 en la segunda mitad de la d\u00e9cada de los 90 cuando apenas era un \u201cpich\u00f3n\u201d de abogado, reci\u00e9n egresado de la universidad de Cartagena, rumores que motivan el presente [&hellip;]<\/p>\n","protected":false},"author":51,"featured_media":20467,"comment_status":"closed","ping_status":"closed","sticky":false,"template":"","format":"standard","meta":{"_et_pb_use_builder":"","_et_pb_old_content":"","_et_gb_content_width":"","footnotes":""},"categories":[32,5,21,15],"tags":[],"class_list":["post-22090","post","type-post","status-publish","format-standard","has-post-thumbnail","hentry","category-columnistas","category-comunidad","category-justicia","category-politica"],"_links":{"self":[{"href":"https:\/\/arcoiris.com.co\/v3\/wp-json\/wp\/v2\/posts\/22090","targetHints":{"allow":["GET"]}}],"collection":[{"href":"https:\/\/arcoiris.com.co\/v3\/wp-json\/wp\/v2\/posts"}],"about":[{"href":"https:\/\/arcoiris.com.co\/v3\/wp-json\/wp\/v2\/types\/post"}],"author":[{"embeddable":true,"href":"https:\/\/arcoiris.com.co\/v3\/wp-json\/wp\/v2\/users\/51"}],"replies":[{"embeddable":true,"href":"https:\/\/arcoiris.com.co\/v3\/wp-json\/wp\/v2\/comments?post=22090"}],"version-history":[{"count":0,"href":"https:\/\/arcoiris.com.co\/v3\/wp-json\/wp\/v2\/posts\/22090\/revisions"}],"wp:featuredmedia":[{"embeddable":true,"href":"https:\/\/arcoiris.com.co\/v3\/wp-json\/wp\/v2\/media\/20467"}],"wp:attachment":[{"href":"https:\/\/arcoiris.com.co\/v3\/wp-json\/wp\/v2\/media?parent=22090"}],"wp:term":[{"taxonomy":"category","embeddable":true,"href":"https:\/\/arcoiris.com.co\/v3\/wp-json\/wp\/v2\/categories?post=22090"},{"taxonomy":"post_tag","embeddable":true,"href":"https:\/\/arcoiris.com.co\/v3\/wp-json\/wp\/v2\/tags?post=22090"}],"curies":[{"name":"wp","href":"https:\/\/api.w.org\/{rel}","templated":true}]}}