{"id":22152,"date":"2017-09-14T15:28:19","date_gmt":"2017-09-14T20:28:19","guid":{"rendered":"https:\/\/arcoiris.com.co\/v3\/?p=22152"},"modified":"2019-08-26T15:05:59","modified_gmt":"2019-08-26T20:05:59","slug":"las-ensenanzas-del-papa-francisco","status":"publish","type":"post","link":"https:\/\/arcoiris.com.co\/v3\/2017\/09\/las-ensenanzas-del-papa-francisco\/","title":{"rendered":"Las ense\u00f1anzas del papa Francisco"},"content":{"rendered":"<p style=\"text-align: justify;\"><a href=\"https:\/\/arcoiris.com.co\/v3\/wp-content\/uploads\/2016\/12\/foto-ramiro.jpg\"><img loading=\"lazy\" decoding=\"async\" class=\"alignleft wp-image-20420\" src=\"https:\/\/arcoiris.com.co\/v3\/wp-content\/uploads\/2016\/12\/foto-ramiro.jpg\" alt=\"\" width=\"140\" height=\"187\" \/><\/a>Ahora que el pa\u00eds recobra la normalidad despu\u00e9s de la venida del papa Francisco, ahora que los feligreses vuelven a levantar la vista pero ya no se encuentran con el ojo que no acab\u00f3 de deshincharse, ahora que vuelven a levantar la vista y no se encuentran con su rostro sereno ni con su dulce y piadosa sonrisa recitando salmos de vida; en fin, ahora que los millones de feligreses en Colombia levantan la vista y ya no se encuentran de viva voz y cuerpo presente con el papa Francisco, el pa\u00eds vuelve a la realidad de los pies sobre la tierra y del pa\u00eds en el que nos ha tocado vivir, el pa\u00eds en el que pareciera que las noticias se produjeran m\u00e1s r\u00e1pido que los mismos hechos que la originan, como si el tiempo de la noticia no fuera el tiempo de los acontecimientos, ni el tiempo de los sucesos fuera el tiempo de los periodistas.<\/p>\n<p style=\"text-align: justify;\">En este sentido, lo primero que hay que decir, es que lo dicho por el papa en cada uno de sus homil\u00edas e intervenciones fueron verdaderas c\u00e1tedras de \u00e9tica y moral; de sociolog\u00eda, antropolog\u00eda y sicolog\u00eda. Creo que se necesitar\u00e1 mucho tiempo para que el pa\u00eds vuelva a vivir esos momentos, esas horas y esos d\u00edas de indudable e innegable trascendencia moral y espiritual, qui\u00e9n sabe cu\u00e1nto tiempo debemos esperar para que un ser humano de las categor\u00eda del papa Francisco nos vuelva a decir tantas y duras verdades en forma de ingeniosa poes\u00eda, con su lenguaje simb\u00f3lico y metaf\u00f3rico que nos llev\u00f3 a comprender mejor y sabiamente nuestra realidad.<\/p>\n<p style=\"text-align: justify;\">El papa Francisco cuestion\u00f3 la corrupci\u00f3n que favorece a intereses particulares en detrimento de la sociedad, reproch\u00f3 a quienes siembran ciza\u00f1a, a quienes irrespetan la vida y siembran odio y tienen sed de venganza, a los perversos que trafican con drogas, al dinero del bolsillo que todo lo corrompe, a quienes siguen explotando y esclavizando, habl\u00f3 y conden\u00f3 la injusticia y la desigualdad social y la falta de atenci\u00f3n a las v\u00edctimas de la violencia; convoc\u00f3 y alent\u00f3 a los j\u00f3venes a que tengan viva la alegr\u00eda, para que no se la dejen robar y, en tono familiar, les habl\u00f3 de f\u00fatbol, los llam\u00f3 coste\u00f1os, cachacos, paisas, llaneros, vallunos; se mostr\u00f3 al lado de los m\u00e1s d\u00e9biles e hizo un ferviente llamado a la protecci\u00f3n de la naturaleza y la cultura; reivindic\u00f3 el discurso de entrega del premio nobel de literatura a Gabriel Garc\u00eda M\u00e1rquez; en fin, despu\u00e9s de su partida al Vaticano, atr\u00e1s quedaron las emociones de un pa\u00eds necesitado de verdaderos l\u00edderes morales y espirituales del perfil de Francisco, atr\u00e1s quedaron quienes por cuatro d\u00edas estrujaros los dedos mientras ve\u00edan y escuchaban el instante angelical del papa Francisco.<\/p>\n<p style=\"text-align: justify;\">Sin duda Francisco seguir\u00e1 presente en el coraz\u00f3n y la raz\u00f3n de muchos colombianos, incluso de quienes no somos creyentes. Tal vez alguien ya ha dicho o pensado que el Papa no sigue al pie de la letra los preceptos b\u00edblicos, porque sigue adorando im\u00e1genes y elevando a seres humanos, despu\u00e9s de muertos, a la categor\u00eda de santos; tambi\u00e9n habr\u00e1 quienes piensen que lo dicho por el papa en Colombia fue todo un romanticismo audaz, bien intencionado, y que pasada toda esta lluvia y fogonazos d\u00edas de bendiciones, el pa\u00eds volver\u00e1 a ser el de antes por cuanto la realidad del pa\u00eds solo se transformar\u00e1 mediante decisiones pol\u00edticas y sociales objetivas y sistem\u00e1ticas; pero, lo que no puede ser doloroso reconocer, es que fueron muchas las lecciones y las c\u00e1tedras que Francisco nos dio en su visita a Colombia, con la magia y el poder de la palabra como instrumento de paz y reconciliaci\u00f3n. El papa Francisco tuvo el carisma del l\u00edder que Colombia no ha podido encontrar. Y, finalmente, considero que con la venida del papa las homil\u00edas de los sacerdotes en Colombia deben transformarse y mirar con sentido cr\u00edtico hacia lo social, lo ambiental, lo cultural y, mucho m\u00e1s all\u00e1, creo que es hora que los textos b\u00edblicos empiecen a imprimirse y actualizarse con las sabias palabras de Francisco y, por qu\u00e9 no, de otros l\u00edderes de otras religiones poseedores de ese carisma y esp\u00edritu revolucionario, para buscar verdaderos puntos de encuentro.<\/p>\n<p style=\"text-align: justify;\"><em>Autor: Ramiro Guzm\u00e1n Arteaga<br \/>\nComunicador Social-Periodista, Mg en Educaci\u00f3n<\/em><\/p>\n","protected":false},"excerpt":{"rendered":"<p>Ahora que el pa\u00eds recobra la normalidad despu\u00e9s de la venida del papa Francisco, ahora que los feligreses vuelven a levantar la vista pero ya no se encuentran con el ojo que no acab\u00f3 de deshincharse, ahora que vuelven a levantar la vista y no se encuentran con su rostro sereno ni con su dulce [&hellip;]<\/p>\n","protected":false},"author":51,"featured_media":20420,"comment_status":"closed","ping_status":"closed","sticky":false,"template":"","format":"standard","meta":{"_et_pb_use_builder":"","_et_pb_old_content":"","_et_gb_content_width":"","footnotes":""},"categories":[32,5,17,41],"tags":[],"class_list":["post-22152","post","type-post","status-publish","format-standard","has-post-thumbnail","hentry","category-columnistas","category-comunidad","category-paz","category-territorio-y-desarrollo"],"_links":{"self":[{"href":"https:\/\/arcoiris.com.co\/v3\/wp-json\/wp\/v2\/posts\/22152","targetHints":{"allow":["GET"]}}],"collection":[{"href":"https:\/\/arcoiris.com.co\/v3\/wp-json\/wp\/v2\/posts"}],"about":[{"href":"https:\/\/arcoiris.com.co\/v3\/wp-json\/wp\/v2\/types\/post"}],"author":[{"embeddable":true,"href":"https:\/\/arcoiris.com.co\/v3\/wp-json\/wp\/v2\/users\/51"}],"replies":[{"embeddable":true,"href":"https:\/\/arcoiris.com.co\/v3\/wp-json\/wp\/v2\/comments?post=22152"}],"version-history":[{"count":0,"href":"https:\/\/arcoiris.com.co\/v3\/wp-json\/wp\/v2\/posts\/22152\/revisions"}],"wp:featuredmedia":[{"embeddable":true,"href":"https:\/\/arcoiris.com.co\/v3\/wp-json\/wp\/v2\/media\/20420"}],"wp:attachment":[{"href":"https:\/\/arcoiris.com.co\/v3\/wp-json\/wp\/v2\/media?parent=22152"}],"wp:term":[{"taxonomy":"category","embeddable":true,"href":"https:\/\/arcoiris.com.co\/v3\/wp-json\/wp\/v2\/categories?post=22152"},{"taxonomy":"post_tag","embeddable":true,"href":"https:\/\/arcoiris.com.co\/v3\/wp-json\/wp\/v2\/tags?post=22152"}],"curies":[{"name":"wp","href":"https:\/\/api.w.org\/{rel}","templated":true}]}}