{"id":22253,"date":"2017-09-29T15:55:16","date_gmt":"2017-09-29T20:55:16","guid":{"rendered":"https:\/\/arcoiris.com.co\/v3\/?p=22253"},"modified":"2019-08-26T15:05:56","modified_gmt":"2019-08-26T20:05:56","slug":"cahucopana-denuncia-la-llegada-de-grupos-armados-a-antioquia","status":"publish","type":"post","link":"https:\/\/arcoiris.com.co\/v3\/2017\/09\/cahucopana-denuncia-la-llegada-de-grupos-armados-a-antioquia\/","title":{"rendered":"Cahucopana denuncia la llegada de grupos armados a Antioquia"},"content":{"rendered":"<p style=\"text-align: justify;\"><a href=\"https:\/\/arcoiris.com.co\/v3\/wp-content\/uploads\/2017\/04\/WhatsApp-Image-2017-04-11-at-11.39.04.jpeg\"><img loading=\"lazy\" decoding=\"async\" class=\"aligncenter wp-image-21228 size-medium\" src=\"https:\/\/arcoiris.com.co\/v3\/wp-content\/uploads\/2017\/04\/WhatsApp-Image-2017-04-11-at-11.39.04-300x300.jpeg\" alt=\"\" width=\"300\" height=\"300\" srcset=\"https:\/\/arcoiris.com.co\/v3\/wp-content\/uploads\/2017\/04\/WhatsApp-Image-2017-04-11-at-11.39.04-300x300.jpeg 300w, https:\/\/arcoiris.com.co\/v3\/wp-content\/uploads\/2017\/04\/WhatsApp-Image-2017-04-11-at-11.39.04-100x100.jpeg 100w, https:\/\/arcoiris.com.co\/v3\/wp-content\/uploads\/2017\/04\/WhatsApp-Image-2017-04-11-at-11.39.04-768x768.jpeg 768w, https:\/\/arcoiris.com.co\/v3\/wp-content\/uploads\/2017\/04\/WhatsApp-Image-2017-04-11-at-11.39.04-640x640.jpeg 640w, https:\/\/arcoiris.com.co\/v3\/wp-content\/uploads\/2017\/04\/WhatsApp-Image-2017-04-11-at-11.39.04-70x70.jpeg 70w, https:\/\/arcoiris.com.co\/v3\/wp-content\/uploads\/2017\/04\/WhatsApp-Image-2017-04-11-at-11.39.04.jpeg 850w\" sizes=\"(max-width: 300px) 100vw, 300px\" \/><\/a>La Corporaci\u00f3n Acci\u00f3n Humanitaria por la Convivencia y la Paz del Nordeste Antioque\u00f1o \u2013Cahucopana- emite: ACCI\u00d3N URGENTE en la que informan a la comunidad en general que un \u201cGrupo armado se toma vereda de Remedios (Antioquia)\u201d<\/p>\n<p style=\"text-align: justify;\">Esta Acci\u00f3n se presenta \u201cante la fuerte presencia de hombres armados y encapuchados en la parte baja del Nordeste Antioque\u00f1o, poniendo en riesgo la vida, integridad, libre movilidad y la permanencia en el territorio de los habitantes\u201d.<\/p>\n<p style=\"text-align: justify;\">La Corporaci\u00f3n expone que este jueves 28 de septiembre en horas de la noche \u201cun grupo de personas encapuchadas quienes portaban armas de fuego, entre 15 y 20 de estas personas, se ubican en la zona comunal conocida como \u00abel descargadero\u201d\u201d de Remedios, donde pasaron la noche.<\/p>\n<p style=\"text-align: justify;\">La comunidad, tal y como afirman en la comunicaci\u00f3n: est\u00e1 temerosa en denunciar y han expresado miedo por los hechos similares vividos en \u00e9pocas pasadas, que conduc\u00edan al asesinato o desaparici\u00f3n de los habitantes.<\/p>\n<p style=\"text-align: justify;\">Por lo anterior exigen a la institucionalidad y a los encargados de velar por los derechos humanos garantizar y hacer efectiva la seguridad que requiere la regi\u00f3n, solicitud que han venido realizando en repetidas ocasiones para as\u00ed evitar llegar \u201ca desplazamientos masivos, vulneraciones a la vida e integridad de mineros y campesinos de la zona\u201d.<\/p>\n","protected":false},"excerpt":{"rendered":"<p>La Corporaci\u00f3n Acci\u00f3n Humanitaria por la Convivencia y la Paz del Nordeste Antioque\u00f1o \u2013Cahucopana- emite: ACCI\u00d3N URGENTE en la que informan a la comunidad en general que un \u201cGrupo armado se toma vereda de Remedios (Antioquia)\u201d Esta Acci\u00f3n se presenta \u201cante la fuerte presencia de hombres armados y encapuchados en la parte baja del Nordeste [&hellip;]<\/p>\n","protected":false},"author":51,"featured_media":21228,"comment_status":"closed","ping_status":"closed","sticky":false,"template":"","format":"standard","meta":{"_et_pb_use_builder":"","_et_pb_old_content":"","_et_gb_content_width":"","footnotes":""},"categories":[16,3,28,20,18],"tags":[],"class_list":["post-22253","post","type-post","status-publish","format-standard","has-post-thumbnail","hentry","category-conflicto-armado","category-pais","category-regiones","category-seguridad","category-victimas"],"_links":{"self":[{"href":"https:\/\/arcoiris.com.co\/v3\/wp-json\/wp\/v2\/posts\/22253","targetHints":{"allow":["GET"]}}],"collection":[{"href":"https:\/\/arcoiris.com.co\/v3\/wp-json\/wp\/v2\/posts"}],"about":[{"href":"https:\/\/arcoiris.com.co\/v3\/wp-json\/wp\/v2\/types\/post"}],"author":[{"embeddable":true,"href":"https:\/\/arcoiris.com.co\/v3\/wp-json\/wp\/v2\/users\/51"}],"replies":[{"embeddable":true,"href":"https:\/\/arcoiris.com.co\/v3\/wp-json\/wp\/v2\/comments?post=22253"}],"version-history":[{"count":0,"href":"https:\/\/arcoiris.com.co\/v3\/wp-json\/wp\/v2\/posts\/22253\/revisions"}],"wp:featuredmedia":[{"embeddable":true,"href":"https:\/\/arcoiris.com.co\/v3\/wp-json\/wp\/v2\/media\/21228"}],"wp:attachment":[{"href":"https:\/\/arcoiris.com.co\/v3\/wp-json\/wp\/v2\/media?parent=22253"}],"wp:term":[{"taxonomy":"category","embeddable":true,"href":"https:\/\/arcoiris.com.co\/v3\/wp-json\/wp\/v2\/categories?post=22253"},{"taxonomy":"post_tag","embeddable":true,"href":"https:\/\/arcoiris.com.co\/v3\/wp-json\/wp\/v2\/tags?post=22253"}],"curies":[{"name":"wp","href":"https:\/\/api.w.org\/{rel}","templated":true}]}}