{"id":22319,"date":"2017-10-11T15:37:42","date_gmt":"2017-10-11T20:37:42","guid":{"rendered":"https:\/\/arcoiris.com.co\/v3\/?p=22319"},"modified":"2019-08-26T15:05:55","modified_gmt":"2019-08-26T20:05:55","slug":"un-rio-de-libros-y-feria-de-la-lectura-en-monteria","status":"publish","type":"post","link":"https:\/\/arcoiris.com.co\/v3\/2017\/10\/un-rio-de-libros-y-feria-de-la-lectura-en-monteria\/","title":{"rendered":"Un R\u00edo de Libros y Feria de la lectura en Monter\u00eda"},"content":{"rendered":"<p style=\"text-align: justify;\"><a href=\"https:\/\/arcoiris.com.co\/v3\/wp-content\/uploads\/2016\/12\/foto-ramiro.jpg\"><img loading=\"lazy\" decoding=\"async\" class=\"alignleft wp-image-20420\" src=\"https:\/\/arcoiris.com.co\/v3\/wp-content\/uploads\/2016\/12\/foto-ramiro.jpg\" alt=\"\" width=\"124\" height=\"166\" \/><\/a>Monter\u00eda necesita superar el oscurantismo cultural y literario en que lo sumi\u00f3 la violencia que deprimi\u00f3 la lectura y solo dej\u00f3 una \u201cincultura populachera\u201d y una literatura facilista, et\u00e9rea, pero violenta y mafiosa, inspirada en el paramilitarismo y el narcotr\u00e1fico, con un enorme impacto negativo en el imaginario colectivo.<\/p>\n<p style=\"text-align: justify;\">Con el post-acuerdo se requiere reconstruir el concepto de cultura. En lo cotidiano hay que empezar por superar la griter\u00eda familiar y callejera, incluida la de las redes sociales. Que la lectura vuelva a ser una actividad colectiva, social. Que se vuelvan a intercambiar libros. En fin, es necesario reinventar el concepto de cultura popular, entendida esta \u2013 como dir\u00eda Mario Vargas Llosa \u2013 como una forma de cultura menos refinada, menos artificiosa y menos pretenciosa, pero m\u00e1s libre, m\u00e1s genuina, m\u00e1s cr\u00edtica, m\u00e1s audaz y, sobretodo, que le genere identidad a Monter\u00eda. Sabemos que se necesita mucho tiempo, pero este proceso arranc\u00f3 y no debe parar, por lo que la Feria de Libro y el proyecto Planch\u00f3n Literario en la orilla del conocimiento deben evolucionar por siempre, con buen viento y buena mar. Que no pasen a ser fotos de peri\u00f3dicos, ni flor de un d\u00eda.<\/p>\n<p style=\"text-align: justify;\">Un aspecto a destacar en esta ocasi\u00f3n es la valoraci\u00f3n de la cultura y literatura cordobesa, hoy seriamente amenazada por la industria cultural, las reglas del mercadeo (marketing), y las nuevas formas de distracci\u00f3n impuestas por los canales privados de televisi\u00f3n, que al lado de las redes sociales parecen alejar a la juventud del libro.<\/p>\n<p style=\"text-align: justify;\">Por eso, esta segunda entrega del Festival de la Lectura busca incentivar el amor hacia la lectura, hacia el libro. Y en este contexto, no se puede negar el trabajo que desde hace un a\u00f1o adelantan la gestora social Natalia Ariza y un equipo de j\u00f3venes diligentes en cabeza de la estudiante de Comunicaci\u00f3n Social Luz Hern\u00e1ndez Fl\u00f3rez; a ellas hay que reconocerles, con un valor especial, el estar desarrollando el proyecto Planch\u00f3n Literario en la orilla del conocimiento, una iniciativa que busca sensibilizar a j\u00f3venes estudiantes y habitantes de distintos barrios de Monter\u00eda hacia el h\u00e1bito de la lectura. El proyecto ha llegado a 10 instituciones educativas de Monter\u00eda en donde se han beneficiado en forma directa a 1.185 estudiantes y otros 3.730 habitantes de forma indirecta a trav\u00e9s de talleres l\u00fadicos recreativos. Adem\u00e1s, se ha llevado el Planch\u00f3n Literario a 30 barrios de Monter\u00eda en los que se han beneficiado a 1.050 monterianos y 1.864 de forma indirecta a trav\u00e9s de talleres l\u00fadicos para fomentar el h\u00e1bito de la lectura.<\/p>\n<p style=\"text-align: justify;\">De modo que la II Feria del Libro y el espacio que comparte con el proyecto Planch\u00f3n Literario en la orilla del conocimiento son iniciativas que surgen en momentos en que Monter\u00eda m\u00e1s lo necesita, ahora que entramos en la implementaci\u00f3n del post-acuerdo. Sin embargo, todos estos esfuerzos se deber\u00e1n reflejar en lo que se ha dado en llamar \u201ccultura ciudadana\u201d, en la cultura de la calle, y que sea tambi\u00e9n el producto del grado de satisfacci\u00f3n de necesidades b\u00e1sica.<\/p>\n<p style=\"text-align: justify;\"><em>Por\u00a0Ramiro Guzm\u00e1n Arteaga<\/em><br \/>\n<em>Comunicador social periodista, Mg en educaci\u00f3n y profesor universitario<\/em><\/p>\n","protected":false},"excerpt":{"rendered":"<p>Monter\u00eda necesita superar el oscurantismo cultural y literario en que lo sumi\u00f3 la violencia que deprimi\u00f3 la lectura y solo dej\u00f3 una \u201cincultura populachera\u201d y una literatura facilista, et\u00e9rea, pero violenta y mafiosa, inspirada en el paramilitarismo y el narcotr\u00e1fico, con un enorme impacto negativo en el imaginario colectivo. Con el post-acuerdo se requiere reconstruir [&hellip;]<\/p>\n","protected":false},"author":51,"featured_media":20420,"comment_status":"closed","ping_status":"closed","sticky":false,"template":"","format":"standard","meta":{"_et_pb_use_builder":"","_et_pb_old_content":"","_et_gb_content_width":"","footnotes":""},"categories":[32,5,17,41],"tags":[],"class_list":["post-22319","post","type-post","status-publish","format-standard","has-post-thumbnail","hentry","category-columnistas","category-comunidad","category-paz","category-territorio-y-desarrollo"],"_links":{"self":[{"href":"https:\/\/arcoiris.com.co\/v3\/wp-json\/wp\/v2\/posts\/22319","targetHints":{"allow":["GET"]}}],"collection":[{"href":"https:\/\/arcoiris.com.co\/v3\/wp-json\/wp\/v2\/posts"}],"about":[{"href":"https:\/\/arcoiris.com.co\/v3\/wp-json\/wp\/v2\/types\/post"}],"author":[{"embeddable":true,"href":"https:\/\/arcoiris.com.co\/v3\/wp-json\/wp\/v2\/users\/51"}],"replies":[{"embeddable":true,"href":"https:\/\/arcoiris.com.co\/v3\/wp-json\/wp\/v2\/comments?post=22319"}],"version-history":[{"count":0,"href":"https:\/\/arcoiris.com.co\/v3\/wp-json\/wp\/v2\/posts\/22319\/revisions"}],"wp:featuredmedia":[{"embeddable":true,"href":"https:\/\/arcoiris.com.co\/v3\/wp-json\/wp\/v2\/media\/20420"}],"wp:attachment":[{"href":"https:\/\/arcoiris.com.co\/v3\/wp-json\/wp\/v2\/media?parent=22319"}],"wp:term":[{"taxonomy":"category","embeddable":true,"href":"https:\/\/arcoiris.com.co\/v3\/wp-json\/wp\/v2\/categories?post=22319"},{"taxonomy":"post_tag","embeddable":true,"href":"https:\/\/arcoiris.com.co\/v3\/wp-json\/wp\/v2\/tags?post=22319"}],"curies":[{"name":"wp","href":"https:\/\/api.w.org\/{rel}","templated":true}]}}