{"id":22350,"date":"2017-10-12T17:04:37","date_gmt":"2017-10-12T22:04:37","guid":{"rendered":"https:\/\/arcoiris.com.co\/v3\/?p=22350"},"modified":"2019-08-26T15:05:54","modified_gmt":"2019-08-26T20:05:54","slug":"unipa-denuncia-la-instalacion-de-campamento-militar-dentro-de-territorio-ancestral","status":"publish","type":"post","link":"https:\/\/arcoiris.com.co\/v3\/2017\/10\/unipa-denuncia-la-instalacion-de-campamento-militar-dentro-de-territorio-ancestral\/","title":{"rendered":"UNIPA denuncia la instalaci\u00f3n de campamento militar dentro de territorio ancestral"},"content":{"rendered":"<p style=\"text-align: justify;\"><a href=\"https:\/\/arcoiris.com.co\/v3\/wp-content\/uploads\/2016\/02\/11891054_1688423044728130_4008938593074284263_n.jpg\"><img loading=\"lazy\" decoding=\"async\" class=\"aligncenter size-full wp-image-18621\" src=\"https:\/\/arcoiris.com.co\/v3\/wp-content\/uploads\/2016\/02\/11891054_1688423044728130_4008938593074284263_n.jpg\" alt=\"\" width=\"385\" height=\"355\" srcset=\"https:\/\/arcoiris.com.co\/v3\/wp-content\/uploads\/2016\/02\/11891054_1688423044728130_4008938593074284263_n.jpg 385w, https:\/\/arcoiris.com.co\/v3\/wp-content\/uploads\/2016\/02\/11891054_1688423044728130_4008938593074284263_n-300x277.jpg 300w\" sizes=\"(max-width: 385px) 100vw, 385px\" \/><\/a>La Asociaci\u00f3n de Autoridades Tradicionales y Cabildos Ind\u00edgenas Aw\u00e1 \u2013UNIPA- manifiesta \u201czozobra\u201d por presencia de fuerza p\u00fablica dentro del territorio.<\/p>\n<p style=\"text-align: justify;\">Todo parte luego de lo ocurrido el pasado 5 de octubre del presente a\u00f1o, reconocido a nivel nacional como la <a href=\"https:\/\/arcoiris.com.co\/v3\/2017\/10\/nueve-campesinos-son-asesinados-mientras-se-movilizaban-en-tumaco-presuntos-responsables-fuerza-publica\/\" target=\"_blank\" rel=\"noopener noreferrer\"><span style=\"color: #008000;\"><em><strong>Masacre de Tumaco<\/strong><\/em><\/span><\/a>, en la que murieron varios campesinos que se opon\u00edan a la erradicaci\u00f3n forzada de sus cultivos.<\/p>\n<p style=\"text-align: justify;\">\u201c\u2026 <em><strong>vemos con preocupaci\u00f3n los hechos que se vienen desarrollando alrededor de nuestro territorio ancestral, debido a la instalaci\u00f3n de un campamento militar dentro del resguardo Aw\u00e1 de Piedra Sellada, acci\u00f3n que viola flagrantemente todos los acuerdos nacionales e internacionales sobre el respeto y protecci\u00f3n de las comunidades y pueblos ind\u00edgenas<\/strong><\/em>\u201d, afirma la Asociaci\u00f3n.<\/p>\n<p style=\"text-align: justify;\">La comunidad UNIPA denuncia no solamente la Masacre sino tambi\u00e9n lo que sucedi\u00f3 con la comisi\u00f3n de verificaci\u00f3n que ingres\u00f3 a la zona de los hechos el pasado 8 de octubre de 2017, sumado a esto, lo ya mencionado anteriormente, la ubicaci\u00f3n del campamento militar dentro del resguardo.<\/p>\n<p style=\"text-align: justify;\">En el documento se da a conocer a la opini\u00f3n p\u00fablica que los hechos que atentan contra los DDHH de las comunidades ind\u00edgenas no se quedan en lo que pas\u00f3 la semana pasada sino que hay hostigamientos y represalias contra miembros de los pueblos ind\u00edgenas desde hace meses, afectando a comunidades como Resguardos Aw\u00e1 como Hojal la Turbia, Sangulp\u00ed, Chinguirito Mira y Piedra Sellada.<\/p>\n<p style=\"text-align: justify;\">Manifiestas que \u201c<em>se encuentran en riesgo inminente de ser v\u00edctimas de la represi\u00f3n estatal que est\u00e1n desarrollando las fuerzas armadas de Colombia en la zona de frontera con el hermano pa\u00eds del Ecuador<\/em>\u201d, lo que los ha llevado a salir de sus territorios teniendo como posibles consecuencias el desplazamiento y desapariciones forzadas.<\/p>\n<p style=\"text-align: justify;\">As\u00ed mismo exponen que \u201c<em>en realidad la pol\u00edtica de sustituci\u00f3n de cultivos de uso il\u00edcito que se ha venido desarrollando desde el Plan Colombia, pasando por la aspersi\u00f3n a\u00e9rea con glifosato, la erradicaci\u00f3n forzada y el actual Programa Nacional Integral de Sustituci\u00f3n de Uso Il\u00edcito \u2013PNIS-, ha demostrado la incapacidad del Estado de garantizar los derechos de las comunidades, evidenciando una pol\u00edtica represiva en contra de quienes han visto en el cultivo de la hoja de coca, una forma de subsistencia en las zonas donde el olvido hist\u00f3rico es evidente<\/em>\u201d.<\/p>\n<p style=\"text-align: justify;\">Ver\u00a0<span style=\"color: #008000;\"><em><strong><a href=\"https:\/\/arcoiris.com.co\/v3\/wp-content\/uploads\/2017\/10\/comunicado-009-2017-HABITANTES-DEL-RESGUARDO-IND\u00cdGENA-AW\u00c1-DE-PIERDA-SELLADA-EN-ZOZOBRA.pdf\" target=\"_blank\" rel=\"noopener noreferrer\">COMUNICADO UNIPA<\/a><\/strong><\/em><\/span><\/p>\n","protected":false},"excerpt":{"rendered":"<p>La Asociaci\u00f3n de Autoridades Tradicionales y Cabildos Ind\u00edgenas Aw\u00e1 \u2013UNIPA- manifiesta \u201czozobra\u201d por presencia de fuerza p\u00fablica dentro del territorio. Todo parte luego de lo ocurrido el pasado 5 de octubre del presente a\u00f1o, reconocido a nivel nacional como la Masacre de Tumaco, en la que murieron varios campesinos que se opon\u00edan a la erradicaci\u00f3n [&hellip;]<\/p>\n","protected":false},"author":51,"featured_media":18621,"comment_status":"closed","ping_status":"closed","sticky":false,"template":"","format":"standard","meta":{"_et_pb_use_builder":"","_et_pb_old_content":"","_et_gb_content_width":"","footnotes":""},"categories":[16,21,3,28,20,18],"tags":[],"class_list":["post-22350","post","type-post","status-publish","format-standard","has-post-thumbnail","hentry","category-conflicto-armado","category-justicia","category-pais","category-regiones","category-seguridad","category-victimas"],"_links":{"self":[{"href":"https:\/\/arcoiris.com.co\/v3\/wp-json\/wp\/v2\/posts\/22350","targetHints":{"allow":["GET"]}}],"collection":[{"href":"https:\/\/arcoiris.com.co\/v3\/wp-json\/wp\/v2\/posts"}],"about":[{"href":"https:\/\/arcoiris.com.co\/v3\/wp-json\/wp\/v2\/types\/post"}],"author":[{"embeddable":true,"href":"https:\/\/arcoiris.com.co\/v3\/wp-json\/wp\/v2\/users\/51"}],"replies":[{"embeddable":true,"href":"https:\/\/arcoiris.com.co\/v3\/wp-json\/wp\/v2\/comments?post=22350"}],"version-history":[{"count":0,"href":"https:\/\/arcoiris.com.co\/v3\/wp-json\/wp\/v2\/posts\/22350\/revisions"}],"wp:featuredmedia":[{"embeddable":true,"href":"https:\/\/arcoiris.com.co\/v3\/wp-json\/wp\/v2\/media\/18621"}],"wp:attachment":[{"href":"https:\/\/arcoiris.com.co\/v3\/wp-json\/wp\/v2\/media?parent=22350"}],"wp:term":[{"taxonomy":"category","embeddable":true,"href":"https:\/\/arcoiris.com.co\/v3\/wp-json\/wp\/v2\/categories?post=22350"},{"taxonomy":"post_tag","embeddable":true,"href":"https:\/\/arcoiris.com.co\/v3\/wp-json\/wp\/v2\/tags?post=22350"}],"curies":[{"name":"wp","href":"https:\/\/api.w.org\/{rel}","templated":true}]}}