{"id":22364,"date":"2017-10-19T16:10:12","date_gmt":"2017-10-19T21:10:12","guid":{"rendered":"https:\/\/arcoiris.com.co\/v3\/?p=22364"},"modified":"2019-08-26T15:05:54","modified_gmt":"2019-08-26T20:05:54","slug":"unipa-la-guerra-contra-la-ilegalidad-esta-convirtiendo-a-tumaco-en-el-cementerio-mas-grande-de-colombia","status":"publish","type":"post","link":"https:\/\/arcoiris.com.co\/v3\/2017\/10\/unipa-la-guerra-contra-la-ilegalidad-esta-convirtiendo-a-tumaco-en-el-cementerio-mas-grande-de-colombia\/","title":{"rendered":"UNIPA: La guerra contra la ilegalidad est\u00e1 convirtiendo a \u201cTumaco en el cementerio m\u00e1s grande de Colombia\u201d"},"content":{"rendered":"<p style=\"text-align: justify;\"><a href=\"https:\/\/arcoiris.com.co\/v3\/wp-content\/uploads\/2016\/02\/11891054_1688423044728130_4008938593074284263_n.jpg\"><img loading=\"lazy\" decoding=\"async\" class=\"aligncenter size-full wp-image-18621\" src=\"https:\/\/arcoiris.com.co\/v3\/wp-content\/uploads\/2016\/02\/11891054_1688423044728130_4008938593074284263_n.jpg\" alt=\"\" width=\"385\" height=\"355\" srcset=\"https:\/\/arcoiris.com.co\/v3\/wp-content\/uploads\/2016\/02\/11891054_1688423044728130_4008938593074284263_n.jpg 385w, https:\/\/arcoiris.com.co\/v3\/wp-content\/uploads\/2016\/02\/11891054_1688423044728130_4008938593074284263_n-300x277.jpg 300w\" sizes=\"(max-width: 385px) 100vw, 385px\" \/><\/a>En lo corrido del 2017 la Asociaci\u00f3n de Autoridades Tradicionales y Cabildos Ind\u00edgenas AW\u00c1 \u2013UNIPA- ha emitido 10 comunicados, dirigidos a la comunidad nacional e internacional, con el fin de denunciar las violaciones a los derechos humanos contra las comunidades ind\u00edgena y en esta ocasi\u00f3n lo hacen para denunciar \u201cEL EXTERMINIO DE UNA FAMILIA AW\u00c1\u201d.<\/p>\n<p style=\"text-align: justify;\">En el comunicado emitido este jueves, 19 de octubre, dan a conocer a la opini\u00f3n p\u00fablica del asesinato a dos Ind\u00edgenas Aw\u00e1 ocurrido el pasado lunes festivo 16 de octubre, en la carretera que de Tumaco conduce a la ciudad de Pasto, siendo este \u201c<em>un acto m\u00e1s de violencia que acelera el exterminio f\u00edsico, cultural y espiritual de nuestro pueblo Ancestral, como lo contempla la corte constitucional dentro del Auto 004 de 2009, donde nosotros, al igual que 33 pueblos ind\u00edgenas m\u00e1s de Colombia se encuentran en riesgo inminente de desaparici\u00f3n<\/em>\u201d, dicen en el documento.<\/p>\n<p style=\"text-align: justify;\">Los nombres de las v\u00edctimas son Alirio Taicus Sabala y, su hijo, Geovanny Sabala Quistial. Estos dos son los \u00faltimos asesinatos en la familia Taicus Sabala debido a que, como expone UNIPA, el 22 de octubre del a\u00f1o pasado acabaron con la vida de dos hijos m\u00e1s de Alirio, Lorena Sabala Quistial y Richard Sabala Quistial. Por un lado Lorena dej\u00f3 3 hijos que estaban a cargo de su abuelo, Alirio, y por otro lado Geovanny dej\u00f3 tambi\u00e9n tres hijos, que ahora quedan con su madre, esposa de Geovanny, luego de este registro las Autoridades Tradicionales manifiestan:<\/p>\n<p style=\"text-align: justify;\">\u201c<strong><em>\u2026 lo que en realidad nos preocupa, es que sigan acelerando el exterminio de todos los integrantes de la familia Taicus Sabala, sin que ning\u00fan ente estatal haga algo para detener esta matanza [\u2026]<\/em><\/strong><\/p>\n<p style=\"text-align: justify;\"><strong><em>Como en los mejores tiempos de la llamada \u201cSeguridad Democr\u00e1tica\u201d, la carretera que de Tumaco conduce a Pasto, presenta un riesgo inminente para nuestras familias Aw\u00e1, que muchas de ellas buscando una mejor vida y otras huyendo de la violencia se han asentado al lado y lado de la carretera, creyendo encontrar mejores condiciones de vida; ind\u00edgenas, Afros y campesinos nos hemos visto afectados por una guerra que libran varios grupos armados legales e ilegales, quienes buscan tener el control territorial de la zona; podr\u00eda decirse que est\u00e1n convirtiendo al municipio de Tumaco en el cementerio m\u00e1s grande de Colombia, mientras que el Gobierno Nacional de Juan Manuel Santos, cierra los ojos y hace caso omiso de lo que est\u00e1 pasando, mostrando su incapacidad en el cumplimiento de lo pactado en el Acuerdo por una Paz estable y duradera<\/em><\/strong>\u201d.<\/p>\n<p style=\"text-align: justify;\">Adem\u00e1s de los hechos mencionados anteriormente la comunidad lamenta de igual forma el asesinato de Jos\u00e9 Jair Cort\u00e9s Godoy perteneciente al Consejo Comunitario de Alto Mira y Frontera, l\u00edder de las comunidades afro por la defensa y resistencia frente a este conflicto armado. \u201c<em>Estos hechos no son aislados, hacen parte de una serie de acciones de exterminio f\u00edsico y cultural de las comunidades afro, ind\u00edgenas y campesinas<\/em>\u201d, comunidades que la \u00fanica culpa que tienen es haber nacido, como ellos mismos dicen, \u201c<em>en una hermosa tierra ba\u00f1ada por grandes riquezas donde se cierne grandes intereses econ\u00f3micos, pol\u00edticos y control territorial<\/em>\u201d.<\/p>\n<p style=\"text-align: justify;\">A parte de denunciar los hechos anteriores, en los que se evidencia la falta de garant\u00edas por parte del Estado colombiano en el cumplimiento de los acuerdos pactados, se pide una fuerte veedur\u00eda de los organismos internacionales para evitar que estos casos se sigan presentando.<\/p>\n<p style=\"text-align: justify;\">Finalmente se informa que el Consejo de Autoridades Ind\u00edgenas Aw\u00e1 se da cita en el Predio el Verde \u2013 Resguardo el Gran S\u00e1balo, para analizar la crisis humanitaria que se est\u00e1 viviendo en el territorio ancestral e instan al pueblo colombiano en general a \u201c<em><strong>respaldar la lucha y movilizaci\u00f3n<\/strong><\/em>\u201d que se ha venido presentando. (Ver\u00a0<em><strong><a href=\"https:\/\/arcoiris.com.co\/v3\/wp-content\/uploads\/2017\/10\/comunicado-010-2017-El-exterminio-de-una-familia-Awa\u0301.pdf\" target=\"_blank\" rel=\"noopener noreferrer\">Comunicado- El exterminio de una familia Awa\u0301<\/a><\/strong><\/em>)<\/p>\n","protected":false},"excerpt":{"rendered":"<p>En lo corrido del 2017 la Asociaci\u00f3n de Autoridades Tradicionales y Cabildos Ind\u00edgenas AW\u00c1 \u2013UNIPA- ha emitido 10 comunicados, dirigidos a la comunidad nacional e internacional, con el fin de denunciar las violaciones a los derechos humanos contra las comunidades ind\u00edgena y en esta ocasi\u00f3n lo hacen para denunciar \u201cEL EXTERMINIO DE UNA FAMILIA AW\u00c1\u201d. [&hellip;]<\/p>\n","protected":false},"author":51,"featured_media":18621,"comment_status":"closed","ping_status":"closed","sticky":false,"template":"","format":"standard","meta":{"_et_pb_use_builder":"","_et_pb_old_content":"","_et_gb_content_width":"","footnotes":""},"categories":[16,462,21,3,28,20,18],"tags":[],"class_list":["post-22364","post","type-post","status-publish","format-standard","has-post-thumbnail","hentry","category-conflicto-armado","category-destacado","category-justicia","category-pais","category-regiones","category-seguridad","category-victimas"],"_links":{"self":[{"href":"https:\/\/arcoiris.com.co\/v3\/wp-json\/wp\/v2\/posts\/22364","targetHints":{"allow":["GET"]}}],"collection":[{"href":"https:\/\/arcoiris.com.co\/v3\/wp-json\/wp\/v2\/posts"}],"about":[{"href":"https:\/\/arcoiris.com.co\/v3\/wp-json\/wp\/v2\/types\/post"}],"author":[{"embeddable":true,"href":"https:\/\/arcoiris.com.co\/v3\/wp-json\/wp\/v2\/users\/51"}],"replies":[{"embeddable":true,"href":"https:\/\/arcoiris.com.co\/v3\/wp-json\/wp\/v2\/comments?post=22364"}],"version-history":[{"count":0,"href":"https:\/\/arcoiris.com.co\/v3\/wp-json\/wp\/v2\/posts\/22364\/revisions"}],"wp:featuredmedia":[{"embeddable":true,"href":"https:\/\/arcoiris.com.co\/v3\/wp-json\/wp\/v2\/media\/18621"}],"wp:attachment":[{"href":"https:\/\/arcoiris.com.co\/v3\/wp-json\/wp\/v2\/media?parent=22364"}],"wp:term":[{"taxonomy":"category","embeddable":true,"href":"https:\/\/arcoiris.com.co\/v3\/wp-json\/wp\/v2\/categories?post=22364"},{"taxonomy":"post_tag","embeddable":true,"href":"https:\/\/arcoiris.com.co\/v3\/wp-json\/wp\/v2\/tags?post=22364"}],"curies":[{"name":"wp","href":"https:\/\/api.w.org\/{rel}","templated":true}]}}