{"id":22513,"date":"2017-11-02T17:04:54","date_gmt":"2017-11-02T22:04:54","guid":{"rendered":"https:\/\/arcoiris.com.co\/v3\/?p=22513"},"modified":"2019-08-26T15:05:50","modified_gmt":"2019-08-26T20:05:50","slug":"la-corporacion-nuevo-arco-iris-sigue-siendo-una-de-las-organizaciones-mas-admiradas-en-el-pais","status":"publish","type":"post","link":"https:\/\/arcoiris.com.co\/v3\/2017\/11\/la-corporacion-nuevo-arco-iris-sigue-siendo-una-de-las-organizaciones-mas-admiradas-en-el-pais\/","title":{"rendered":"La Corporaci\u00f3n Nuevo Arco Iris sigue siendo una de las organizaciones m\u00e1s admiradas en el pa\u00eds"},"content":{"rendered":"<p style=\"text-align: justify;\"><a href=\"https:\/\/arcoiris.com.co\/v3\/wp-content\/uploads\/2017\/11\/Cifras-y-Conceptos.png\"><img loading=\"lazy\" decoding=\"async\" class=\"aligncenter size-full wp-image-22515\" src=\"https:\/\/arcoiris.com.co\/v3\/wp-content\/uploads\/2017\/11\/Cifras-y-Conceptos.png\" alt=\"\" width=\"838\" height=\"548\" srcset=\"https:\/\/arcoiris.com.co\/v3\/wp-content\/uploads\/2017\/11\/Cifras-y-Conceptos.png 838w, https:\/\/arcoiris.com.co\/v3\/wp-content\/uploads\/2017\/11\/Cifras-y-Conceptos-300x196.png 300w, https:\/\/arcoiris.com.co\/v3\/wp-content\/uploads\/2017\/11\/Cifras-y-Conceptos-768x502.png 768w, https:\/\/arcoiris.com.co\/v3\/wp-content\/uploads\/2017\/11\/Cifras-y-Conceptos-640x419.png 640w\" sizes=\"(max-width: 838px) 100vw, 838px\" \/><\/a><br \/>\nCifras &amp; Conceptos, como cada a\u00f1o, public\u00f3 el Panel de opini\u00f3n que en esta ocasi\u00f3n es la novena versi\u00f3n. Versi\u00f3n realizada desde el 12 de junio al 12 de septiembre de 2017.<\/p>\n<p style=\"text-align: justify;\">Para llevar a cabo esta publicaci\u00f3n se cont\u00f3 con 20 supervisores regionales, 98 encuestadores y 2.530 l\u00edderes de opini\u00f3n \u201c<em>hombres y mujeres de 18 a\u00f1os y m\u00e1s, clasificados en cinco dominios de estudio (redes), pol\u00edticos, medios, acad\u00e9micos, sector privado y organizaciones sociales\u00bb<\/em>, que contestaron este noveno Panel de Opini\u00f3n que cuenta con seis partes Evaluaci\u00f3n, Prospectiva, forma de obtener informaci\u00f3n, Ranking, Econom\u00eda y la Visi\u00f3n de las regiones.<\/p>\n<p style=\"text-align: justify;\">En cuanto a <strong>Evaluaci\u00f3n<\/strong> se refiere son cinco los aspectos que se califican Econom\u00eda, Gobernabilidad, Social, Seguridad y Ambiental. Los resultados arrojados en la evaluaci\u00f3n a Ministros y Departamentos Administrativos durante el \u00faltimo a\u00f1o el que mejor calificaci\u00f3n obtuvo fue el de Tec. de la Informaci\u00f3n y las Telecomunicaciones y quien cuenta con la calificaci\u00f3n m\u00e1s negativa es de Minas y Energ\u00eda.<\/p>\n<p style=\"text-align: justify;\">As\u00ed mismo con referencia en C\u00f3mo ven los temas relacionados con el acuerdo y el posconflicto, diez puntos se tuvieron en cuenta como la dejaci\u00f3n de armas (la que obtuvo la calificaci\u00f3n m\u00e1s positiva), seguida del desminado, la participaci\u00f3n pol\u00edtica de la oposici\u00f3n, la salida de los menores de las filas de las Farc, la Justicia Especial para la Paz, la Comisi\u00f3n de la Verdad, los PDET, la restituci\u00f3n de tierras, la erradicaci\u00f3n y sustituci\u00f3n de cultivos y finalmente la negociaci\u00f3n con el Ej\u00e9rcito de Liberaci\u00f3n Nacional \u2013ELN- (este \u00faltimo obtuvo la calificaci\u00f3n m\u00e1s negativa entre los m\u00e1s de 2.500 encuestados).<\/p>\n<p style=\"text-align: justify;\">Por otro lado al abordar la <strong>Prospectiva<\/strong> y retos para el 2018 entre los nueve m\u00e1s destacados, el que sobresale es la elecci\u00f3n de presidente de la Rep\u00fablica y, aunque se ha tornado un tema de suma urgencia y de importancia en el pa\u00eds para defender los derechos humanos incluida la vida, <em><strong>el combatir el asesinato de l\u00edderes sociales es uno de los retos que se consideran menos importantes con un 1 %<\/strong><\/em>, junto con el aumento de la seguridad y los di\u00e1logos con el ELN. Tambi\u00e9n se refleja que otros dos retos importantes son combatir el desempleo y obtener un crecimiento econ\u00f3mico. (Otros retos est\u00e1n en la Agenda Social, Agenda Ambiental y Agenda Internacional)<\/p>\n<p style=\"text-align: justify;\">Ahora bien <strong>\u00bfC\u00f3mo se informan?<\/strong> En este aspecto se hizo medici\u00f3n a nivel nacional y capital (Bogot\u00e1) evaluando medio impreso, radial, televisivo e internet. Los medios que encabezaron los resultados son: El Tiempo, Semana, El Espectador, Caracol Radio, W Radio, Bluradio, Caracol, CM&amp; y RCN Radio. En lo que corresponde a los columnistas m\u00e1s le\u00eddos los tres que encabezan, de 24 mencionados, son Daniel Coronell, Daniel Samper Ospina y Mar\u00eda Jimena Duz\u00e1n. Igualmente se midi\u00f3 a los twitteros m\u00e1s le\u00eddos encabezados por \u00c1lvaro Uribe V\u00e9lez, seguido de Daniel Samper Ospina; Matador seguido de Vladdo son los caricaturistas m\u00e1s vistos.<\/p>\n<p style=\"text-align: justify;\">En el <strong>Ranking<\/strong> el gobernador con una mayor calificaci\u00f3n es el del Atl\u00e1ntico, seguido de Caldas y Huila (el m\u00e1s negativo es Cauca) y, por otro lado, los alcaldes con el puntaje m\u00e1s positivo son los de Barranquilla, Bucaramanga y Neiva (el m\u00e1s negativo es Popay\u00e1n). En cuanto a Senadores Jorge Enrique Robledo encabeza la lista con la calificaci\u00f3n m\u00e1s positiva, calificaci\u00f3n obtenida por Ang\u00e9lica Lozano en el \u00edtem de Representantes a la C\u00e1mara. Se midi\u00f3 el Ranking de las Empresas y las organizaciones de la sociedad civil m\u00e1s admiradas en el pa\u00eds, entre las 30 m\u00e1s respetadas est\u00e1s son las primeras diez:<\/p>\n<ol style=\"text-align: justify;\">\n<li>Cruz Roja<\/li>\n<li>Fundaci\u00f3n Corona<\/li>\n<li>Defensa Civil<\/li>\n<li>Fundaci\u00f3n Pies Descalzos<\/li>\n<li>Fundaci\u00f3n Carvajal<\/li>\n<li>DeJusticia<\/li>\n<li>Corporaci\u00f3n El Minuto de Dios<\/li>\n<li>ONU (PNUD)<\/li>\n<li>Corporaci\u00f3n Nuevo Arco Iris<\/li>\n<li>Telet\u00f3n Colombia<\/li>\n<\/ol>\n<p style=\"text-align: justify;\">Por otro lado la <strong>Econom\u00eda<\/strong> se divide en seis aspectos: los problemas y el crecimiento econ\u00f3mico, el desempleo, el d\u00e9ficit fiscal, d\u00e9ficit en cuenta corriente y la inflaci\u00f3n.<\/p>\n<p style=\"text-align: justify;\">Finalmente y no menos importante la <strong>visi\u00f3n de las regiones<\/strong> gira alrededor de lo detallado en los aspectos mencionados anteriormente pero en Antioqu\u00eda, Atl\u00e1ntico, Boyac\u00e1, Caldas, Cauca, Huila, Risaralda, Santander y Valle del Cauca.<\/p>\n<p style=\"text-align: justify;\">Ver Panel completo en <a href=\"http:\/\/cifrasyconceptos.com\/productos-panel-de-opinion\/\" target=\"_blank\" rel=\"noopener noreferrer\"><span style=\"color: #993300;\"><em><strong>Cifras &amp; Conceptos<\/strong><\/em><\/span><\/a><\/p>\n<p style=\"text-align: justify;\">Ver Cartilla completa \u25ba<em><strong><a href=\"https:\/\/arcoiris.com.co\/v3\/wp-content\/uploads\/2017\/11\/CIFRAS-Y-CONCEPTOS-2017.pdf\" target=\"_blank\" rel=\"noopener noreferrer\">CIFRAS Y CONCEPTOS 2017<\/a><\/strong><\/em>\u25c4<\/p>\n","protected":false},"excerpt":{"rendered":"<p>Cifras &amp; Conceptos, como cada a\u00f1o, public\u00f3 el Panel de opini\u00f3n que en esta ocasi\u00f3n es la novena versi\u00f3n. Versi\u00f3n realizada desde el 12 de junio al 12 de septiembre de 2017. Para llevar a cabo esta publicaci\u00f3n se cont\u00f3 con 20 supervisores regionales, 98 encuestadores y 2.530 l\u00edderes de opini\u00f3n \u201chombres y mujeres de [&hellip;]<\/p>\n","protected":false},"author":51,"featured_media":22515,"comment_status":"closed","ping_status":"closed","sticky":false,"template":"","format":"standard","meta":{"_et_pb_use_builder":"","_et_pb_old_content":"","_et_gb_content_width":"","footnotes":""},"categories":[4,462,31,38,17],"tags":[],"class_list":["post-22513","post","type-post","status-publish","format-standard","has-post-thumbnail","hentry","category-a-profundidad","category-destacado","category-documentos","category-elecciones","category-paz"],"_links":{"self":[{"href":"https:\/\/arcoiris.com.co\/v3\/wp-json\/wp\/v2\/posts\/22513","targetHints":{"allow":["GET"]}}],"collection":[{"href":"https:\/\/arcoiris.com.co\/v3\/wp-json\/wp\/v2\/posts"}],"about":[{"href":"https:\/\/arcoiris.com.co\/v3\/wp-json\/wp\/v2\/types\/post"}],"author":[{"embeddable":true,"href":"https:\/\/arcoiris.com.co\/v3\/wp-json\/wp\/v2\/users\/51"}],"replies":[{"embeddable":true,"href":"https:\/\/arcoiris.com.co\/v3\/wp-json\/wp\/v2\/comments?post=22513"}],"version-history":[{"count":0,"href":"https:\/\/arcoiris.com.co\/v3\/wp-json\/wp\/v2\/posts\/22513\/revisions"}],"wp:featuredmedia":[{"embeddable":true,"href":"https:\/\/arcoiris.com.co\/v3\/wp-json\/wp\/v2\/media\/22515"}],"wp:attachment":[{"href":"https:\/\/arcoiris.com.co\/v3\/wp-json\/wp\/v2\/media?parent=22513"}],"wp:term":[{"taxonomy":"category","embeddable":true,"href":"https:\/\/arcoiris.com.co\/v3\/wp-json\/wp\/v2\/categories?post=22513"},{"taxonomy":"post_tag","embeddable":true,"href":"https:\/\/arcoiris.com.co\/v3\/wp-json\/wp\/v2\/tags?post=22513"}],"curies":[{"name":"wp","href":"https:\/\/api.w.org\/{rel}","templated":true}]}}