{"id":22551,"date":"2017-11-16T13:30:14","date_gmt":"2017-11-16T18:30:14","guid":{"rendered":"https:\/\/arcoiris.com.co\/v3\/?p=22551"},"modified":"2019-08-26T15:05:48","modified_gmt":"2019-08-26T20:05:48","slug":"el-estado-es-incapaz-de-garantizar-seguridad-a-comunidades-indigenas-unipa","status":"publish","type":"post","link":"https:\/\/arcoiris.com.co\/v3\/2017\/11\/el-estado-es-incapaz-de-garantizar-seguridad-a-comunidades-indigenas-unipa\/","title":{"rendered":"El Estado es \u00abincapaz\u00bb de garantizar seguridad a comunidades ind\u00edgenas: UNIPA"},"content":{"rendered":"<p style=\"text-align: justify;\"><a href=\"https:\/\/arcoiris.com.co\/v3\/wp-content\/uploads\/2016\/02\/11891054_1688423044728130_4008938593074284263_n.jpg\"><img loading=\"lazy\" decoding=\"async\" class=\"aligncenter size-full wp-image-18621\" src=\"https:\/\/arcoiris.com.co\/v3\/wp-content\/uploads\/2016\/02\/11891054_1688423044728130_4008938593074284263_n.jpg\" alt=\"\" width=\"385\" height=\"355\" srcset=\"https:\/\/arcoiris.com.co\/v3\/wp-content\/uploads\/2016\/02\/11891054_1688423044728130_4008938593074284263_n.jpg 385w, https:\/\/arcoiris.com.co\/v3\/wp-content\/uploads\/2016\/02\/11891054_1688423044728130_4008938593074284263_n-300x277.jpg 300w\" sizes=\"(max-width: 385px) 100vw, 385px\" \/><\/a><br \/>\nLa Unidad Ind\u00edgena del Pueblo AW\u00c1 \u2013UNIPA- denuncia que la guerra contin\u00faa en la regi\u00f3n mientras se habla de paz en el pa\u00eds.<\/p>\n<p style=\"text-align: justify;\">Por medio del comunicado N\u00ba 17, del a\u00f1o en curso la UNIPA informa a la opini\u00f3n p\u00fablica que los \u201casesinatos, desplazamientos, masacres, amenazas a l\u00edderes, lideresas, erradicaciones de hoja de coca inconsulta, extorsiones, entre otros hechos victimizantes, que evidencian la degradaci\u00f3n de un conflicto social, pol\u00edtico y armado que a\u00fan no ha finalizado, a pesar de que existe un Acuerdo de Paz con las FARC\u201d, contin\u00faan.<\/p>\n<p style=\"text-align: justify;\">En el texto la Unidad hace referencia espec\u00edficamente a cuatro Resguardos Ind\u00edgenas Aw\u00e1 asociados a UNIPA y que se ubican en Tumaco \u201chan tenido que afrontar la presencia de los llamados \u201cgrupos disidentes\u201d de las FARC\u201d, grupos que buscan controlar en narcotr\u00e1fico en la regi\u00f3n. Entre los grupos mencionados en el documento est\u00e1n \u201c<strong>TAPITA HUEVOS \u2013 GAULA NP<\/strong>\u201d, \u201c<strong>GUERRILLAS UNIDAS DEL PACIFICO \u2013GUP-<\/strong>\u201d.<\/p>\n<p style=\"text-align: justify;\">En \u00faltimos registros el pasado viernes 10 de noviembre miembros del grupo armado ilegal GUP, mientras portaban armas rodearon la vivienda de uno de los l\u00edderes de la organizaci\u00f3n, un d\u00eda despu\u00e9s, el s\u00e1bado 11 secuestran \u201ca un menor Aw\u00e1 quien es utilizado para que los conduzca al campamento donde se encontraba \u201cGAULA \u2013 NP\u201d\u201d. Seg\u00fan se describe en el Comunicado luego de un enfrentamiento como resultado quedaron: un muerto y siete personas secuestradas, entre ellas tres menores de edad (un ni\u00f1o y dos ni\u00f1as), los menores \u201cfueron rescatados la noche del mismo d\u00eda en una acci\u00f3n humanitaria adelantada por l\u00edderes y autoridades\u201d de la comunidad.<\/p>\n<p style=\"text-align: justify;\">Las Guerrillas Unidad del Pac\u00edfico amenazaron con \u201cejecutar\u201d a los tres menores si \u00e9stos no se iban del territorio. Se han seguido presentando enfrentamientos que aumentan el n\u00famero de v\u00edctimas que, como afirma la Unidad, \u201cocasionan el desplazamiento forzado de treinta familias aprox. algunas han salido del resguardo a la carretera, dirigi\u00e9ndose al centro urbano del corregimiento de Llorente, adem\u00e1s de generar zozobra y miedo en las comunidades y resguardos aleda\u00f1os\u201d.<\/p>\n<p style=\"text-align: justify;\">El llamado y exigencia se hace a la comunidad internacional, espec\u00edficamente a las Naciones Unidas y OEA- CIDH, para que haga reconocimiento de la zona y todo lo que est\u00e1 pasando, como ellos califican, por la \u2018incapacidad\u2019 que tiene el Estado de \u201cgarantizar un m\u00ednimo derechos fundamentales a la vida, a la integridad y la pervivencia de los hermanos y hermanas Aw\u00e1 en el Territorio Ancestral\u201d.<\/p>\n<p>Ver\u00a0<em><strong><a href=\"https:\/\/arcoiris.com.co\/v3\/wp-content\/uploads\/2017\/11\/comunicado-013-2017-EN-TIEMPOS-DE-PAZ-LA-GUERRA-SIGUE-EN-NUESTRO-TERRITORIO.pdf\" target=\"_blank\" rel=\"noopener noreferrer\">Comunicado<\/a><\/strong><\/em><\/p>\n","protected":false},"excerpt":{"rendered":"<p>La Unidad Ind\u00edgena del Pueblo AW\u00c1 \u2013UNIPA- denuncia que la guerra contin\u00faa en la regi\u00f3n mientras se habla de paz en el pa\u00eds. Por medio del comunicado N\u00ba 17, del a\u00f1o en curso la UNIPA informa a la opini\u00f3n p\u00fablica que los \u201casesinatos, desplazamientos, masacres, amenazas a l\u00edderes, lideresas, erradicaciones de hoja de coca inconsulta, [&hellip;]<\/p>\n","protected":false},"author":51,"featured_media":18621,"comment_status":"closed","ping_status":"closed","sticky":false,"template":"","format":"standard","meta":{"_et_pb_use_builder":"","_et_pb_old_content":"","_et_gb_content_width":"","footnotes":""},"categories":[16,462,21,3,28,20,18],"tags":[],"class_list":["post-22551","post","type-post","status-publish","format-standard","has-post-thumbnail","hentry","category-conflicto-armado","category-destacado","category-justicia","category-pais","category-regiones","category-seguridad","category-victimas"],"_links":{"self":[{"href":"https:\/\/arcoiris.com.co\/v3\/wp-json\/wp\/v2\/posts\/22551","targetHints":{"allow":["GET"]}}],"collection":[{"href":"https:\/\/arcoiris.com.co\/v3\/wp-json\/wp\/v2\/posts"}],"about":[{"href":"https:\/\/arcoiris.com.co\/v3\/wp-json\/wp\/v2\/types\/post"}],"author":[{"embeddable":true,"href":"https:\/\/arcoiris.com.co\/v3\/wp-json\/wp\/v2\/users\/51"}],"replies":[{"embeddable":true,"href":"https:\/\/arcoiris.com.co\/v3\/wp-json\/wp\/v2\/comments?post=22551"}],"version-history":[{"count":0,"href":"https:\/\/arcoiris.com.co\/v3\/wp-json\/wp\/v2\/posts\/22551\/revisions"}],"wp:featuredmedia":[{"embeddable":true,"href":"https:\/\/arcoiris.com.co\/v3\/wp-json\/wp\/v2\/media\/18621"}],"wp:attachment":[{"href":"https:\/\/arcoiris.com.co\/v3\/wp-json\/wp\/v2\/media?parent=22551"}],"wp:term":[{"taxonomy":"category","embeddable":true,"href":"https:\/\/arcoiris.com.co\/v3\/wp-json\/wp\/v2\/categories?post=22551"},{"taxonomy":"post_tag","embeddable":true,"href":"https:\/\/arcoiris.com.co\/v3\/wp-json\/wp\/v2\/tags?post=22551"}],"curies":[{"name":"wp","href":"https:\/\/api.w.org\/{rel}","templated":true}]}}