{"id":22555,"date":"2017-11-16T14:42:37","date_gmt":"2017-11-16T19:42:37","guid":{"rendered":"https:\/\/arcoiris.com.co\/v3\/?p=22555"},"modified":"2019-08-26T15:05:48","modified_gmt":"2019-08-26T20:05:48","slug":"monteria-reclama-su-bailador-de-salsa","status":"publish","type":"post","link":"https:\/\/arcoiris.com.co\/v3\/2017\/11\/monteria-reclama-su-bailador-de-salsa\/","title":{"rendered":"Monter\u00eda reclama su bailador de salsa"},"content":{"rendered":"<div id=\"attachment_22556\" style=\"width: 377px\" class=\"wp-caption alignleft\"><a href=\"https:\/\/arcoiris.com.co\/v3\/wp-content\/uploads\/2017\/11\/Bailador-de-Salsa.jpg\"><img loading=\"lazy\" decoding=\"async\" aria-describedby=\"caption-attachment-22556\" class=\" wp-image-22556\" src=\"https:\/\/arcoiris.com.co\/v3\/wp-content\/uploads\/2017\/11\/Bailador-de-Salsa-640x427.jpg\" alt=\"\" width=\"367\" height=\"245\" srcset=\"https:\/\/arcoiris.com.co\/v3\/wp-content\/uploads\/2017\/11\/Bailador-de-Salsa-640x427.jpg 640w, https:\/\/arcoiris.com.co\/v3\/wp-content\/uploads\/2017\/11\/Bailador-de-Salsa-300x200.jpg 300w, https:\/\/arcoiris.com.co\/v3\/wp-content\/uploads\/2017\/11\/Bailador-de-Salsa-768x512.jpg 768w, https:\/\/arcoiris.com.co\/v3\/wp-content\/uploads\/2017\/11\/Bailador-de-Salsa.jpg 1250w\" sizes=\"(max-width: 367px) 100vw, 367px\" \/><\/a><p id=\"caption-attachment-22556\" class=\"wp-caption-text\">Foto: Ramiro Guzm\u00e1n Arteaga<\/p><\/div>\n<p style=\"text-align: justify;\">Como toda ciudad respetable del Caribe, Monter\u00eda ten\u00eda su bailador de salsa estacionario. De esos que van arrastrando su \u2018carrito de madera con cuatro ruedas de acero\u2019 y se estacionan para bailar una salsa de Richie Rey, Willy Col\u00f3n, Cheo Feliciano o H\u00e9ctor Lavoe.<\/p>\n<p style=\"text-align: justify;\">Pues bien, Julio C\u00e9sar Ramos Morillo, \u00abEl Richie Rey\u00bb (as\u00ed le llamaremos, porque as\u00ed se le conoce) es quien hace parte fundamental de esa tradici\u00f3n y principio b\u00e1sico del Centro de Monter\u00eda. Y hasta se podr\u00eda decir que El Richie Rey, es tambi\u00e9n un servicio p\u00fablico fundamental para que el Centro de la ciudad funcione y fluya con su dinamismo natural hacia el progreso y el desarrollo sostenible.<\/p>\n<p style=\"text-align: justify;\">El mundo moderno est\u00e1 lleno de muchas formas de diversi\u00f3n impuestas por las reglas del mercado, y hasta se puede afirmar que hoy el natural derecho que tenemos los seres humanos de divertirnos cuesta dinero, pero divertirse viendo bailar a El Richie Rey no tiene precio.<\/p>\n<p style=\"text-align: justify;\">Bailar salsa en la calle es tambi\u00e9n una forma de cultura, menos artificiosa y menos pretenciosa, pero m\u00e1s natural, que emerge espont\u00e1neamente de las entra\u00f1as de la vida urbana. Por eso en cierta forma El Richie Rey es para el Centro de Monter\u00eda la forma m\u00e1s simple y b\u00e1sica de una expresi\u00f3n popularmente cultural, pero tambi\u00e9n la m\u00e1s caracterizada y visible.<\/p>\n<p style=\"text-align: justify;\">El caso es que ahora, en medio de esta acelerada evoluci\u00f3n urbana, en Monter\u00eda pretenden quitar al El Richie Rey de la calle 30 con carreras segunda y tercera, donde lleva 43 a\u00f1os vendiendo arranca-muelas bocadillos, diabolines, rosquitas y los dulces criollos m\u00e1s representativos de C\u00f3rdoba.<\/p>\n<p style=\"text-align: justify;\">Hace tres meses alguien dio la orden que deb\u00eda quitar la m\u00fasica y desde entonces no ha vuelto bailar. Y lo cierto es que hasta el momento no se sabe con certeza de d\u00f3nde lleg\u00f3 la orden, porque al final lo que hay es un revoltijo en el que las autoridades se tiran la pelota en medio de \u00f3rdenes y explicaciones. De todas maneras, sea quien sea quien haya dado la orden, al alcalde de Monter\u00eda, al comandante de polic\u00eda y al gerente de Electricaribe es oportuno recordarles que ellos pueden estar ocupando el cargo que se merecen, pero jam\u00e1s podr\u00e1n estar donde siempre ha estado El Richie Rey, es decir, en el Centro de la ciudad bailando salsa. Y no lo podr\u00e1n estar, entre otras cosas, porque casi siempre la sensaci\u00f3n de autoridad y mando que fluye de ellos es incomparable con la alegr\u00eda salsera que fluye del alma de un bailador de salsa en un and\u00e9n de la calle. Es que a las autoridades y a las \u00e9lites de una ciudad no les resulta nada f\u00e1cil identificar este tipo de expresiones culturales que el ciudadano de a pie identifican f\u00e1cilmente porque se gestan y emergen de las mismas entra\u00f1as del pueblo.<\/p>\n<p style=\"text-align: justify;\">El caso es que hora a El Richie Rey le quitaron la m\u00fasica y lo reubicar\u00e1n en un Kiosco, no se sabe si con su salsa o sin su salsa. Y es posible que estar\u00e1 en mejores condiciones locativas, pero tambi\u00e9n dudo que vuelva a ser el mismo. Y no volver\u00e1 a ser el mismo porque ning\u00fan personaje como \u00e9l vuelve a ser el mismo cuando se le reubica en un entorno distinto, porque el Richie est\u00e1, dir\u00edamos, biol\u00f3gicamente adaptado a su sitio del cual se nutre junto con su m\u00fasica y la mirada de quienes andamos a pie. Me temo que es poco lo que alguien pueda hacer por El Riky Rey porque, como dir\u00eda el maestro Estanislao Zuleta, \u201cla cultura de la calle solo cuenta con el cari\u00f1o de la gente, y el cari\u00f1o no es una fuerza pol\u00edtica\u201d, ni pone votos en este pa\u00eds de mojigatos.<\/p>\n<p style=\"text-align: justify;\"><em>Por\u00a0Ramiro Guzm\u00e1n Arteaga<\/em><br \/>\n<em>Comunicador social periodista, Mg en educaci\u00f3n y profesor universitario<\/em><\/p>\n","protected":false},"excerpt":{"rendered":"<p>Como toda ciudad respetable del Caribe, Monter\u00eda ten\u00eda su bailador de salsa estacionario. De esos que van arrastrando su \u2018carrito de madera con cuatro ruedas de acero\u2019 y se estacionan para bailar una salsa de Richie Rey, Willy Col\u00f3n, Cheo Feliciano o H\u00e9ctor Lavoe. Pues bien, Julio C\u00e9sar Ramos Morillo, \u00abEl Richie Rey\u00bb (as\u00ed le [&hellip;]<\/p>\n","protected":false},"author":51,"featured_media":22556,"comment_status":"closed","ping_status":"closed","sticky":false,"template":"","format":"standard","meta":{"_et_pb_use_builder":"","_et_pb_old_content":"","_et_gb_content_width":"","footnotes":""},"categories":[32,5,21],"tags":[],"class_list":["post-22555","post","type-post","status-publish","format-standard","has-post-thumbnail","hentry","category-columnistas","category-comunidad","category-justicia"],"_links":{"self":[{"href":"https:\/\/arcoiris.com.co\/v3\/wp-json\/wp\/v2\/posts\/22555","targetHints":{"allow":["GET"]}}],"collection":[{"href":"https:\/\/arcoiris.com.co\/v3\/wp-json\/wp\/v2\/posts"}],"about":[{"href":"https:\/\/arcoiris.com.co\/v3\/wp-json\/wp\/v2\/types\/post"}],"author":[{"embeddable":true,"href":"https:\/\/arcoiris.com.co\/v3\/wp-json\/wp\/v2\/users\/51"}],"replies":[{"embeddable":true,"href":"https:\/\/arcoiris.com.co\/v3\/wp-json\/wp\/v2\/comments?post=22555"}],"version-history":[{"count":0,"href":"https:\/\/arcoiris.com.co\/v3\/wp-json\/wp\/v2\/posts\/22555\/revisions"}],"wp:featuredmedia":[{"embeddable":true,"href":"https:\/\/arcoiris.com.co\/v3\/wp-json\/wp\/v2\/media\/22556"}],"wp:attachment":[{"href":"https:\/\/arcoiris.com.co\/v3\/wp-json\/wp\/v2\/media?parent=22555"}],"wp:term":[{"taxonomy":"category","embeddable":true,"href":"https:\/\/arcoiris.com.co\/v3\/wp-json\/wp\/v2\/categories?post=22555"},{"taxonomy":"post_tag","embeddable":true,"href":"https:\/\/arcoiris.com.co\/v3\/wp-json\/wp\/v2\/tags?post=22555"}],"curies":[{"name":"wp","href":"https:\/\/api.w.org\/{rel}","templated":true}]}}